{"id":8741,"date":"2023-03-29T19:52:27","date_gmt":"2023-03-29T17:52:27","guid":{"rendered":"https:\/\/agora.xtec.cat\/escolataularodona\/?p=8741"},"modified":"2024-03-05T13:29:13","modified_gmt":"2024-03-05T12:29:13","slug":"racons-daprenentatge-ei3-rotacio-3","status":"publish","type":"post","link":"https:\/\/agora.xtec.cat\/escolataularodona\/p3\/racons-daprenentatge-ei3-rotacio-3\/","title":{"rendered":"Racons d&#8217;aprenentatge EI3 (rotaci\u00f3 3)"},"content":{"rendered":"<p><strong>Rac\u00f3 de llenguatge: <\/strong>Han jugat a posar monedes de colors al damunt de les vocals que tenien escrites a sobre de la taula de llum.<\/p>\n<p><img loading=\"lazy\" decoding=\"async\" class=\"alignnone size-medium wp-image-8754\" src=\"https:\/\/agora.xtec.cat\/escolataularodona\/wp-content\/uploads\/usu722\/2023\/03\/1680024947013-225x300.jpg\" alt=\"\" width=\"225\" height=\"300\" srcset=\"https:\/\/agora.xtec.cat\/escolataularodona\/wp-content\/uploads\/usu722\/2023\/03\/1680024947013-225x300.jpg 225w, https:\/\/agora.xtec.cat\/escolataularodona\/wp-content\/uploads\/usu722\/2023\/03\/1680024947013.jpg 375w\" sizes=\"auto, (max-width: 225px) 100vw, 225px\" \/><\/p>\n<p><strong>Rac\u00f3 de la vida pr\u00e0ctica: <\/strong>En aquest rac\u00f3 les nenes i els nens primer han de tallar fruita i, despr\u00e9s, fer una brotxeta. Durant el rac\u00f3 els hi hem proposat fer seriacions.<\/p>\n<p><img loading=\"lazy\" decoding=\"async\" class=\"alignnone size-medium wp-image-8755\" src=\"https:\/\/agora.xtec.cat\/escolataularodona\/wp-content\/uploads\/usu722\/2023\/03\/1680024789377-300x219.jpg\" alt=\"\" width=\"300\" height=\"219\" srcset=\"https:\/\/agora.xtec.cat\/escolataularodona\/wp-content\/uploads\/usu722\/2023\/03\/1680024789377-300x219.jpg 300w, https:\/\/agora.xtec.cat\/escolataularodona\/wp-content\/uploads\/usu722\/2023\/03\/1680024789377.jpg 604w\" sizes=\"auto, (max-width: 300px) 100vw, 300px\" \/><\/p>\n<p><strong>Rac\u00f3 sensorial: <\/strong>En aquesta proposta han jugat amb pols de mand<span style=\"font-family: inherit;font-size: 1em\">arina i canyella. Treballant aix\u00ed diferents sentits alhora.<\/span><\/p>\n<p><img loading=\"lazy\" decoding=\"async\" class=\"alignnone size-medium wp-image-8760\" src=\"https:\/\/agora.xtec.cat\/escolataularodona\/wp-content\/uploads\/usu722\/2023\/03\/IMG_5281-300x225.jpg\" alt=\"\" width=\"300\" height=\"225\" srcset=\"https:\/\/agora.xtec.cat\/escolataularodona\/wp-content\/uploads\/usu722\/2023\/03\/IMG_5281-300x225.jpg 300w, https:\/\/agora.xtec.cat\/escolataularodona\/wp-content\/uploads\/usu722\/2023\/03\/IMG_5281-200x150.jpg 200w, https:\/\/agora.xtec.cat\/escolataularodona\/wp-content\/uploads\/usu722\/2023\/03\/IMG_5281.jpg 642w\" sizes=\"auto, (max-width: 300px) 100vw, 300px\" \/><\/p>\n<p><strong>Rac\u00f3 matem\u00e0tic: <\/strong><span style=\"text-align: justify\">Han pogut practicar el tra\u00e7 del n\u00famero <\/span><span style=\"text-align: justify\">1\u00a0<\/span><span style=\"text-align: justify\">de diferents maneres (amb cotxes sobre carreteres de fusta, en una foto impresa, en una pissarra Vileda&#8230;).<\/span><\/p>\n<p><img loading=\"lazy\" decoding=\"async\" class=\"alignnone size-medium wp-image-8757\" src=\"https:\/\/agora.xtec.cat\/escolataularodona\/wp-content\/uploads\/usu722\/2023\/03\/1680024947506-226x300.jpg\" alt=\"\" width=\"226\" height=\"300\" srcset=\"https:\/\/agora.xtec.cat\/escolataularodona\/wp-content\/uploads\/usu722\/2023\/03\/1680024947506-226x300.jpg 226w, https:\/\/agora.xtec.cat\/escolataularodona\/wp-content\/uploads\/usu722\/2023\/03\/1680024947506.jpg 282w\" sizes=\"auto, (max-width: 226px) 100vw, 226px\" \/>\u00a0 \u00a0 \u00a0 \u00a0<img loading=\"lazy\" decoding=\"async\" class=\"alignnone size-medium wp-image-8756\" src=\"https:\/\/agora.xtec.cat\/escolataularodona\/wp-content\/uploads\/usu722\/2023\/03\/1680024947274-300x194.jpg\" alt=\"\" width=\"300\" height=\"194\" srcset=\"https:\/\/agora.xtec.cat\/escolataularodona\/wp-content\/uploads\/usu722\/2023\/03\/1680024947274-300x194.jpg 300w, https:\/\/agora.xtec.cat\/escolataularodona\/wp-content\/uploads\/usu722\/2023\/03\/1680024947274.jpg 563w\" sizes=\"auto, (max-width: 300px) 100vw, 300px\" \/><\/p>\n<p><a href=\"https:\/\/agora.xtec.cat\/escolataularodona\/fotografies-e-i-3-anys\/\" target=\"_blank\" rel=\"noopener\">Per veure les fotos cliqueu aqu\u00ed.<\/a><\/p>\n","protected":false},"excerpt":{"rendered":"<p>Rac\u00f3 de llenguatge: Han jugat a posar monedes de colors al damunt de les vocals que tenien escrites a sobre de la taula de llum.<\/p>\n<p>Rac\u00f3 de la vida pr\u00e0ctica: En aquest rac\u00f3 les nenes i els nens primer han de tallar fruita i, despr\u00e9s, fer&hellip;  <a href=\"https:\/\/agora.xtec.cat\/escolataularodona\/p3\/racons-daprenentatge-ei3-rotacio-3\/\" title=\"Read Racons d&#8217;aprenentatge EI3 (rotaci\u00f3 3)\">Llegeix m\u00e9s\u00bb<\/a><\/p>\n","protected":false},"author":18,"featured_media":8755,"comment_status":"closed","ping_status":"closed","sticky":false,"template":"","format":"standard","meta":{"_bbp_topic_count":0,"_bbp_reply_count":0,"_bbp_total_topic_count":0,"_bbp_total_reply_count":0,"_bbp_voice_count":0,"_bbp_anonymous_reply_count":0,"_bbp_topic_count_hidden":0,"_bbp_reply_count_hidden":0,"_bbp_forum_subforum_count":0,"footnotes":""},"categories":[3,77],"tags":[175],"class_list":["post-8741","post","type-post","status-publish","format-standard","has-post-thumbnail","hentry","category-p3","category-inf","tag-2022-2023"],"post_mailing_queue_ids":[],"_links":{"self":[{"href":"https:\/\/agora.xtec.cat\/escolataularodona\/wp-json\/wp\/v2\/posts\/8741","targetHints":{"allow":["GET"]}}],"collection":[{"href":"https:\/\/agora.xtec.cat\/escolataularodona\/wp-json\/wp\/v2\/posts"}],"about":[{"href":"https:\/\/agora.xtec.cat\/escolataularodona\/wp-json\/wp\/v2\/types\/post"}],"author":[{"embeddable":true,"href":"https:\/\/agora.xtec.cat\/escolataularodona\/wp-json\/wp\/v2\/users\/18"}],"replies":[{"embeddable":true,"href":"https:\/\/agora.xtec.cat\/escolataularodona\/wp-json\/wp\/v2\/comments?post=8741"}],"version-history":[{"count":3,"href":"https:\/\/agora.xtec.cat\/escolataularodona\/wp-json\/wp\/v2\/posts\/8741\/revisions"}],"predecessor-version":[{"id":8761,"href":"https:\/\/agora.xtec.cat\/escolataularodona\/wp-json\/wp\/v2\/posts\/8741\/revisions\/8761"}],"wp:featuredmedia":[{"embeddable":true,"href":"https:\/\/agora.xtec.cat\/escolataularodona\/wp-json\/wp\/v2\/media\/8755"}],"wp:attachment":[{"href":"https:\/\/agora.xtec.cat\/escolataularodona\/wp-json\/wp\/v2\/media?parent=8741"}],"wp:term":[{"taxonomy":"category","embeddable":true,"href":"https:\/\/agora.xtec.cat\/escolataularodona\/wp-json\/wp\/v2\/categories?post=8741"},{"taxonomy":"post_tag","embeddable":true,"href":"https:\/\/agora.xtec.cat\/escolataularodona\/wp-json\/wp\/v2\/tags?post=8741"}],"curies":[{"name":"wp","href":"https:\/\/api.w.org\/{rel}","templated":true}]}}