{"id":8710,"date":"2023-02-28T13:08:59","date_gmt":"2023-02-28T12:08:59","guid":{"rendered":"https:\/\/agora.xtec.cat\/escolataularodona\/?p=8710"},"modified":"2024-03-05T13:29:24","modified_gmt":"2024-03-05T12:29:24","slug":"setmana-de-carnestoltes-a-ei5-i-a-ei3","status":"publish","type":"post","link":"https:\/\/agora.xtec.cat\/escolataularodona\/p3\/setmana-de-carnestoltes-a-ei5-i-a-ei3\/","title":{"rendered":"Setmana de Carnestoltes a EI5 i a EI3"},"content":{"rendered":"<p>Aquest curs hem pogut gaudir del Carnestoltes i les seves tradicions com la setmana boja, el dijous gras i la desfilada. El dilluns van arribar el rei i la reina Carnestoltes acompanyats del nostre gegant de l&#8217;escola, El Quirzet. Ens van dir les consignes que hav\u00edem de seguir al llarg de la setmana i tamb\u00e9 van fer un preg\u00f3 ben divertit!<\/p>\n<p>Vam celebrar el dijous gras amb un esmorzar comunitari al pati on, entre tots i totes, vam preparar: estovalles, pa amb tom\u00e0quet i tamb\u00e9 la botifarra. Junts vam compartir l&#8217;esmorzar molt a gust.<\/p>\n<p>El divendres va ser el dia per vestir-se amb la disfressa que cada infant li fes m\u00e9s il\u00b7lusi\u00f3 i lluir-la amb una desfilada i tamb\u00e9 amb un ball ben animat.<\/p>\n<p>Podeu veure el recull de fotos fent clic aqu\u00ed. <a href=\"https:\/\/agora.xtec.cat\/escolataularodona\/fotografies-e-i-3-anys\/\">EI3<\/a> &#8211; <a href=\"https:\/\/agora.xtec.cat\/escolataularodona\/fotografies-e-i-5-anys\/\">EI5<\/a><\/p>\n<p><img loading=\"lazy\" decoding=\"async\" class=\"alignnone wp-image-8712\" src=\"https:\/\/agora.xtec.cat\/escolataularodona\/wp-content\/uploads\/usu722\/2023\/02\/ed75fe6580bca12eb76431640a45783c_L-300x157.jpg\" alt=\"\" width=\"380\" height=\"199\" srcset=\"https:\/\/agora.xtec.cat\/escolataularodona\/wp-content\/uploads\/usu722\/2023\/02\/ed75fe6580bca12eb76431640a45783c_L-300x157.jpg 300w, https:\/\/agora.xtec.cat\/escolataularodona\/wp-content\/uploads\/usu722\/2023\/02\/ed75fe6580bca12eb76431640a45783c_L.jpg 600w\" sizes=\"auto, (max-width: 380px) 100vw, 380px\" \/><\/p>\n","protected":false},"excerpt":{"rendered":"<p>Aquest curs hem pogut gaudir del Carnestoltes i les seves tradicions com la setmana boja, el dijous gras i la desfilada. El dilluns van arribar el rei i la reina Carnestoltes acompanyats del nostre gegant de l&#8217;escola, El Quirzet. Ens van dir les consignes que&hellip;  <a href=\"https:\/\/agora.xtec.cat\/escolataularodona\/p3\/setmana-de-carnestoltes-a-ei5-i-a-ei3\/\" title=\"Read Setmana de Carnestoltes a EI5 i a EI3\">Llegeix m\u00e9s\u00bb<\/a><\/p>\n","protected":false},"author":18,"featured_media":8712,"comment_status":"closed","ping_status":"closed","sticky":false,"template":"","format":"standard","meta":{"_bbp_topic_count":0,"_bbp_reply_count":0,"_bbp_total_topic_count":0,"_bbp_total_reply_count":0,"_bbp_voice_count":0,"_bbp_anonymous_reply_count":0,"_bbp_topic_count_hidden":0,"_bbp_reply_count_hidden":0,"_bbp_forum_subforum_count":0,"footnotes":""},"categories":[3,77],"tags":[175],"class_list":["post-8710","post","type-post","status-publish","format-standard","has-post-thumbnail","hentry","category-p3","category-inf","tag-2022-2023"],"post_mailing_queue_ids":[],"_links":{"self":[{"href":"https:\/\/agora.xtec.cat\/escolataularodona\/wp-json\/wp\/v2\/posts\/8710","targetHints":{"allow":["GET"]}}],"collection":[{"href":"https:\/\/agora.xtec.cat\/escolataularodona\/wp-json\/wp\/v2\/posts"}],"about":[{"href":"https:\/\/agora.xtec.cat\/escolataularodona\/wp-json\/wp\/v2\/types\/post"}],"author":[{"embeddable":true,"href":"https:\/\/agora.xtec.cat\/escolataularodona\/wp-json\/wp\/v2\/users\/18"}],"replies":[{"embeddable":true,"href":"https:\/\/agora.xtec.cat\/escolataularodona\/wp-json\/wp\/v2\/comments?post=8710"}],"version-history":[{"count":3,"href":"https:\/\/agora.xtec.cat\/escolataularodona\/wp-json\/wp\/v2\/posts\/8710\/revisions"}],"predecessor-version":[{"id":8716,"href":"https:\/\/agora.xtec.cat\/escolataularodona\/wp-json\/wp\/v2\/posts\/8710\/revisions\/8716"}],"wp:featuredmedia":[{"embeddable":true,"href":"https:\/\/agora.xtec.cat\/escolataularodona\/wp-json\/wp\/v2\/media\/8712"}],"wp:attachment":[{"href":"https:\/\/agora.xtec.cat\/escolataularodona\/wp-json\/wp\/v2\/media?parent=8710"}],"wp:term":[{"taxonomy":"category","embeddable":true,"href":"https:\/\/agora.xtec.cat\/escolataularodona\/wp-json\/wp\/v2\/categories?post=8710"},{"taxonomy":"post_tag","embeddable":true,"href":"https:\/\/agora.xtec.cat\/escolataularodona\/wp-json\/wp\/v2\/tags?post=8710"}],"curies":[{"name":"wp","href":"https:\/\/api.w.org\/{rel}","templated":true}]}}