{"id":8700,"date":"2023-02-16T17:39:16","date_gmt":"2023-02-16T16:39:16","guid":{"rendered":"https:\/\/agora.xtec.cat\/escolataularodona\/?p=8700"},"modified":"2024-03-05T13:52:56","modified_gmt":"2024-03-05T12:52:56","slug":"creative-street-art","status":"publish","type":"post","link":"https:\/\/agora.xtec.cat\/escolataularodona\/english\/creative-street-art\/","title":{"rendered":"CREATIVE STREET ART!"},"content":{"rendered":"<p><img loading=\"lazy\" decoding=\"async\" class=\"alignnone size-medium wp-image-8701 aligncenter\" src=\"https:\/\/agora.xtec.cat\/escolataularodona\/wp-content\/uploads\/usu722\/2023\/02\/81qgOupc4EL._AC_SL1500_-300x215.jpg\" alt=\"\" width=\"300\" height=\"215\" srcset=\"https:\/\/agora.xtec.cat\/escolataularodona\/wp-content\/uploads\/usu722\/2023\/02\/81qgOupc4EL._AC_SL1500_-300x215.jpg 300w, https:\/\/agora.xtec.cat\/escolataularodona\/wp-content\/uploads\/usu722\/2023\/02\/81qgOupc4EL._AC_SL1500_-1024x733.jpg 1024w, https:\/\/agora.xtec.cat\/escolataularodona\/wp-content\/uploads\/usu722\/2023\/02\/81qgOupc4EL._AC_SL1500_-768x550.jpg 768w, https:\/\/agora.xtec.cat\/escolataularodona\/wp-content\/uploads\/usu722\/2023\/02\/81qgOupc4EL._AC_SL1500_.jpg 1500w\" sizes=\"auto, (max-width: 300px) 100vw, 300px\" \/><\/p>\n<p>Durant aquest curs 2022-2023 com sabeu, comptem amb la col\u00b7laboraci\u00f3 d&#8217;una auxiliar de conversa que ens <span class=\"hiddenGrammarError\">ajuda a que<\/span>\u00a0les nostres din\u00e0miques d&#8217;aula siguin m\u00e9s vivencials i significatives amb la finalitat d&#8217;aprendre la llengua anglesa d&#8217;una manera m\u00e9s natural.<\/p>\n<p>Per tant, us volem compartir una de les activitats que vam realitzar amb l&#8217;alumnat de cicle superior, concretament amb els infants de sis\u00e8.<\/p>\n<p><img loading=\"lazy\" decoding=\"async\" class=\"alignnone size-medium wp-image-8705\" src=\"https:\/\/agora.xtec.cat\/escolataularodona\/wp-content\/uploads\/usu722\/2023\/02\/1-300x225.jpg\" alt=\"\" width=\"300\" height=\"225\" srcset=\"https:\/\/agora.xtec.cat\/escolataularodona\/wp-content\/uploads\/usu722\/2023\/02\/1-300x225.jpg 300w, https:\/\/agora.xtec.cat\/escolataularodona\/wp-content\/uploads\/usu722\/2023\/02\/1-200x150.jpg 200w, https:\/\/agora.xtec.cat\/escolataularodona\/wp-content\/uploads\/usu722\/2023\/02\/1.jpg 591w\" sizes=\"auto, (max-width: 300px) 100vw, 300px\" \/>\u00a0 \u00a0 \u00a0 \u00a0 \u00a0 \u00a0 \u00a0 \u00a0 \u00a0 \u00a0 \u00a0 \u00a0 \u00a0 <img loading=\"lazy\" decoding=\"async\" class=\"alignnone size-medium wp-image-8706\" src=\"https:\/\/agora.xtec.cat\/escolataularodona\/wp-content\/uploads\/usu722\/2023\/02\/4-300x225.jpg\" alt=\"\" width=\"300\" height=\"225\" srcset=\"https:\/\/agora.xtec.cat\/escolataularodona\/wp-content\/uploads\/usu722\/2023\/02\/4-300x225.jpg 300w, https:\/\/agora.xtec.cat\/escolataularodona\/wp-content\/uploads\/usu722\/2023\/02\/4-200x150.jpg 200w, https:\/\/agora.xtec.cat\/escolataularodona\/wp-content\/uploads\/usu722\/2023\/02\/4.jpg 591w\" sizes=\"auto, (max-width: 300px) 100vw, 300px\" \/><\/p>\n<p>L&#8217;activitat consistia\u00a0<span class=\"hiddenGrammarError\">en<\/span>\u00a0dur a terme un taller d&#8217;art urb\u00e0, conegut tamb\u00e9\u00a0<span class=\"hiddenGrammarError\" style=\"padding-bottom: 2px; background-image: url('..\/..\/..\/..\/..\/images\/squiggle.png'); background-position: left bottom; cursor: default; color: #000000; font-family: 'Open Sans', Helvetica, Arial, sans-serif; font-size: 16px; font-style: normal; font-weight: 300; letter-spacing: normal; text-align: start; text-indent: 0px; text-transform: none;\">com<\/span>\u00a0&#8220;<span class=\"hiddenSpellError\">Street<\/span>\u00a0Art&#8221;. Aquest concepte fa refer\u00e8ncia a l&#8217;art del carrer amb totes les seves diverses formes: pintures murals, art en esprai, adhesius, mosaics, escultures, &#8220;Land Art&#8221; Art\u00a0<span class=\"hiddenGrammarError\">desde<\/span>\u00a0la natura, projeccions de v\u00eddeo&#8230;<\/p>\n<p>Vam descobrir que tot l&#8217;alumnat va gaudir creant i personalitzant una gorra. Vam comptar amb la pres\u00e8ncia d&#8217;un artista que ens va acompanyar durant tot el proc\u00e9s de la descoberta del m\u00f3n urb\u00e0.<\/p>\n<p>En tot moment vam estar guiats per l&#8217;Andrea, la nostra auxiliar de conversa, que ens va ajudar a interactuar i seguir les instruccions de l&#8217;activitat amb llengua anglesa. Es va engrescar d&#8217;all\u00f2 m\u00e9s que va voler personalitzar fins i tot la seva pr\u00f2pia gorra!<\/p>\n<p><img loading=\"lazy\" decoding=\"async\" class=\"alignnone size-medium wp-image-8708\" src=\"https:\/\/agora.xtec.cat\/escolataularodona\/wp-content\/uploads\/usu722\/2023\/02\/3-300x225.jpg\" alt=\"\" width=\"300\" height=\"225\" srcset=\"https:\/\/agora.xtec.cat\/escolataularodona\/wp-content\/uploads\/usu722\/2023\/02\/3-300x225.jpg 300w, https:\/\/agora.xtec.cat\/escolataularodona\/wp-content\/uploads\/usu722\/2023\/02\/3-200x150.jpg 200w, https:\/\/agora.xtec.cat\/escolataularodona\/wp-content\/uploads\/usu722\/2023\/02\/3.jpg 591w\" sizes=\"auto, (max-width: 300px) 100vw, 300px\" \/>\u00a0 \u00a0 \u00a0 \u00a0 \u00a0 \u00a0 <img loading=\"lazy\" decoding=\"async\" class=\"alignnone size-medium wp-image-8707\" src=\"https:\/\/agora.xtec.cat\/escolataularodona\/wp-content\/uploads\/usu722\/2023\/02\/2-300x225.jpg\" alt=\"\" width=\"300\" height=\"225\" srcset=\"https:\/\/agora.xtec.cat\/escolataularodona\/wp-content\/uploads\/usu722\/2023\/02\/2-300x225.jpg 300w, https:\/\/agora.xtec.cat\/escolataularodona\/wp-content\/uploads\/usu722\/2023\/02\/2-200x150.jpg 200w, https:\/\/agora.xtec.cat\/escolataularodona\/wp-content\/uploads\/usu722\/2023\/02\/2.jpg 591w\" sizes=\"auto, (max-width: 300px) 100vw, 300px\" \/><\/p>\n<p><a href=\"https:\/\/agora.xtec.cat\/escolataularodona\/fotografies-cicle-superior\/\" target=\"_blank\" rel=\"noopener\">A continuaci\u00f3 us adjuntem unes fotos on podreu visualitzar els moments viscuts.<\/a><\/p>\n<p>&nbsp;<\/p>\n","protected":false},"excerpt":{"rendered":"<p>Durant aquest curs 2022-2023 com sabeu, comptem amb la col\u00b7laboraci\u00f3 d&#8217;una auxiliar de conversa que ens ajuda a que\u00a0les nostres din\u00e0miques d&#8217;aula siguin m\u00e9s vivencials i significatives amb la finalitat d&#8217;aprendre la llengua anglesa d&#8217;una manera m\u00e9s natural.<br \/>\nPer tant, us volem compartir una de les&hellip;  <a href=\"https:\/\/agora.xtec.cat\/escolataularodona\/english\/creative-street-art\/\" title=\"Read CREATIVE STREET ART!\">Llegeix m\u00e9s\u00bb<\/a><\/p>\n","protected":false},"author":18,"featured_media":8702,"comment_status":"closed","ping_status":"closed","sticky":false,"template":"","format":"standard","meta":{"_bbp_topic_count":0,"_bbp_reply_count":0,"_bbp_total_topic_count":0,"_bbp_total_reply_count":0,"_bbp_voice_count":0,"_bbp_anonymous_reply_count":0,"_bbp_topic_count_hidden":0,"_bbp_reply_count_hidden":0,"_bbp_forum_subforum_count":0,"footnotes":""},"categories":[68,176],"tags":[175],"class_list":["post-8700","post","type-post","status-publish","format-standard","has-post-thumbnail","hentry","category-english","category-gep","tag-2022-2023"],"post_mailing_queue_ids":[],"_links":{"self":[{"href":"https:\/\/agora.xtec.cat\/escolataularodona\/wp-json\/wp\/v2\/posts\/8700","targetHints":{"allow":["GET"]}}],"collection":[{"href":"https:\/\/agora.xtec.cat\/escolataularodona\/wp-json\/wp\/v2\/posts"}],"about":[{"href":"https:\/\/agora.xtec.cat\/escolataularodona\/wp-json\/wp\/v2\/types\/post"}],"author":[{"embeddable":true,"href":"https:\/\/agora.xtec.cat\/escolataularodona\/wp-json\/wp\/v2\/users\/18"}],"replies":[{"embeddable":true,"href":"https:\/\/agora.xtec.cat\/escolataularodona\/wp-json\/wp\/v2\/comments?post=8700"}],"version-history":[{"count":3,"href":"https:\/\/agora.xtec.cat\/escolataularodona\/wp-json\/wp\/v2\/posts\/8700\/revisions"}],"predecessor-version":[{"id":8748,"href":"https:\/\/agora.xtec.cat\/escolataularodona\/wp-json\/wp\/v2\/posts\/8700\/revisions\/8748"}],"wp:featuredmedia":[{"embeddable":true,"href":"https:\/\/agora.xtec.cat\/escolataularodona\/wp-json\/wp\/v2\/media\/8702"}],"wp:attachment":[{"href":"https:\/\/agora.xtec.cat\/escolataularodona\/wp-json\/wp\/v2\/media?parent=8700"}],"wp:term":[{"taxonomy":"category","embeddable":true,"href":"https:\/\/agora.xtec.cat\/escolataularodona\/wp-json\/wp\/v2\/categories?post=8700"},{"taxonomy":"post_tag","embeddable":true,"href":"https:\/\/agora.xtec.cat\/escolataularodona\/wp-json\/wp\/v2\/tags?post=8700"}],"curies":[{"name":"wp","href":"https:\/\/api.w.org\/{rel}","templated":true}]}}