{"id":8648,"date":"2022-12-22T17:26:33","date_gmt":"2022-12-22T16:26:33","guid":{"rendered":"https:\/\/agora.xtec.cat\/escolataularodona\/?p=8648"},"modified":"2024-03-05T13:30:34","modified_gmt":"2024-03-05T12:30:34","slug":"experimentacions-ei3","status":"publish","type":"post","link":"https:\/\/agora.xtec.cat\/escolataularodona\/p3\/experimentacions-ei3\/","title":{"rendered":"Experimentacions EI3"},"content":{"rendered":"<p><strong>Experimentaci\u00f3 Carbassa al forn:<\/strong> vam manipular i experimentant amb una nova textura de la qual coneixien de la carbassa, ja que la coneixien dura i estava tova. Han gaudit traient les pipes, xafant, buidant amb culleres, fent masses&#8230;<\/p>\n<p><img loading=\"lazy\" decoding=\"async\" class=\"alignnone size-medium wp-image-8649\" src=\"https:\/\/agora.xtec.cat\/escolataularodona\/wp-content\/uploads\/usu722\/2022\/12\/IMG_0757-300x225.jpg\" alt=\"\" width=\"300\" height=\"225\" srcset=\"https:\/\/agora.xtec.cat\/escolataularodona\/wp-content\/uploads\/usu722\/2022\/12\/IMG_0757-300x225.jpg 300w, https:\/\/agora.xtec.cat\/escolataularodona\/wp-content\/uploads\/usu722\/2022\/12\/IMG_0757-200x150.jpg 200w, https:\/\/agora.xtec.cat\/escolataularodona\/wp-content\/uploads\/usu722\/2022\/12\/IMG_0757.jpg 504w\" sizes=\"auto, (max-width: 300px) 100vw, 300px\" \/>\u00a0<img loading=\"lazy\" decoding=\"async\" class=\"alignnone size-medium wp-image-8650\" src=\"https:\/\/agora.xtec.cat\/escolataularodona\/wp-content\/uploads\/usu722\/2022\/12\/IMG_0926-225x300.jpg\" alt=\"\" width=\"225\" height=\"300\" srcset=\"https:\/\/agora.xtec.cat\/escolataularodona\/wp-content\/uploads\/usu722\/2022\/12\/IMG_0926-225x300.jpg 225w, https:\/\/agora.xtec.cat\/escolataularodona\/wp-content\/uploads\/usu722\/2022\/12\/IMG_0926.jpg 378w\" sizes=\"auto, (max-width: 225px) 100vw, 225px\" \/><\/p>\n<p><strong>Ampolles sensorials de la tardor:\u00a0<\/strong>Per grups vam anar creant les ampolles amb diferents colors i elements de la tardor. La primera amb trossets de fulles, la segona amb blat de moro i castanyes petites, la seg\u00fcent amb glans i l&#8217;\u00faltima amb boletes de paper de seda dels colors t\u00edpics de la tardor.<\/p>\n<p><img loading=\"lazy\" decoding=\"async\" class=\"alignnone size-medium wp-image-8651\" style=\"font-family: inherit; font-size: 1em;\" src=\"https:\/\/agora.xtec.cat\/escolataularodona\/wp-content\/uploads\/usu722\/2022\/12\/IMG_1257-300x225.jpg\" alt=\"\" width=\"300\" height=\"225\" srcset=\"https:\/\/agora.xtec.cat\/escolataularodona\/wp-content\/uploads\/usu722\/2022\/12\/IMG_1257-300x225.jpg 300w, https:\/\/agora.xtec.cat\/escolataularodona\/wp-content\/uploads\/usu722\/2022\/12\/IMG_1257-200x150.jpg 200w, https:\/\/agora.xtec.cat\/escolataularodona\/wp-content\/uploads\/usu722\/2022\/12\/IMG_1257.jpg 504w\" sizes=\"auto, (max-width: 300px) 100vw, 300px\" \/><\/p>\n<p><strong>Fem trufes!:<\/strong> Finalment, amb l\u2019arribada del Nadal, vam elaborar una recepta ben dol\u00e7a i molt bona. Primer, vam explicar els passos a seguir durant la recepta i, despr\u00e8s, els infants, van descobrir diferents maneres de triturar les galetes tant amb estris de cuina, com amb el propi cos: amb les mans, els rodets, el morter, el ganivet, etc.<\/p>\n<p><img loading=\"lazy\" decoding=\"async\" class=\"alignnone size-medium wp-image-8653\" style=\"font-family: inherit; font-size: 1em;\" src=\"https:\/\/agora.xtec.cat\/escolataularodona\/wp-content\/uploads\/usu722\/2022\/12\/IMG_1641-300x225.jpg\" alt=\"\" width=\"300\" height=\"225\" srcset=\"https:\/\/agora.xtec.cat\/escolataularodona\/wp-content\/uploads\/usu722\/2022\/12\/IMG_1641-300x225.jpg 300w, https:\/\/agora.xtec.cat\/escolataularodona\/wp-content\/uploads\/usu722\/2022\/12\/IMG_1641-200x150.jpg 200w, https:\/\/agora.xtec.cat\/escolataularodona\/wp-content\/uploads\/usu722\/2022\/12\/IMG_1641.jpg 504w\" sizes=\"auto, (max-width: 300px) 100vw, 300px\" \/> <span style=\"font-family: inherit; font-size: 1em;\">\u00a0<\/span><img loading=\"lazy\" decoding=\"async\" class=\"alignnone size-medium wp-image-8652\" style=\"font-family: inherit; font-size: 1em;\" src=\"https:\/\/agora.xtec.cat\/escolataularodona\/wp-content\/uploads\/usu722\/2022\/12\/IMG_1520-225x300.jpg\" alt=\"\" width=\"225\" height=\"300\" srcset=\"https:\/\/agora.xtec.cat\/escolataularodona\/wp-content\/uploads\/usu722\/2022\/12\/IMG_1520-225x300.jpg 225w, https:\/\/agora.xtec.cat\/escolataularodona\/wp-content\/uploads\/usu722\/2022\/12\/IMG_1520.jpg 378w\" sizes=\"auto, (max-width: 225px) 100vw, 225px\" \/><span style=\"font-family: inherit; font-size: 1em;\">\u00a0<\/span><\/p>\n<p>Per veure les fotos <a href=\"https:\/\/agora.xtec.cat\/escolataularodona\/fotografies-e-i-3-anys\/\" target=\"_blank\" rel=\"noopener\">cliqueu aqu\u00ed.<\/a><\/p>\n","protected":false},"excerpt":{"rendered":"<p>Experimentaci\u00f3 Carbassa al forn: vam manipular i experimentant amb una nova textura de la qual coneixien de la carbassa, ja que la coneixien dura i estava tova. Han gaudit traient les pipes, xafant, buidant amb culleres, fent masses&#8230;<br \/>\n\u00a0<br \/>\nAmpolles sensorials de la tardor:\u00a0Per grups vam anar&hellip;  <a href=\"https:\/\/agora.xtec.cat\/escolataularodona\/p3\/experimentacions-ei3\/\" title=\"Read Experimentacions EI3\">Llegeix m\u00e9s\u00bb<\/a><\/p>\n","protected":false},"author":18,"featured_media":8650,"comment_status":"closed","ping_status":"closed","sticky":false,"template":"","format":"standard","meta":{"_bbp_topic_count":0,"_bbp_reply_count":0,"_bbp_total_topic_count":0,"_bbp_total_reply_count":0,"_bbp_voice_count":0,"_bbp_anonymous_reply_count":0,"_bbp_topic_count_hidden":0,"_bbp_reply_count_hidden":0,"_bbp_forum_subforum_count":0,"footnotes":""},"categories":[3,77],"tags":[175],"class_list":["post-8648","post","type-post","status-publish","format-standard","has-post-thumbnail","hentry","category-p3","category-inf","tag-2022-2023"],"post_mailing_queue_ids":[],"_links":{"self":[{"href":"https:\/\/agora.xtec.cat\/escolataularodona\/wp-json\/wp\/v2\/posts\/8648","targetHints":{"allow":["GET"]}}],"collection":[{"href":"https:\/\/agora.xtec.cat\/escolataularodona\/wp-json\/wp\/v2\/posts"}],"about":[{"href":"https:\/\/agora.xtec.cat\/escolataularodona\/wp-json\/wp\/v2\/types\/post"}],"author":[{"embeddable":true,"href":"https:\/\/agora.xtec.cat\/escolataularodona\/wp-json\/wp\/v2\/users\/18"}],"replies":[{"embeddable":true,"href":"https:\/\/agora.xtec.cat\/escolataularodona\/wp-json\/wp\/v2\/comments?post=8648"}],"version-history":[{"count":3,"href":"https:\/\/agora.xtec.cat\/escolataularodona\/wp-json\/wp\/v2\/posts\/8648\/revisions"}],"predecessor-version":[{"id":8669,"href":"https:\/\/agora.xtec.cat\/escolataularodona\/wp-json\/wp\/v2\/posts\/8648\/revisions\/8669"}],"wp:featuredmedia":[{"embeddable":true,"href":"https:\/\/agora.xtec.cat\/escolataularodona\/wp-json\/wp\/v2\/media\/8650"}],"wp:attachment":[{"href":"https:\/\/agora.xtec.cat\/escolataularodona\/wp-json\/wp\/v2\/media?parent=8648"}],"wp:term":[{"taxonomy":"category","embeddable":true,"href":"https:\/\/agora.xtec.cat\/escolataularodona\/wp-json\/wp\/v2\/categories?post=8648"},{"taxonomy":"post_tag","embeddable":true,"href":"https:\/\/agora.xtec.cat\/escolataularodona\/wp-json\/wp\/v2\/tags?post=8648"}],"curies":[{"name":"wp","href":"https:\/\/api.w.org\/{rel}","templated":true}]}}