{"id":8642,"date":"2022-12-22T17:29:50","date_gmt":"2022-12-22T16:29:50","guid":{"rendered":"https:\/\/agora.xtec.cat\/escolataularodona\/?p=8642"},"modified":"2024-03-05T13:30:28","modified_gmt":"2024-03-05T12:30:28","slug":"racons-daprenentatge-ei-3","status":"publish","type":"post","link":"https:\/\/agora.xtec.cat\/escolataularodona\/p3\/racons-daprenentatge-ei-3\/","title":{"rendered":"Racons d&#8217;aprenentatge EI 3 (rotaci\u00f3 1)"},"content":{"rendered":"<p><strong>Rac\u00f3 de llenguatge: <\/strong>En aquest rac\u00f3 les nenes i els nens han pintat amb aquarel\u00b7les la inicial del seu nom i d&#8217;aquesta manera, van sent conscients de les lletres que formen el seu nom.<\/p>\n<p><img loading=\"lazy\" decoding=\"async\" class=\"alignnone size-medium wp-image-8643\" src=\"https:\/\/agora.xtec.cat\/escolataularodona\/wp-content\/uploads\/usu722\/2022\/12\/1671458152411-300x232.jpg\" alt=\"\" width=\"300\" height=\"232\" srcset=\"https:\/\/agora.xtec.cat\/escolataularodona\/wp-content\/uploads\/usu722\/2022\/12\/1671458152411-300x232.jpg 300w, https:\/\/agora.xtec.cat\/escolataularodona\/wp-content\/uploads\/usu722\/2022\/12\/1671458152411.jpg 563w\" sizes=\"auto, (max-width: 300px) 100vw, 300px\" \/><\/p>\n<p><strong>Rac\u00f3 de la vida pr\u00e0ctica: <\/strong>Aquest rac\u00f3 busca preparar als infants per a les experi\u00e8ncies de la vida quotidiana. La finalitat \u00e9s desenvolupar l\u2019autonomia, la seguretat, la coordinaci\u00f3, la confian\u00e7a en un mateix&#8230;\u00a0 S&#8217;han trobat diferents tovallons i els havien de doblegar segons el tipus. D&#8217;aquesta manera a l&#8217;hora d&#8217;esmorzar comen\u00e7aran a doblegar els seus tovallons.<\/p>\n<p><img loading=\"lazy\" decoding=\"async\" class=\"alignnone size-medium wp-image-8645\" src=\"https:\/\/agora.xtec.cat\/escolataularodona\/wp-content\/uploads\/usu722\/2022\/12\/IMG_0215-300x224.jpg\" alt=\"\" width=\"300\" height=\"224\" srcset=\"https:\/\/agora.xtec.cat\/escolataularodona\/wp-content\/uploads\/usu722\/2022\/12\/IMG_0215-300x224.jpg 300w, https:\/\/agora.xtec.cat\/escolataularodona\/wp-content\/uploads\/usu722\/2022\/12\/IMG_0215-200x150.jpg 200w, https:\/\/agora.xtec.cat\/escolataularodona\/wp-content\/uploads\/usu722\/2022\/12\/IMG_0215.jpg 665w\" sizes=\"auto, (max-width: 300px) 100vw, 300px\" \/><\/p>\n<p><strong>Rac\u00f3 sensorial i creatiu:<\/strong> Les nenes i els nens s\u2019han trobat amb espuma d\u2019afaitar a la taula. En primer lloc, han manipulat i escampat l\u2019espuma i, finalment, els hem proposat fer dibuix lliure, d\u2019aquesta manera, van dominant el tra\u00e7. Per tancar el rac\u00f3, han netejat la taula.<\/p>\n<p><img loading=\"lazy\" decoding=\"async\" class=\"alignnone size-medium wp-image-8646\" src=\"https:\/\/agora.xtec.cat\/escolataularodona\/wp-content\/uploads\/usu722\/2022\/12\/IMG_0378-300x260.jpg\" alt=\"\" width=\"300\" height=\"260\" srcset=\"https:\/\/agora.xtec.cat\/escolataularodona\/wp-content\/uploads\/usu722\/2022\/12\/IMG_0378-300x260.jpg 300w, https:\/\/agora.xtec.cat\/escolataularodona\/wp-content\/uploads\/usu722\/2022\/12\/IMG_0378.jpg 756w\" sizes=\"auto, (max-width: 300px) 100vw, 300px\" \/><\/p>\n<p><strong>Rac\u00f3 matem\u00e0tic i sensorial: <\/strong>Els infants s&#8217;han trobat amb unes safates sensorials amb arr\u00f2s i diferents elements de l&#8217;estaci\u00f3 de la tardor i amb una s\u00e8rie d\u2019estris on poden gaudir fent transvasaments, creacions i tota mena d\u2019experimentacions. I per finalitzar el rac\u00f3, se&#8217;ls hi ha proposat classificar els diferents elements.<\/p>\n<p><img loading=\"lazy\" decoding=\"async\" class=\"alignnone size-medium wp-image-8644\" src=\"https:\/\/agora.xtec.cat\/escolataularodona\/wp-content\/uploads\/usu722\/2022\/12\/1671458152561-300x219.jpg\" alt=\"\" width=\"300\" height=\"219\" srcset=\"https:\/\/agora.xtec.cat\/escolataularodona\/wp-content\/uploads\/usu722\/2022\/12\/1671458152561-300x219.jpg 300w, https:\/\/agora.xtec.cat\/escolataularodona\/wp-content\/uploads\/usu722\/2022\/12\/1671458152561.jpg 563w\" sizes=\"auto, (max-width: 300px) 100vw, 300px\" \/><\/p>\n<p><a href=\"https:\/\/agora.xtec.cat\/escolataularodona\/fotografies-e-i-3-anys\/\" target=\"_blank\" rel=\"noopener\">Per veure les fotos cliqueu aqu\u00ed.<\/a><\/p>\n","protected":false},"excerpt":{"rendered":"<p>Rac\u00f3 de llenguatge: En aquest rac\u00f3 les nenes i els nens han pintat amb aquarel\u00b7les la inicial del seu nom i d&#8217;aquesta manera, van sent conscients de les lletres que formen el seu nom.<\/p>\n<p>Rac\u00f3 de la vida pr\u00e0ctica: Aquest rac\u00f3 busca preparar als infants per&hellip;  <a href=\"https:\/\/agora.xtec.cat\/escolataularodona\/p3\/racons-daprenentatge-ei-3\/\" title=\"Read Racons d&#8217;aprenentatge EI 3 (rotaci\u00f3 1)\">Llegeix m\u00e9s\u00bb<\/a><\/p>\n","protected":false},"author":18,"featured_media":8644,"comment_status":"closed","ping_status":"closed","sticky":false,"template":"","format":"standard","meta":{"_bbp_topic_count":0,"_bbp_reply_count":0,"_bbp_total_topic_count":0,"_bbp_total_reply_count":0,"_bbp_voice_count":0,"_bbp_anonymous_reply_count":0,"_bbp_topic_count_hidden":0,"_bbp_reply_count_hidden":0,"_bbp_forum_subforum_count":0,"footnotes":""},"categories":[3,77],"tags":[175],"class_list":["post-8642","post","type-post","status-publish","format-standard","has-post-thumbnail","hentry","category-p3","category-inf","tag-2022-2023"],"post_mailing_queue_ids":[],"_links":{"self":[{"href":"https:\/\/agora.xtec.cat\/escolataularodona\/wp-json\/wp\/v2\/posts\/8642","targetHints":{"allow":["GET"]}}],"collection":[{"href":"https:\/\/agora.xtec.cat\/escolataularodona\/wp-json\/wp\/v2\/posts"}],"about":[{"href":"https:\/\/agora.xtec.cat\/escolataularodona\/wp-json\/wp\/v2\/types\/post"}],"author":[{"embeddable":true,"href":"https:\/\/agora.xtec.cat\/escolataularodona\/wp-json\/wp\/v2\/users\/18"}],"replies":[{"embeddable":true,"href":"https:\/\/agora.xtec.cat\/escolataularodona\/wp-json\/wp\/v2\/comments?post=8642"}],"version-history":[{"count":3,"href":"https:\/\/agora.xtec.cat\/escolataularodona\/wp-json\/wp\/v2\/posts\/8642\/revisions"}],"predecessor-version":[{"id":8740,"href":"https:\/\/agora.xtec.cat\/escolataularodona\/wp-json\/wp\/v2\/posts\/8642\/revisions\/8740"}],"wp:featuredmedia":[{"embeddable":true,"href":"https:\/\/agora.xtec.cat\/escolataularodona\/wp-json\/wp\/v2\/media\/8644"}],"wp:attachment":[{"href":"https:\/\/agora.xtec.cat\/escolataularodona\/wp-json\/wp\/v2\/media?parent=8642"}],"wp:term":[{"taxonomy":"category","embeddable":true,"href":"https:\/\/agora.xtec.cat\/escolataularodona\/wp-json\/wp\/v2\/categories?post=8642"},{"taxonomy":"post_tag","embeddable":true,"href":"https:\/\/agora.xtec.cat\/escolataularodona\/wp-json\/wp\/v2\/tags?post=8642"}],"curies":[{"name":"wp","href":"https:\/\/api.w.org\/{rel}","templated":true}]}}