{"id":8551,"date":"2022-11-11T12:43:45","date_gmt":"2022-11-11T11:43:45","guid":{"rendered":"https:\/\/agora.xtec.cat\/escolataularodona\/?p=8551"},"modified":"2024-03-05T13:32:27","modified_gmt":"2024-03-05T12:32:27","slug":"castanyada-a-ei","status":"publish","type":"post","link":"https:\/\/agora.xtec.cat\/escolataularodona\/inf\/castanyada-a-ei\/","title":{"rendered":"CASTANYADA A EI"},"content":{"rendered":"<p>A Eduacaci\u00f3 Infantil aquest any hem pogut gaudir d&#8217;una Castanyada conjunta. Hem pogut compartir estones de balls, jocs i contes. Tamb\u00e9 ens hem disfressat de castanyeres, castanyers i d&#8217;algun tema caracter\u00edstic de la tardor.<\/p>\n<p>Us deixem l&#8217;enlla\u00e7 perqu\u00e8 pugueu veure les fotos i v\u00eddeos. <a href=\"https:\/\/agora.xtec.cat\/escolataularodona\/fotografies-e-i-3-anys\/\" target=\"_blank\" rel=\"noopener\">EI3<\/a> &#8211; <a href=\"https:\/\/agora.xtec.cat\/escolataularodona\/fotografies-e-i-4-anys\/\" target=\"_blank\" rel=\"noopener\">EI4<\/a> &#8211;<a href=\"https:\/\/agora.xtec.cat\/escolataularodona\/fotografies-e-i-5-anys\/\" target=\"_blank\" rel=\"noopener\"> EI5<\/a><\/p>\n<p>Esperem que us agradin molt<\/p>\n<p><img loading=\"lazy\" decoding=\"async\" class=\"alignnone size-medium wp-image-8552\" src=\"https:\/\/agora.xtec.cat\/escolataularodona\/wp-content\/uploads\/usu722\/2022\/11\/castanyera-300x256.jpg\" alt=\"\" width=\"300\" height=\"256\" srcset=\"https:\/\/agora.xtec.cat\/escolataularodona\/wp-content\/uploads\/usu722\/2022\/11\/castanyera-300x256.jpg 300w, https:\/\/agora.xtec.cat\/escolataularodona\/wp-content\/uploads\/usu722\/2022\/11\/castanyera.jpg 420w\" sizes=\"auto, (max-width: 300px) 100vw, 300px\" \/><\/p>\n","protected":false},"excerpt":{"rendered":"<p>A Eduacaci\u00f3 Infantil aquest any hem pogut gaudir d&#8217;una Castanyada conjunta. Hem pogut compartir estones de balls, jocs i contes. Tamb\u00e9 ens hem disfressat de castanyeres, castanyers i d&#8217;algun tema caracter\u00edstic de la tardor.<br \/>\nUs deixem l&#8217;enlla\u00e7 perqu\u00e8 pugueu veure les fotos i v\u00eddeos. <a href=\"https:\/\/agora.xtec.cat\/escolataularodona\/fotografies-e-i-3-anys\/\"&hellip;  <a href=\"https:\/\/agora.xtec.cat\/escolataularodona\/inf\/castanyada-a-ei\/\" title=\"Read CASTANYADA A EI\">Llegeix m\u00e9s\u00bb<\/a><\/p>\n","protected":false},"author":18,"featured_media":8552,"comment_status":"closed","ping_status":"closed","sticky":false,"template":"","format":"standard","meta":{"_bbp_topic_count":0,"_bbp_reply_count":0,"_bbp_total_topic_count":0,"_bbp_total_reply_count":0,"_bbp_voice_count":0,"_bbp_anonymous_reply_count":0,"_bbp_topic_count_hidden":0,"_bbp_reply_count_hidden":0,"_bbp_forum_subforum_count":0,"footnotes":""},"categories":[77],"tags":[175],"class_list":["post-8551","post","type-post","status-publish","format-standard","has-post-thumbnail","hentry","category-inf","tag-2022-2023"],"post_mailing_queue_ids":[],"_links":{"self":[{"href":"https:\/\/agora.xtec.cat\/escolataularodona\/wp-json\/wp\/v2\/posts\/8551","targetHints":{"allow":["GET"]}}],"collection":[{"href":"https:\/\/agora.xtec.cat\/escolataularodona\/wp-json\/wp\/v2\/posts"}],"about":[{"href":"https:\/\/agora.xtec.cat\/escolataularodona\/wp-json\/wp\/v2\/types\/post"}],"author":[{"embeddable":true,"href":"https:\/\/agora.xtec.cat\/escolataularodona\/wp-json\/wp\/v2\/users\/18"}],"replies":[{"embeddable":true,"href":"https:\/\/agora.xtec.cat\/escolataularodona\/wp-json\/wp\/v2\/comments?post=8551"}],"version-history":[{"count":3,"href":"https:\/\/agora.xtec.cat\/escolataularodona\/wp-json\/wp\/v2\/posts\/8551\/revisions"}],"predecessor-version":[{"id":8561,"href":"https:\/\/agora.xtec.cat\/escolataularodona\/wp-json\/wp\/v2\/posts\/8551\/revisions\/8561"}],"wp:featuredmedia":[{"embeddable":true,"href":"https:\/\/agora.xtec.cat\/escolataularodona\/wp-json\/wp\/v2\/media\/8552"}],"wp:attachment":[{"href":"https:\/\/agora.xtec.cat\/escolataularodona\/wp-json\/wp\/v2\/media?parent=8551"}],"wp:term":[{"taxonomy":"category","embeddable":true,"href":"https:\/\/agora.xtec.cat\/escolataularodona\/wp-json\/wp\/v2\/categories?post=8551"},{"taxonomy":"post_tag","embeddable":true,"href":"https:\/\/agora.xtec.cat\/escolataularodona\/wp-json\/wp\/v2\/tags?post=8551"}],"curies":[{"name":"wp","href":"https:\/\/api.w.org\/{rel}","templated":true}]}}