{"id":8529,"date":"2022-11-11T15:12:51","date_gmt":"2022-11-11T14:12:51","guid":{"rendered":"https:\/\/agora.xtec.cat\/escolataularodona\/?p=8529"},"modified":"2024-03-05T13:32:18","modified_gmt":"2024-03-05T12:32:18","slug":"sortida-al-parc-de-la-betzuca-ei4-22-23","status":"publish","type":"post","link":"https:\/\/agora.xtec.cat\/escolataularodona\/inf\/sortida-al-parc-de-la-betzuca-ei4-22-23\/","title":{"rendered":"Sortida al parc de la Betzuca EI4 22-23"},"content":{"rendered":"<p>Bona tarda fam\u00edlies,<\/p>\n<p>El dimecres 9 de novembre les nenes i els nens d&#8217;E.I 4 vam fer una sortida al parc de la Betzuca. Primer vam sortir pel bosquet de darrera de l&#8217;escola que rodeja Sant Quirze i ens vam poder fixar en els canvis de paisatge que acompanyen la tardor. Despr\u00e8s de fer una gran caminada, ja vam arribar al parc. Un cop all\u00e0, ens vam asseure en una gran rotllana amb tota la fam\u00edlia d&#8217;EI4 i vam esmorzar juntes. Despr\u00e8s d&#8217;esmorzar, ens vam convertir en exploradores i exploradors i vam buscar elements de la tardor pel bosc i el vam guardar en bosses per portar a l&#8217;escola. Per acabar, vam caminar una mica m\u00e9s per arribar a un parc que han fet nou on hi ha gronxadors, tobogans de tot tipus i, fins i tot, un espai per fer salts. Finalment, vam fer una \u00faltima empenta per arribar a l&#8217;escola creuant per Sant Quirze. Ens ho vam passar d&#8217;all\u00f2 m\u00e9s b\u00e9!<\/p>\n<p>Si voleu veure m\u00e9s fotos <a href=\"https:\/\/agora.xtec.cat\/escolataularodona\/fotografies-e-i-4-anys\/\" target=\"_blank\" rel=\"noopener\">feu clic aqu\u00ed!<\/a><\/p>\n<p><img loading=\"lazy\" decoding=\"async\" class=\"alignnone size-medium wp-image-8533\" src=\"https:\/\/agora.xtec.cat\/escolataularodona\/wp-content\/uploads\/usu722\/2022\/11\/IMG-20221110-WA0021-225x300.jpg\" alt=\"\" width=\"225\" height=\"300\" srcset=\"https:\/\/agora.xtec.cat\/escolataularodona\/wp-content\/uploads\/usu722\/2022\/11\/IMG-20221110-WA0021-225x300.jpg 225w, https:\/\/agora.xtec.cat\/escolataularodona\/wp-content\/uploads\/usu722\/2022\/11\/IMG-20221110-WA0021.jpg 769w\" sizes=\"auto, (max-width: 225px) 100vw, 225px\" \/><img loading=\"lazy\" decoding=\"async\" class=\"alignnone size-medium wp-image-8530\" src=\"https:\/\/agora.xtec.cat\/escolataularodona\/wp-content\/uploads\/usu722\/2022\/11\/20221109_103646-225x300.jpg\" alt=\"\" width=\"225\" height=\"300\" srcset=\"https:\/\/agora.xtec.cat\/escolataularodona\/wp-content\/uploads\/usu722\/2022\/11\/20221109_103646-225x300.jpg 225w, https:\/\/agora.xtec.cat\/escolataularodona\/wp-content\/uploads\/usu722\/2022\/11\/20221109_103646-768x1024.jpg 768w, https:\/\/agora.xtec.cat\/escolataularodona\/wp-content\/uploads\/usu722\/2022\/11\/20221109_103646-1152x1536.jpg 1152w, https:\/\/agora.xtec.cat\/escolataularodona\/wp-content\/uploads\/usu722\/2022\/11\/20221109_103646-1536x2048.jpg 1536w, https:\/\/agora.xtec.cat\/escolataularodona\/wp-content\/uploads\/usu722\/2022\/11\/20221109_103646.jpg 1734w\" sizes=\"auto, (max-width: 225px) 100vw, 225px\" \/><img loading=\"lazy\" decoding=\"async\" class=\"alignnone size-medium wp-image-8532\" src=\"https:\/\/agora.xtec.cat\/escolataularodona\/wp-content\/uploads\/usu722\/2022\/11\/IMG_20221109_103241-260x300.jpg\" alt=\"\" width=\"260\" height=\"300\" srcset=\"https:\/\/agora.xtec.cat\/escolataularodona\/wp-content\/uploads\/usu722\/2022\/11\/IMG_20221109_103241-260x300.jpg 260w, https:\/\/agora.xtec.cat\/escolataularodona\/wp-content\/uploads\/usu722\/2022\/11\/IMG_20221109_103241-886x1024.jpg 886w, https:\/\/agora.xtec.cat\/escolataularodona\/wp-content\/uploads\/usu722\/2022\/11\/IMG_20221109_103241-768x888.jpg 768w, https:\/\/agora.xtec.cat\/escolataularodona\/wp-content\/uploads\/usu722\/2022\/11\/IMG_20221109_103241-1329x1536.jpg 1329w, https:\/\/agora.xtec.cat\/escolataularodona\/wp-content\/uploads\/usu722\/2022\/11\/IMG_20221109_103241.jpg 1425w\" sizes=\"auto, (max-width: 260px) 100vw, 260px\" \/><img loading=\"lazy\" decoding=\"async\" class=\"alignnone size-medium wp-image-8534\" style=\"font-family: inherit; font-size: 1em;\" src=\"https:\/\/agora.xtec.cat\/escolataularodona\/wp-content\/uploads\/usu722\/2022\/11\/IMG-20221110-WA0027-272x300.jpg\" alt=\"\" width=\"272\" height=\"300\" srcset=\"https:\/\/agora.xtec.cat\/escolataularodona\/wp-content\/uploads\/usu722\/2022\/11\/IMG-20221110-WA0027-272x300.jpg 272w, https:\/\/agora.xtec.cat\/escolataularodona\/wp-content\/uploads\/usu722\/2022\/11\/IMG-20221110-WA0027.jpg 697w\" sizes=\"auto, (max-width: 272px) 100vw, 272px\" \/><img loading=\"lazy\" decoding=\"async\" class=\"alignnone size-medium wp-image-8531\" style=\"font-family: inherit; font-size: 1em;\" src=\"https:\/\/agora.xtec.cat\/escolataularodona\/wp-content\/uploads\/usu722\/2022\/11\/IMG_20221109_110629-224x300.jpg\" alt=\"\" width=\"224\" height=\"300\" srcset=\"https:\/\/agora.xtec.cat\/escolataularodona\/wp-content\/uploads\/usu722\/2022\/11\/IMG_20221109_110629-224x300.jpg 224w, https:\/\/agora.xtec.cat\/escolataularodona\/wp-content\/uploads\/usu722\/2022\/11\/IMG_20221109_110629-766x1024.jpg 766w, https:\/\/agora.xtec.cat\/escolataularodona\/wp-content\/uploads\/usu722\/2022\/11\/IMG_20221109_110629-768x1026.jpg 768w, https:\/\/agora.xtec.cat\/escolataularodona\/wp-content\/uploads\/usu722\/2022\/11\/IMG_20221109_110629-1149x1536.jpg 1149w, https:\/\/agora.xtec.cat\/escolataularodona\/wp-content\/uploads\/usu722\/2022\/11\/IMG_20221109_110629-1532x2048.jpg 1532w, https:\/\/agora.xtec.cat\/escolataularodona\/wp-content\/uploads\/usu722\/2022\/11\/IMG_20221109_110629.jpg 1736w\" sizes=\"auto, (max-width: 224px) 100vw, 224px\" \/><span style=\"font-family: inherit; font-size: 1em;\">\u00a0<\/span><span style=\"font-family: inherit; font-size: 1em;\">\u00a0<\/span><\/p>\n","protected":false},"excerpt":{"rendered":"<p>Bona tarda fam\u00edlies,<br \/>\nEl dimecres 9 de novembre les nenes i els nens d&#8217;E.I 4 vam fer una sortida al parc de la Betzuca. Primer vam sortir pel bosquet de darrera de l&#8217;escola que rodeja Sant Quirze i ens vam poder fixar en els canvis de&hellip;  <a href=\"https:\/\/agora.xtec.cat\/escolataularodona\/inf\/sortida-al-parc-de-la-betzuca-ei4-22-23\/\" title=\"Read Sortida al parc de la Betzuca EI4 22-23\">Llegeix m\u00e9s\u00bb<\/a><\/p>\n","protected":false},"author":18,"featured_media":8533,"comment_status":"closed","ping_status":"closed","sticky":false,"template":"","format":"standard","meta":{"_bbp_topic_count":0,"_bbp_reply_count":0,"_bbp_total_topic_count":0,"_bbp_total_reply_count":0,"_bbp_voice_count":0,"_bbp_anonymous_reply_count":0,"_bbp_topic_count_hidden":0,"_bbp_reply_count_hidden":0,"_bbp_forum_subforum_count":0,"footnotes":""},"categories":[77],"tags":[175],"class_list":["post-8529","post","type-post","status-publish","format-standard","has-post-thumbnail","hentry","category-inf","tag-2022-2023"],"post_mailing_queue_ids":[],"_links":{"self":[{"href":"https:\/\/agora.xtec.cat\/escolataularodona\/wp-json\/wp\/v2\/posts\/8529","targetHints":{"allow":["GET"]}}],"collection":[{"href":"https:\/\/agora.xtec.cat\/escolataularodona\/wp-json\/wp\/v2\/posts"}],"about":[{"href":"https:\/\/agora.xtec.cat\/escolataularodona\/wp-json\/wp\/v2\/types\/post"}],"author":[{"embeddable":true,"href":"https:\/\/agora.xtec.cat\/escolataularodona\/wp-json\/wp\/v2\/users\/18"}],"replies":[{"embeddable":true,"href":"https:\/\/agora.xtec.cat\/escolataularodona\/wp-json\/wp\/v2\/comments?post=8529"}],"version-history":[{"count":3,"href":"https:\/\/agora.xtec.cat\/escolataularodona\/wp-json\/wp\/v2\/posts\/8529\/revisions"}],"predecessor-version":[{"id":8548,"href":"https:\/\/agora.xtec.cat\/escolataularodona\/wp-json\/wp\/v2\/posts\/8529\/revisions\/8548"}],"wp:featuredmedia":[{"embeddable":true,"href":"https:\/\/agora.xtec.cat\/escolataularodona\/wp-json\/wp\/v2\/media\/8533"}],"wp:attachment":[{"href":"https:\/\/agora.xtec.cat\/escolataularodona\/wp-json\/wp\/v2\/media?parent=8529"}],"wp:term":[{"taxonomy":"category","embeddable":true,"href":"https:\/\/agora.xtec.cat\/escolataularodona\/wp-json\/wp\/v2\/categories?post=8529"},{"taxonomy":"post_tag","embeddable":true,"href":"https:\/\/agora.xtec.cat\/escolataularodona\/wp-json\/wp\/v2\/tags?post=8529"}],"curies":[{"name":"wp","href":"https:\/\/api.w.org\/{rel}","templated":true}]}}