{"id":8476,"date":"2022-10-28T18:04:29","date_gmt":"2022-10-28T16:04:29","guid":{"rendered":"https:\/\/agora.xtec.cat\/escolataularodona\/?p=8476"},"modified":"2024-03-05T13:32:36","modified_gmt":"2024-03-05T12:32:36","slug":"ei4-proposta-sensorial-el-laboratori-de-les-bruixes-i-els-bruixots","status":"publish","type":"post","link":"https:\/\/agora.xtec.cat\/escolataularodona\/inf\/ei4-proposta-sensorial-el-laboratori-de-les-bruixes-i-els-bruixots\/","title":{"rendered":"EI4. Proposta sensorial"},"content":{"rendered":"<p><img loading=\"lazy\" decoding=\"async\" class=\"alignnone size-medium wp-image-8478\" src=\"https:\/\/agora.xtec.cat\/escolataularodona\/wp-content\/uploads\/usu722\/2022\/10\/el-laboratori-de-les-bruixes-i-els-bruixots-300x169.jpg\" alt=\"\" width=\"300\" height=\"169\" srcset=\"https:\/\/agora.xtec.cat\/escolataularodona\/wp-content\/uploads\/usu722\/2022\/10\/el-laboratori-de-les-bruixes-i-els-bruixots-300x169.jpg 300w, https:\/\/agora.xtec.cat\/escolataularodona\/wp-content\/uploads\/usu722\/2022\/10\/el-laboratori-de-les-bruixes-i-els-bruixots-1024x576.jpg 1024w, https:\/\/agora.xtec.cat\/escolataularodona\/wp-content\/uploads\/usu722\/2022\/10\/el-laboratori-de-les-bruixes-i-els-bruixots-768x432.jpg 768w, https:\/\/agora.xtec.cat\/escolataularodona\/wp-content\/uploads\/usu722\/2022\/10\/el-laboratori-de-les-bruixes-i-els-bruixots-1536x864.jpg 1536w, https:\/\/agora.xtec.cat\/escolataularodona\/wp-content\/uploads\/usu722\/2022\/10\/el-laboratori-de-les-bruixes-i-els-bruixots.jpg 1920w\" sizes=\"auto, (max-width: 300px) 100vw, 300px\" \/> <img loading=\"lazy\" decoding=\"async\" class=\"alignnone size-medium wp-image-8479\" src=\"https:\/\/agora.xtec.cat\/escolataularodona\/wp-content\/uploads\/usu722\/2022\/10\/el-laboratori-de-les-bruixes-i-els-bruixots-1-300x169.jpg\" alt=\"\" width=\"300\" height=\"169\" srcset=\"https:\/\/agora.xtec.cat\/escolataularodona\/wp-content\/uploads\/usu722\/2022\/10\/el-laboratori-de-les-bruixes-i-els-bruixots-1-300x169.jpg 300w, https:\/\/agora.xtec.cat\/escolataularodona\/wp-content\/uploads\/usu722\/2022\/10\/el-laboratori-de-les-bruixes-i-els-bruixots-1-1024x576.jpg 1024w, https:\/\/agora.xtec.cat\/escolataularodona\/wp-content\/uploads\/usu722\/2022\/10\/el-laboratori-de-les-bruixes-i-els-bruixots-1-768x432.jpg 768w, https:\/\/agora.xtec.cat\/escolataularodona\/wp-content\/uploads\/usu722\/2022\/10\/el-laboratori-de-les-bruixes-i-els-bruixots-1-1536x864.jpg 1536w, https:\/\/agora.xtec.cat\/escolataularodona\/wp-content\/uploads\/usu722\/2022\/10\/el-laboratori-de-les-bruixes-i-els-bruixots-1.jpg 1920w\" sizes=\"auto, (max-width: 300px) 100vw, 300px\" \/><\/p>\n<p><span style=\"font-weight: 400\">Cada setmana planifiquem i organitzem una experimentaci\u00f3 o una proposta sensorial. Considerem que aquestes sessions s\u00f3n fonamentals, ja que els infants descobreixen els elements que tenen a l&#8217;abast a partir de tots els seus sentits: vista, o\u00efda, olfacte, gust i tacte. Es tracta de cercar certs elements que despertin les seves curiositats i interessos. Un altre aspecte que valorem i, per tant, observem \u00e9s la interacci\u00f3 que es produeix entre ells i els objectes i materials, i les modificacions que aquests experimenten quan els infants manipulen i exerceixen una acci\u00f3: estr\u00e8nyer, xafar, tallar, esmicolar, escampar, trasbalsar&#8230;<\/span><\/p>\n<p><span style=\"font-weight: 400\">Com podeu observar a les fotografies les experimentacions les realitzem amb tot el grup classe. \u00c9s en aquest sentit que tenim moltes taules juntes sense cadires, ja que afavorim la circulaci\u00f3 i el moviment lliure per tot l&#8217;espai. Aix\u00ed els infants poden accedir als diferents materials i es poden relacionar amb totes les companyes i els companys.<\/span><\/p>\n<p><span style=\"font-weight: 400\">Aquesta setmana la proposta sensorial ha estat inspirada en la festa de Halloween. \u00c9s una festa que se celebra origin\u00e0riament als pa\u00efsos anglosaxons i que hem introdu\u00eft a partir del projecte, en el qual est\u00e0 immersa l&#8217;escola des de fa uns anys, anomenat GEP.<\/span><\/p>\n<p><span style=\"font-weight: 400\">Per un dia, la taula d&#8217;experimentaci\u00f3 s&#8217;ha convertit en el laboratori de les bruixes i els bruixots. Les petites i els petits s&#8217;han trobat tot de coses per fer pocions i tot all\u00f2 que han inventat: carabassa triturada, maizena, orenga, julivert, llet condensada, ulls de llaminadura, nou moscada, galetes, gelatina vermella, colorant alimentari en pols i en l\u00edquid, pinzells, cassons, culleres i pots transparents.<\/span><span style=\"font-weight: 400\"> A m\u00e9s, als recipients amb gelatina s&#8217;amagaven aranyes i una serp.\u00a0 Primer de tot, els infants poden gaudir d&#8217;una estona d&#8217;observar tots els elements que estan preparats a les taules i a la safata. La consigna \u00e9s que no es pot tocar, nom\u00e9s mirar i olorar. D&#8217;aquesta manera les nenes i els nens desenvolupen en aquest moment els sentits de la vista i l&#8217;olfacte per poder extreure informaci\u00f3. En aquesta conversa tamb\u00e9 parlem de la import\u00e0ncia de compartir i de mantenir un clima de calma i tranquil\u00b7litat. A continuaci\u00f3, fem una conversa inicial on l&#8217;alumnat pot posar de manifest all\u00f2 que han vist. Tamb\u00e9, es formulen hip\u00f2tesis i comparteixen les seves descobertes fins al moment. Despr\u00e9s, busquen un lloc al voltant de les taules i es preparen per poder manipular i experimentar, aquest cop amb tots els sentits. Un cop verbalitzen que han acabat d&#8217;experimentar arriba el moment de netejar i endre\u00e7ar l&#8217;aula entre totes i tots. Per acabar, tornem a mantenir una convera, per\u00f2 aquest cop per donar resposta a les hip\u00f2tesis inicials i per poder verbalitzar all\u00f2 que han descobert envers les textures, densitats, barreges, estats dels elements&#8230;<\/span><\/p>\n<p>S&#8217;ho han passat molt b\u00e9 i han adquirit i consolidat molts coneixements.<\/p>\n","protected":false},"excerpt":{"rendered":"<p>\nCada setmana planifiquem i organitzem una experimentaci\u00f3 o una proposta sensorial. Considerem que aquestes sessions s\u00f3n fonamentals, ja que els infants descobreixen els elements que tenen a l&#8217;abast a partir de tots els seus sentits: vista, o\u00efda, olfacte, gust i tacte. Es tracta de&hellip;  <a href=\"https:\/\/agora.xtec.cat\/escolataularodona\/inf\/ei4-proposta-sensorial-el-laboratori-de-les-bruixes-i-els-bruixots\/\" title=\"Read EI4. Proposta sensorial\">Llegeix m\u00e9s\u00bb<\/a><\/p>\n","protected":false},"author":18,"featured_media":8477,"comment_status":"closed","ping_status":"closed","sticky":false,"template":"","format":"standard","meta":{"_bbp_topic_count":0,"_bbp_reply_count":0,"_bbp_total_topic_count":0,"_bbp_total_reply_count":0,"_bbp_voice_count":0,"_bbp_anonymous_reply_count":0,"_bbp_topic_count_hidden":0,"_bbp_reply_count_hidden":0,"_bbp_forum_subforum_count":0,"footnotes":""},"categories":[77],"tags":[175],"class_list":["post-8476","post","type-post","status-publish","format-standard","has-post-thumbnail","hentry","category-inf","tag-2022-2023"],"post_mailing_queue_ids":[],"_links":{"self":[{"href":"https:\/\/agora.xtec.cat\/escolataularodona\/wp-json\/wp\/v2\/posts\/8476","targetHints":{"allow":["GET"]}}],"collection":[{"href":"https:\/\/agora.xtec.cat\/escolataularodona\/wp-json\/wp\/v2\/posts"}],"about":[{"href":"https:\/\/agora.xtec.cat\/escolataularodona\/wp-json\/wp\/v2\/types\/post"}],"author":[{"embeddable":true,"href":"https:\/\/agora.xtec.cat\/escolataularodona\/wp-json\/wp\/v2\/users\/18"}],"replies":[{"embeddable":true,"href":"https:\/\/agora.xtec.cat\/escolataularodona\/wp-json\/wp\/v2\/comments?post=8476"}],"version-history":[{"count":3,"href":"https:\/\/agora.xtec.cat\/escolataularodona\/wp-json\/wp\/v2\/posts\/8476\/revisions"}],"predecessor-version":[{"id":8494,"href":"https:\/\/agora.xtec.cat\/escolataularodona\/wp-json\/wp\/v2\/posts\/8476\/revisions\/8494"}],"wp:featuredmedia":[{"embeddable":true,"href":"https:\/\/agora.xtec.cat\/escolataularodona\/wp-json\/wp\/v2\/media\/8477"}],"wp:attachment":[{"href":"https:\/\/agora.xtec.cat\/escolataularodona\/wp-json\/wp\/v2\/media?parent=8476"}],"wp:term":[{"taxonomy":"category","embeddable":true,"href":"https:\/\/agora.xtec.cat\/escolataularodona\/wp-json\/wp\/v2\/categories?post=8476"},{"taxonomy":"post_tag","embeddable":true,"href":"https:\/\/agora.xtec.cat\/escolataularodona\/wp-json\/wp\/v2\/tags?post=8476"}],"curies":[{"name":"wp","href":"https:\/\/api.w.org\/{rel}","templated":true}]}}