{"id":8470,"date":"2022-10-28T10:20:38","date_gmt":"2022-10-28T08:20:38","guid":{"rendered":"https:\/\/agora.xtec.cat\/escolataularodona\/?p=8470"},"modified":"2024-03-05T13:53:20","modified_gmt":"2024-03-05T12:53:20","slug":"sortida-al-caixa-forum-sol-lewitt-ei5-2022-2023","status":"publish","type":"post","link":"https:\/\/agora.xtec.cat\/escolataularodona\/inf\/sortida-al-caixa-forum-sol-lewitt-ei5-2022-2023\/","title":{"rendered":"SORTIDA AL CAIXA F\u00d2RUM SOL LEWITT EI5 2022-2023"},"content":{"rendered":"<p><a href=\"https:\/\/agora.xtec.cat\/escolataularodona\/wp-content\/uploads\/usu722\/2022\/10\/IMG_1741.heic\"><img loading=\"lazy\" decoding=\"async\" class=\"alignnone size-medium wp-image-8472\" src=\"https:\/\/agora.xtec.cat\/escolataularodona\/wp-content\/uploads\/usu722\/2022\/10\/IMG_1741.heic\" alt=\"\" width=\"1\" height=\"1\" \/><\/a>Hola fam\u00edlies,<\/p>\n<p>Els dies 19 i 20 d&#8217;octubre, l&#8217;alumnat d&#8217;EI5 vam fer una sortida molt interessant al Museu Caixa F\u00f2rum per con\u00e8ixer l&#8217;obra del pintor i escultor Sol Lewitt. A la visita, vam experimentar amb el propi cos, el moviment de les l\u00ednies, els colors i la forma d&#8217;expressi\u00f3 d&#8217;aquest artista que pintava murals a les parets, un mitj\u00e0 poc habitual. Els infants van gaudir molt de la visita i, finalment, vam fer un dinar conjunt.<\/p>\n<p>Si voleu veure els v\u00eddeos de la sortida, <a href=\"https:\/\/agora.xtec.cat\/escolataularodona\/fotografies-e-i-5-anys\/\">feu un clic aqu\u00ed per veure els enlla\u00e7os.<\/a><\/p>\n<p><img loading=\"lazy\" decoding=\"async\" class=\"size-medium wp-image-8473 aligncenter\" src=\"https:\/\/agora.xtec.cat\/escolataularodona\/wp-content\/uploads\/usu722\/2022\/10\/sollewitt-300x225.jpg\" alt=\"\" width=\"300\" height=\"225\" srcset=\"https:\/\/agora.xtec.cat\/escolataularodona\/wp-content\/uploads\/usu722\/2022\/10\/sollewitt-300x225.jpg 300w, https:\/\/agora.xtec.cat\/escolataularodona\/wp-content\/uploads\/usu722\/2022\/10\/sollewitt-200x150.jpg 200w, https:\/\/agora.xtec.cat\/escolataularodona\/wp-content\/uploads\/usu722\/2022\/10\/sollewitt.jpg 404w\" sizes=\"auto, (max-width: 300px) 100vw, 300px\" \/><\/p>\n<p>&nbsp;<\/p>\n","protected":false},"excerpt":{"rendered":"<p><a href=\"https:\/\/agora.xtec.cat\/escolataularodona\/wp-content\/uploads\/usu722\/2022\/10\/IMG_1741.heic\"><\/a>Hola fam\u00edlies,<br \/>\nEls dies 19 i 20 d&#8217;octubre, l&#8217;alumnat d&#8217;EI5 vam fer una sortida molt interessant al Museu Caixa F\u00f2rum per con\u00e8ixer l&#8217;obra del pintor i escultor Sol Lewitt. A la visita, vam experimentar amb el propi cos, el moviment de les l\u00ednies, els colors&hellip;  <a href=\"https:\/\/agora.xtec.cat\/escolataularodona\/inf\/sortida-al-caixa-forum-sol-lewitt-ei5-2022-2023\/\" title=\"Read SORTIDA AL CAIXA F\u00d2RUM SOL LEWITT EI5 2022-2023\">Llegeix m\u00e9s\u00bb<\/a><\/p>\n","protected":false},"author":18,"featured_media":8473,"comment_status":"closed","ping_status":"closed","sticky":false,"template":"","format":"standard","meta":{"_bbp_topic_count":0,"_bbp_reply_count":0,"_bbp_total_topic_count":0,"_bbp_total_reply_count":0,"_bbp_voice_count":0,"_bbp_anonymous_reply_count":0,"_bbp_topic_count_hidden":0,"_bbp_reply_count_hidden":0,"_bbp_forum_subforum_count":0,"footnotes":""},"categories":[77],"tags":[175],"class_list":["post-8470","post","type-post","status-publish","format-standard","has-post-thumbnail","hentry","category-inf","tag-2022-2023"],"post_mailing_queue_ids":[],"_links":{"self":[{"href":"https:\/\/agora.xtec.cat\/escolataularodona\/wp-json\/wp\/v2\/posts\/8470","targetHints":{"allow":["GET"]}}],"collection":[{"href":"https:\/\/agora.xtec.cat\/escolataularodona\/wp-json\/wp\/v2\/posts"}],"about":[{"href":"https:\/\/agora.xtec.cat\/escolataularodona\/wp-json\/wp\/v2\/types\/post"}],"author":[{"embeddable":true,"href":"https:\/\/agora.xtec.cat\/escolataularodona\/wp-json\/wp\/v2\/users\/18"}],"replies":[{"embeddable":true,"href":"https:\/\/agora.xtec.cat\/escolataularodona\/wp-json\/wp\/v2\/comments?post=8470"}],"version-history":[{"count":3,"href":"https:\/\/agora.xtec.cat\/escolataularodona\/wp-json\/wp\/v2\/posts\/8470\/revisions"}],"predecessor-version":[{"id":8489,"href":"https:\/\/agora.xtec.cat\/escolataularodona\/wp-json\/wp\/v2\/posts\/8470\/revisions\/8489"}],"wp:featuredmedia":[{"embeddable":true,"href":"https:\/\/agora.xtec.cat\/escolataularodona\/wp-json\/wp\/v2\/media\/8473"}],"wp:attachment":[{"href":"https:\/\/agora.xtec.cat\/escolataularodona\/wp-json\/wp\/v2\/media?parent=8470"}],"wp:term":[{"taxonomy":"category","embeddable":true,"href":"https:\/\/agora.xtec.cat\/escolataularodona\/wp-json\/wp\/v2\/categories?post=8470"},{"taxonomy":"post_tag","embeddable":true,"href":"https:\/\/agora.xtec.cat\/escolataularodona\/wp-json\/wp\/v2\/tags?post=8470"}],"curies":[{"name":"wp","href":"https:\/\/api.w.org\/{rel}","templated":true}]}}