{"id":8365,"date":"2022-06-22T17:30:03","date_gmt":"2022-06-22T15:30:03","guid":{"rendered":"https:\/\/agora.xtec.cat\/escolataularodona\/?p=8365"},"modified":"2024-03-05T13:33:31","modified_gmt":"2024-03-05T12:33:31","slug":"diversitat-familiar-i-de-genere-p3","status":"publish","type":"post","link":"https:\/\/agora.xtec.cat\/escolataularodona\/inf\/diversitat-familiar-i-de-genere-p3\/","title":{"rendered":"Diversitat familiar i de g\u00e8nere P3"},"content":{"rendered":"<p><span style=\"text-decoration: underline;\"><strong>TALLER DE DIVERSITAT FAMILIAR<\/strong><\/span><\/p>\n<p>Fem un taller amb unes titelles que guarden algunes sorpreses&#8230;entre totes i tots compartim i descobrim diferents tipus de fam\u00edlies. Per acabar, realitzem una din\u00e0mica molt bonica per representar simb\u00f2licament el nostre naixement mentre un company o companya ens dona la rebuda amb una abra\u00e7ada.<\/p>\n<p><img loading=\"lazy\" decoding=\"async\" class=\"alignnone size-medium wp-image-8366\" src=\"https:\/\/agora.xtec.cat\/escolataularodona\/wp-content\/uploads\/usu722\/2022\/06\/20220518_093043-300x161.jpg\" alt=\"\" width=\"300\" height=\"161\" srcset=\"https:\/\/agora.xtec.cat\/escolataularodona\/wp-content\/uploads\/usu722\/2022\/06\/20220518_093043-300x161.jpg 300w, https:\/\/agora.xtec.cat\/escolataularodona\/wp-content\/uploads\/usu722\/2022\/06\/20220518_093043.jpg 522w\" sizes=\"auto, (max-width: 300px) 100vw, 300px\" \/><\/p>\n<p><span style=\"text-decoration: underline;\"><strong>MARAT\u00d3 DE CONTES SENSE G\u00c8NERE<\/strong><\/span><\/p>\n<p>L&#8217;Eva ha vingut a l&#8217;escola i ens ha explicat un conte on hem pogut descobrir personatges que trenquen estereotips i diferents tipus d&#8217;estructures familiars. Durant el conte, hem pogut participar i explicar com son les nostres fam\u00edlies. Per acabar, l&#8217;Eva ens ha preparat una sorpresa per introduir les professions sense g\u00e8nere i ens ho hem passat d&#8217;all\u00f2 m\u00e9s b\u00e9. Gr\u00e0cies per la teva visita!<\/p>\n<p><img loading=\"lazy\" decoding=\"async\" class=\"alignnone size-medium wp-image-8367\" src=\"https:\/\/agora.xtec.cat\/escolataularodona\/wp-content\/uploads\/usu722\/2022\/06\/20220608_094733-276x300.jpg\" alt=\"\" width=\"276\" height=\"300\" srcset=\"https:\/\/agora.xtec.cat\/escolataularodona\/wp-content\/uploads\/usu722\/2022\/06\/20220608_094733-276x300.jpg 276w, https:\/\/agora.xtec.cat\/escolataularodona\/wp-content\/uploads\/usu722\/2022\/06\/20220608_094733.jpg 496w\" sizes=\"auto, (max-width: 276px) 100vw, 276px\" \/><\/p>\n<p><a href=\"https:\/\/agora.xtec.cat\/escolataularodona\/fotografies-e-i-3-anys\/\">Per veure les fotos cliqueu aqu\u00ed<\/a><\/p>\n","protected":false},"excerpt":{"rendered":"<p>TALLER DE DIVERSITAT FAMILIAR<br \/>\nFem un taller amb unes titelles que guarden algunes sorpreses&#8230;entre totes i tots compartim i descobrim diferents tipus de fam\u00edlies. Per acabar, realitzem una din\u00e0mica molt bonica per representar simb\u00f2licament el nostre naixement mentre un company o companya ens dona la rebuda&hellip;  <a href=\"https:\/\/agora.xtec.cat\/escolataularodona\/inf\/diversitat-familiar-i-de-genere-p3\/\" title=\"Read Diversitat familiar i de g\u00e8nere P3\">Llegeix m\u00e9s\u00bb<\/a><\/p>\n","protected":false},"author":18,"featured_media":8367,"comment_status":"closed","ping_status":"closed","sticky":false,"template":"","format":"standard","meta":{"_bbp_topic_count":0,"_bbp_reply_count":0,"_bbp_total_topic_count":0,"_bbp_total_reply_count":0,"_bbp_voice_count":0,"_bbp_anonymous_reply_count":0,"_bbp_topic_count_hidden":0,"_bbp_reply_count_hidden":0,"_bbp_forum_subforum_count":0,"footnotes":""},"categories":[77],"tags":[174],"class_list":["post-8365","post","type-post","status-publish","format-standard","has-post-thumbnail","hentry","category-inf","tag-2021-2022"],"post_mailing_queue_ids":[],"_links":{"self":[{"href":"https:\/\/agora.xtec.cat\/escolataularodona\/wp-json\/wp\/v2\/posts\/8365","targetHints":{"allow":["GET"]}}],"collection":[{"href":"https:\/\/agora.xtec.cat\/escolataularodona\/wp-json\/wp\/v2\/posts"}],"about":[{"href":"https:\/\/agora.xtec.cat\/escolataularodona\/wp-json\/wp\/v2\/types\/post"}],"author":[{"embeddable":true,"href":"https:\/\/agora.xtec.cat\/escolataularodona\/wp-json\/wp\/v2\/users\/18"}],"replies":[{"embeddable":true,"href":"https:\/\/agora.xtec.cat\/escolataularodona\/wp-json\/wp\/v2\/comments?post=8365"}],"version-history":[{"count":3,"href":"https:\/\/agora.xtec.cat\/escolataularodona\/wp-json\/wp\/v2\/posts\/8365\/revisions"}],"predecessor-version":[{"id":8382,"href":"https:\/\/agora.xtec.cat\/escolataularodona\/wp-json\/wp\/v2\/posts\/8365\/revisions\/8382"}],"wp:featuredmedia":[{"embeddable":true,"href":"https:\/\/agora.xtec.cat\/escolataularodona\/wp-json\/wp\/v2\/media\/8367"}],"wp:attachment":[{"href":"https:\/\/agora.xtec.cat\/escolataularodona\/wp-json\/wp\/v2\/media?parent=8365"}],"wp:term":[{"taxonomy":"category","embeddable":true,"href":"https:\/\/agora.xtec.cat\/escolataularodona\/wp-json\/wp\/v2\/categories?post=8365"},{"taxonomy":"post_tag","embeddable":true,"href":"https:\/\/agora.xtec.cat\/escolataularodona\/wp-json\/wp\/v2\/tags?post=8365"}],"curies":[{"name":"wp","href":"https:\/\/api.w.org\/{rel}","templated":true}]}}