{"id":8332,"date":"2022-06-22T17:00:51","date_gmt":"2022-06-22T15:00:51","guid":{"rendered":"https:\/\/agora.xtec.cat\/escolataularodona\/?p=8332"},"modified":"2024-03-05T13:34:19","modified_gmt":"2024-03-05T12:34:19","slug":"experimentacio-3r-trimestre-p3","status":"publish","type":"post","link":"https:\/\/agora.xtec.cat\/escolataularodona\/inf\/experimentacio-3r-trimestre-p3\/","title":{"rendered":"Experimentaci\u00f3 3r trimestre P3"},"content":{"rendered":"<p>Aquest trimestre hem fet moltes activitats de manipulaci\u00f3, exploraci\u00f3, observaci\u00f3 i descoberta vinculades al nostre entorn i a la vida quotidiana.<\/p>\n<p>Amb l\u2019arribada de la primavera, vam presentar els colors vius i vam crear <strong>ampolles sensorials<\/strong> per crear el rac\u00f3 d\u2019aquesta estaci\u00f3. Ens vam organitzar per grups i, cada grup, va fer una ampolla sensorial diferent: l&#8217;ampolla de les flors, l&#8217;ampolla dels insectes, l&#8217;ampolla dels colors vius i la de la gespa.<\/p>\n<p><img loading=\"lazy\" decoding=\"async\" class=\"alignnone size-medium wp-image-8334\" src=\"https:\/\/agora.xtec.cat\/escolataularodona\/wp-content\/uploads\/usu722\/2022\/06\/IMG_1449-225x300.jpg\" alt=\"\" width=\"225\" height=\"300\" srcset=\"https:\/\/agora.xtec.cat\/escolataularodona\/wp-content\/uploads\/usu722\/2022\/06\/IMG_1449-225x300.jpg 225w, https:\/\/agora.xtec.cat\/escolataularodona\/wp-content\/uploads\/usu722\/2022\/06\/IMG_1449.jpg 378w\" sizes=\"auto, (max-width: 225px) 100vw, 225px\" \/> <img loading=\"lazy\" decoding=\"async\" class=\"alignnone size-medium wp-image-8333\" src=\"https:\/\/agora.xtec.cat\/escolataularodona\/wp-content\/uploads\/usu722\/2022\/06\/20220429_153629-225x300.jpg\" alt=\"\" width=\"225\" height=\"300\" srcset=\"https:\/\/agora.xtec.cat\/escolataularodona\/wp-content\/uploads\/usu722\/2022\/06\/20220429_153629-225x300.jpg 225w, https:\/\/agora.xtec.cat\/escolataularodona\/wp-content\/uploads\/usu722\/2022\/06\/20220429_153629.jpg 326w\" sizes=\"auto, (max-width: 225px) 100vw, 225px\" \/><\/p>\n<p>Un dia, vam proposar una <strong>experimentaci\u00f3 amb c\u00edtrics<\/strong>. En aquesta experimentaci\u00f3 es van trobar amb fruites conegudes com la taronja o la llimona i, tamb\u00e9 van descobrir noves fruites que s&#8217;assemblaven: la llima i l&#8217;aranja. Durant l&#8217;experimentaci\u00f3 van olorar, tastar, exprimir i tallar&#8230;<\/p>\n<p><img loading=\"lazy\" decoding=\"async\" class=\"alignnone size-medium wp-image-8336\" src=\"https:\/\/agora.xtec.cat\/escolataularodona\/wp-content\/uploads\/usu722\/2022\/06\/IMG_2635-225x300.jpg\" alt=\"\" width=\"225\" height=\"300\" srcset=\"https:\/\/agora.xtec.cat\/escolataularodona\/wp-content\/uploads\/usu722\/2022\/06\/IMG_2635-225x300.jpg 225w, https:\/\/agora.xtec.cat\/escolataularodona\/wp-content\/uploads\/usu722\/2022\/06\/IMG_2635.jpg 378w\" sizes=\"auto, (max-width: 225px) 100vw, 225px\" \/> <img loading=\"lazy\" decoding=\"async\" class=\"alignnone size-medium wp-image-8335\" src=\"https:\/\/agora.xtec.cat\/escolataularodona\/wp-content\/uploads\/usu722\/2022\/06\/IMG_2226-225x300.jpg\" alt=\"\" width=\"225\" height=\"300\" srcset=\"https:\/\/agora.xtec.cat\/escolataularodona\/wp-content\/uploads\/usu722\/2022\/06\/IMG_2226-225x300.jpg 225w, https:\/\/agora.xtec.cat\/escolataularodona\/wp-content\/uploads\/usu722\/2022\/06\/IMG_2226.jpg 378w\" sizes=\"auto, (max-width: 225px) 100vw, 225px\" \/><\/p>\n<p>En la tercera sessi\u00f3 les nenes i els nens es van trobar amb una nova textura: la <strong>gelatina<\/strong>. En un principi vam jugar a endevinar de quin gust era cada gelatina i, despr\u00e9s, ho vam poder comprovar. Durant l&#8217;experimentaci\u00f3, van tallar, barrejar colors i fer les nostres pr\u00f2pies creacions.<\/p>\n<p><img loading=\"lazy\" decoding=\"async\" class=\"alignnone size-medium wp-image-8338\" src=\"https:\/\/agora.xtec.cat\/escolataularodona\/wp-content\/uploads\/usu722\/2022\/06\/IMG_3134-300x216.jpg\" alt=\"\" width=\"300\" height=\"216\" srcset=\"https:\/\/agora.xtec.cat\/escolataularodona\/wp-content\/uploads\/usu722\/2022\/06\/IMG_3134-300x216.jpg 300w, https:\/\/agora.xtec.cat\/escolataularodona\/wp-content\/uploads\/usu722\/2022\/06\/IMG_3134.jpg 663w\" sizes=\"auto, (max-width: 300px) 100vw, 300px\" \/> <img loading=\"lazy\" decoding=\"async\" class=\"alignnone size-medium wp-image-8337\" src=\"https:\/\/agora.xtec.cat\/escolataularodona\/wp-content\/uploads\/usu722\/2022\/06\/IMG_2853-225x300.jpg\" alt=\"\" width=\"225\" height=\"300\" srcset=\"https:\/\/agora.xtec.cat\/escolataularodona\/wp-content\/uploads\/usu722\/2022\/06\/IMG_2853-225x300.jpg 225w, https:\/\/agora.xtec.cat\/escolataularodona\/wp-content\/uploads\/usu722\/2022\/06\/IMG_2853.jpg 378w\" sizes=\"auto, (max-width: 225px) 100vw, 225px\" \/><\/p>\n<p>En aquesta experimentaci\u00f3 els nens i nenes van crear una <strong>sopa de la primavera<\/strong> per grups. Cada equip disposava de p\u00e8tals de flors, flors diverses, fulles, alguna esp\u00e8cie, aigua de colors, aigua transparent, purpurina, tisores, culleres i pipetes.<\/p>\n<p><img loading=\"lazy\" decoding=\"async\" class=\"alignnone size-medium wp-image-8340\" src=\"https:\/\/agora.xtec.cat\/escolataularodona\/wp-content\/uploads\/usu722\/2022\/06\/IMG_3935-225x300.jpg\" alt=\"\" width=\"225\" height=\"300\" srcset=\"https:\/\/agora.xtec.cat\/escolataularodona\/wp-content\/uploads\/usu722\/2022\/06\/IMG_3935-225x300.jpg 225w, https:\/\/agora.xtec.cat\/escolataularodona\/wp-content\/uploads\/usu722\/2022\/06\/IMG_3935.jpg 378w\" sizes=\"auto, (max-width: 225px) 100vw, 225px\" \/> <img loading=\"lazy\" decoding=\"async\" class=\"alignnone size-medium wp-image-8339\" src=\"https:\/\/agora.xtec.cat\/escolataularodona\/wp-content\/uploads\/usu722\/2022\/06\/IMG_3667-300x206.jpg\" alt=\"\" width=\"300\" height=\"206\" srcset=\"https:\/\/agora.xtec.cat\/escolataularodona\/wp-content\/uploads\/usu722\/2022\/06\/IMG_3667-300x206.jpg 300w, https:\/\/agora.xtec.cat\/escolataularodona\/wp-content\/uploads\/usu722\/2022\/06\/IMG_3667.jpg 756w\" sizes=\"auto, (max-width: 300px) 100vw, 300px\" \/><\/p>\n<p>I per acabar, fem una experimentaci\u00f3 amb <strong>espaguetis de colors<\/strong>. Aquesta experimentaci\u00f3 ens ha perm\u00e8s: descobrir noves textures, estirar, enganxar, crear imaginar, enfilar, retallar i comparar mesures&#8230;Hem gaudit fent de cuineres i cuiners.<\/p>\n<p><img loading=\"lazy\" decoding=\"async\" class=\"alignnone size-medium wp-image-8343\" src=\"https:\/\/agora.xtec.cat\/escolataularodona\/wp-content\/uploads\/usu722\/2022\/06\/IMG_4837-225x300.jpg\" alt=\"\" width=\"225\" height=\"300\" srcset=\"https:\/\/agora.xtec.cat\/escolataularodona\/wp-content\/uploads\/usu722\/2022\/06\/IMG_4837-225x300.jpg 225w, https:\/\/agora.xtec.cat\/escolataularodona\/wp-content\/uploads\/usu722\/2022\/06\/IMG_4837.jpg 378w\" sizes=\"auto, (max-width: 225px) 100vw, 225px\" \/> <img loading=\"lazy\" decoding=\"async\" class=\"alignnone size-medium wp-image-8342\" src=\"https:\/\/agora.xtec.cat\/escolataularodona\/wp-content\/uploads\/usu722\/2022\/06\/IMG_4736-300x225.jpg\" alt=\"\" width=\"300\" height=\"225\" srcset=\"https:\/\/agora.xtec.cat\/escolataularodona\/wp-content\/uploads\/usu722\/2022\/06\/IMG_4736-300x225.jpg 300w, https:\/\/agora.xtec.cat\/escolataularodona\/wp-content\/uploads\/usu722\/2022\/06\/IMG_4736-200x150.jpg 200w, https:\/\/agora.xtec.cat\/escolataularodona\/wp-content\/uploads\/usu722\/2022\/06\/IMG_4736.jpg 504w\" sizes=\"auto, (max-width: 300px) 100vw, 300px\" \/> <img loading=\"lazy\" decoding=\"async\" class=\"alignnone size-medium wp-image-8341\" src=\"https:\/\/agora.xtec.cat\/escolataularodona\/wp-content\/uploads\/usu722\/2022\/06\/IMG_4377-225x300.jpg\" alt=\"\" width=\"225\" height=\"300\" srcset=\"https:\/\/agora.xtec.cat\/escolataularodona\/wp-content\/uploads\/usu722\/2022\/06\/IMG_4377-225x300.jpg 225w, https:\/\/agora.xtec.cat\/escolataularodona\/wp-content\/uploads\/usu722\/2022\/06\/IMG_4377.jpg 378w\" sizes=\"auto, (max-width: 225px) 100vw, 225px\" \/><\/p>\n<p><a href=\"https:\/\/agora.xtec.cat\/escolataularodona\/fotografies-e-i-3-anys\/\">Per veure les fotos cliqueu aqu\u00ed.<\/a><\/p>\n","protected":false},"excerpt":{"rendered":"<p>Aquest trimestre hem fet moltes activitats de manipulaci\u00f3, exploraci\u00f3, observaci\u00f3 i descoberta vinculades al nostre entorn i a la vida quotidiana.<br \/>\nAmb l\u2019arribada de la primavera, vam presentar els colors vius i vam crear ampolles sensorials per crear el rac\u00f3 d\u2019aquesta estaci\u00f3. Ens vam organitzar per&hellip;  <a href=\"https:\/\/agora.xtec.cat\/escolataularodona\/inf\/experimentacio-3r-trimestre-p3\/\" title=\"Read Experimentaci\u00f3 3r trimestre P3\">Llegeix m\u00e9s\u00bb<\/a><\/p>\n","protected":false},"author":18,"featured_media":8335,"comment_status":"closed","ping_status":"closed","sticky":false,"template":"","format":"standard","meta":{"_bbp_topic_count":0,"_bbp_reply_count":0,"_bbp_total_topic_count":0,"_bbp_total_reply_count":0,"_bbp_voice_count":0,"_bbp_anonymous_reply_count":0,"_bbp_topic_count_hidden":0,"_bbp_reply_count_hidden":0,"_bbp_forum_subforum_count":0,"footnotes":""},"categories":[77],"tags":[174],"class_list":["post-8332","post","type-post","status-publish","format-standard","has-post-thumbnail","hentry","category-inf","tag-2021-2022"],"post_mailing_queue_ids":[],"_links":{"self":[{"href":"https:\/\/agora.xtec.cat\/escolataularodona\/wp-json\/wp\/v2\/posts\/8332","targetHints":{"allow":["GET"]}}],"collection":[{"href":"https:\/\/agora.xtec.cat\/escolataularodona\/wp-json\/wp\/v2\/posts"}],"about":[{"href":"https:\/\/agora.xtec.cat\/escolataularodona\/wp-json\/wp\/v2\/types\/post"}],"author":[{"embeddable":true,"href":"https:\/\/agora.xtec.cat\/escolataularodona\/wp-json\/wp\/v2\/users\/18"}],"replies":[{"embeddable":true,"href":"https:\/\/agora.xtec.cat\/escolataularodona\/wp-json\/wp\/v2\/comments?post=8332"}],"version-history":[{"count":3,"href":"https:\/\/agora.xtec.cat\/escolataularodona\/wp-json\/wp\/v2\/posts\/8332\/revisions"}],"predecessor-version":[{"id":8381,"href":"https:\/\/agora.xtec.cat\/escolataularodona\/wp-json\/wp\/v2\/posts\/8332\/revisions\/8381"}],"wp:featuredmedia":[{"embeddable":true,"href":"https:\/\/agora.xtec.cat\/escolataularodona\/wp-json\/wp\/v2\/media\/8335"}],"wp:attachment":[{"href":"https:\/\/agora.xtec.cat\/escolataularodona\/wp-json\/wp\/v2\/media?parent=8332"}],"wp:term":[{"taxonomy":"category","embeddable":true,"href":"https:\/\/agora.xtec.cat\/escolataularodona\/wp-json\/wp\/v2\/categories?post=8332"},{"taxonomy":"post_tag","embeddable":true,"href":"https:\/\/agora.xtec.cat\/escolataularodona\/wp-json\/wp\/v2\/tags?post=8332"}],"curies":[{"name":"wp","href":"https:\/\/api.w.org\/{rel}","templated":true}]}}