{"id":8324,"date":"2022-06-19T18:29:45","date_gmt":"2022-06-19T16:29:45","guid":{"rendered":"https:\/\/agora.xtec.cat\/escolataularodona\/?p=8324"},"modified":"2024-03-05T13:34:07","modified_gmt":"2024-03-05T12:34:07","slug":"racons-p3-tercer-trimestre","status":"publish","type":"post","link":"https:\/\/agora.xtec.cat\/escolataularodona\/inf\/racons-p3-tercer-trimestre\/","title":{"rendered":"Racons P3 tercer trimestre"},"content":{"rendered":"<p>Aquest trimestre hem continuat amb els racons d\u2019aprenentatge. Us fem un breu resum de les propostes que s\u2019han trobat i us compartirem les fotos per tal que pugueu veure com s\u2019ho han passat.<\/p>\n<p><span style=\"text-decoration: underline;\"><strong>TERCERA ROTACI\u00d3 DE RACONS<\/strong><\/span><\/p>\n<p><strong>RAC\u00d3 MATEM\u00c0TIC: <\/strong>aprofitant que \u00e9s primavera hem creat una gespa amb floretes. Els nens i nenes han d\u2019identificar els n\u00fameros de les oueres per agafar tantes floretes amb les pinces com el n\u00famero indiqui.<\/p>\n<p><img loading=\"lazy\" decoding=\"async\" class=\"alignnone size-medium wp-image-8326\" src=\"https:\/\/agora.xtec.cat\/escolataularodona\/wp-content\/uploads\/usu722\/2022\/06\/IMG_1764-300x225.jpg\" alt=\"\" width=\"300\" height=\"225\" srcset=\"https:\/\/agora.xtec.cat\/escolataularodona\/wp-content\/uploads\/usu722\/2022\/06\/IMG_1764-300x225.jpg 300w, https:\/\/agora.xtec.cat\/escolataularodona\/wp-content\/uploads\/usu722\/2022\/06\/IMG_1764-200x150.jpg 200w, https:\/\/agora.xtec.cat\/escolataularodona\/wp-content\/uploads\/usu722\/2022\/06\/IMG_1764.jpg 504w\" sizes=\"auto, (max-width: 300px) 100vw, 300px\" \/><\/p>\n<p><strong>RAC\u00d3 SENSORIAL: <\/strong>les safates sensorials contenen farina de mandarina i taronja. Cadasc\u00fa, lliurement, utilitza els estris de metall per fer transvasaments i altres accions tals com colar, separar per textures i elements, etc. En aquest rac\u00f3 entren en joc diferents sentits.<\/p>\n<p><img loading=\"lazy\" decoding=\"async\" class=\"alignnone size-medium wp-image-8325\" src=\"https:\/\/agora.xtec.cat\/escolataularodona\/wp-content\/uploads\/usu722\/2022\/06\/IMG_1755-300x225.jpg\" alt=\"\" width=\"300\" height=\"225\" srcset=\"https:\/\/agora.xtec.cat\/escolataularodona\/wp-content\/uploads\/usu722\/2022\/06\/IMG_1755-300x225.jpg 300w, https:\/\/agora.xtec.cat\/escolataularodona\/wp-content\/uploads\/usu722\/2022\/06\/IMG_1755-200x150.jpg 200w, https:\/\/agora.xtec.cat\/escolataularodona\/wp-content\/uploads\/usu722\/2022\/06\/IMG_1755.jpg 504w\" sizes=\"auto, (max-width: 300px) 100vw, 300px\" \/><\/p>\n<p><strong>RAC\u00d3 D&#8217;ART: <\/strong>En aquesta proposta els nens i nenes han de fer bombolles amb pintura, de manera que aix\u00f2, afavoreix l \u2018educaci\u00f3 vocal i respirat\u00f2ria, concretament, la projecci\u00f3 de l\u2019aire.<\/p>\n<p><img loading=\"lazy\" decoding=\"async\" class=\"alignnone size-medium wp-image-8327\" src=\"https:\/\/agora.xtec.cat\/escolataularodona\/wp-content\/uploads\/usu722\/2022\/06\/IMG_1782-300x225.jpg\" alt=\"\" width=\"300\" height=\"225\" srcset=\"https:\/\/agora.xtec.cat\/escolataularodona\/wp-content\/uploads\/usu722\/2022\/06\/IMG_1782-300x225.jpg 300w, https:\/\/agora.xtec.cat\/escolataularodona\/wp-content\/uploads\/usu722\/2022\/06\/IMG_1782-200x150.jpg 200w, https:\/\/agora.xtec.cat\/escolataularodona\/wp-content\/uploads\/usu722\/2022\/06\/IMG_1782.jpg 504w\" sizes=\"auto, (max-width: 300px) 100vw, 300px\" \/><\/p>\n<p><span style=\"text-decoration: underline;\"><strong>QUARTA ROTACI\u00d3 DE RACONS<\/strong><\/span><\/p>\n<p><strong>RAC\u00d3 VIDA QUOTIDIANA: <\/strong>en aquest rac\u00f3 les nenes i els nens primer han de tallar fruita i, despr\u00e8s, fer una brotxeta de fruita. Durant el rac\u00f3 els hi hem proposat fer seriacions.<\/p>\n<p><img loading=\"lazy\" decoding=\"async\" class=\"alignnone size-medium wp-image-8329\" src=\"https:\/\/agora.xtec.cat\/escolataularodona\/wp-content\/uploads\/usu722\/2022\/06\/IMG_3773-300x235.jpg\" alt=\"\" width=\"300\" height=\"235\" srcset=\"https:\/\/agora.xtec.cat\/escolataularodona\/wp-content\/uploads\/usu722\/2022\/06\/IMG_3773-300x235.jpg 300w, https:\/\/agora.xtec.cat\/escolataularodona\/wp-content\/uploads\/usu722\/2022\/06\/IMG_3773.jpg 567w\" sizes=\"auto, (max-width: 300px) 100vw, 300px\" \/><\/p>\n<p><strong>RAC\u00d3 SENSORIAL:<\/strong>arribant la calor, proposem un rac\u00f3 ple d\u2019aigua. En les safates es troben amb diferents instruments que permeten fer transvasaments. Els nens i nenes poden observar que cada instrument deixa caure diferents quantitats d\u2019aigua.<\/p>\n<p><img loading=\"lazy\" decoding=\"async\" class=\"alignnone size-medium wp-image-8328\" src=\"https:\/\/agora.xtec.cat\/escolataularodona\/wp-content\/uploads\/usu722\/2022\/06\/IMG_3759-300x198.jpg\" alt=\"\" width=\"300\" height=\"198\" srcset=\"https:\/\/agora.xtec.cat\/escolataularodona\/wp-content\/uploads\/usu722\/2022\/06\/IMG_3759-300x198.jpg 300w, https:\/\/agora.xtec.cat\/escolataularodona\/wp-content\/uploads\/usu722\/2022\/06\/IMG_3759.jpg 588w\" sizes=\"auto, (max-width: 300px) 100vw, 300px\" \/><\/p>\n<p><strong>RAC\u00d3 D&#8217;ART: <\/strong>hem creat un fons primaveral tot experimentant amb el paper Pinotxo i l\u2019aigua. Hem gaudit descobrint com desfilaven els colors.<\/p>\n<p><img loading=\"lazy\" decoding=\"async\" class=\"alignnone size-medium wp-image-8330\" src=\"https:\/\/agora.xtec.cat\/escolataularodona\/wp-content\/uploads\/usu722\/2022\/06\/IMG_4474-300x195.jpg\" alt=\"\" width=\"300\" height=\"195\" srcset=\"https:\/\/agora.xtec.cat\/escolataularodona\/wp-content\/uploads\/usu722\/2022\/06\/IMG_4474-300x195.jpg 300w, https:\/\/agora.xtec.cat\/escolataularodona\/wp-content\/uploads\/usu722\/2022\/06\/IMG_4474.jpg 525w\" sizes=\"auto, (max-width: 300px) 100vw, 300px\" \/><\/p>\n<p><a href=\"https:\/\/agora.xtec.cat\/escolataularodona\/fotografies-e-i-3-anys\/\">Per veure les fotos cliqueu aqu\u00ed<\/a><\/p>\n","protected":false},"excerpt":{"rendered":"<p>Aquest trimestre hem continuat amb els racons d\u2019aprenentatge. Us fem un breu resum de les propostes que s\u2019han trobat i us compartirem les fotos per tal que pugueu veure com s\u2019ho han passat.<br \/>\nTERCERA ROTACI\u00d3 DE RACONS<br \/>\nRAC\u00d3 MATEM\u00c0TIC: aprofitant que \u00e9s primavera hem creat una gespa&hellip;  <a href=\"https:\/\/agora.xtec.cat\/escolataularodona\/inf\/racons-p3-tercer-trimestre\/\" title=\"Read Racons P3 tercer trimestre\">Llegeix m\u00e9s\u00bb<\/a><\/p>\n","protected":false},"author":18,"featured_media":8325,"comment_status":"closed","ping_status":"closed","sticky":false,"template":"","format":"standard","meta":{"_bbp_topic_count":0,"_bbp_reply_count":0,"_bbp_total_topic_count":0,"_bbp_total_reply_count":0,"_bbp_voice_count":0,"_bbp_anonymous_reply_count":0,"_bbp_topic_count_hidden":0,"_bbp_reply_count_hidden":0,"_bbp_forum_subforum_count":0,"footnotes":""},"categories":[77],"tags":[174],"class_list":["post-8324","post","type-post","status-publish","format-standard","has-post-thumbnail","hentry","category-inf","tag-2021-2022"],"post_mailing_queue_ids":[],"_links":{"self":[{"href":"https:\/\/agora.xtec.cat\/escolataularodona\/wp-json\/wp\/v2\/posts\/8324","targetHints":{"allow":["GET"]}}],"collection":[{"href":"https:\/\/agora.xtec.cat\/escolataularodona\/wp-json\/wp\/v2\/posts"}],"about":[{"href":"https:\/\/agora.xtec.cat\/escolataularodona\/wp-json\/wp\/v2\/types\/post"}],"author":[{"embeddable":true,"href":"https:\/\/agora.xtec.cat\/escolataularodona\/wp-json\/wp\/v2\/users\/18"}],"replies":[{"embeddable":true,"href":"https:\/\/agora.xtec.cat\/escolataularodona\/wp-json\/wp\/v2\/comments?post=8324"}],"version-history":[{"count":2,"href":"https:\/\/agora.xtec.cat\/escolataularodona\/wp-json\/wp\/v2\/posts\/8324\/revisions"}],"predecessor-version":[{"id":8384,"href":"https:\/\/agora.xtec.cat\/escolataularodona\/wp-json\/wp\/v2\/posts\/8324\/revisions\/8384"}],"wp:featuredmedia":[{"embeddable":true,"href":"https:\/\/agora.xtec.cat\/escolataularodona\/wp-json\/wp\/v2\/media\/8325"}],"wp:attachment":[{"href":"https:\/\/agora.xtec.cat\/escolataularodona\/wp-json\/wp\/v2\/media?parent=8324"}],"wp:term":[{"taxonomy":"category","embeddable":true,"href":"https:\/\/agora.xtec.cat\/escolataularodona\/wp-json\/wp\/v2\/categories?post=8324"},{"taxonomy":"post_tag","embeddable":true,"href":"https:\/\/agora.xtec.cat\/escolataularodona\/wp-json\/wp\/v2\/tags?post=8324"}],"curies":[{"name":"wp","href":"https:\/\/api.w.org\/{rel}","templated":true}]}}