{"id":8295,"date":"2022-06-16T18:23:26","date_gmt":"2022-06-16T16:23:26","guid":{"rendered":"https:\/\/agora.xtec.cat\/escolataularodona\/?p=8295"},"modified":"2024-03-05T13:34:39","modified_gmt":"2024-03-05T12:34:39","slug":"sortida-al-parc-polivalent-francesc-macia-p4","status":"publish","type":"post","link":"https:\/\/agora.xtec.cat\/escolataularodona\/inf\/sortida-al-parc-polivalent-francesc-macia-p4\/","title":{"rendered":"Sortida al Parc polivalent Francesc Maci\u00e0. P4"},"content":{"rendered":"<p><img loading=\"lazy\" decoding=\"async\" class=\"alignnone size-medium wp-image-8297\" src=\"https:\/\/agora.xtec.cat\/escolataularodona\/wp-content\/uploads\/usu722\/2022\/06\/goma-300x169.jpg\" alt=\"\" width=\"300\" height=\"169\" srcset=\"https:\/\/agora.xtec.cat\/escolataularodona\/wp-content\/uploads\/usu722\/2022\/06\/goma-300x169.jpg 300w, https:\/\/agora.xtec.cat\/escolataularodona\/wp-content\/uploads\/usu722\/2022\/06\/goma-1024x576.jpg 1024w, https:\/\/agora.xtec.cat\/escolataularodona\/wp-content\/uploads\/usu722\/2022\/06\/goma-768x432.jpg 768w, https:\/\/agora.xtec.cat\/escolataularodona\/wp-content\/uploads\/usu722\/2022\/06\/goma.jpg 1280w\" sizes=\"auto, (max-width: 300px) 100vw, 300px\" \/> <img loading=\"lazy\" decoding=\"async\" class=\"alignnone wp-image-8298\" src=\"https:\/\/agora.xtec.cat\/escolataularodona\/wp-content\/uploads\/usu722\/2022\/06\/ParcFrancescMacia-300x207.jpg\" alt=\"\" width=\"245\" height=\"169\" srcset=\"https:\/\/agora.xtec.cat\/escolataularodona\/wp-content\/uploads\/usu722\/2022\/06\/ParcFrancescMacia-300x207.jpg 300w, https:\/\/agora.xtec.cat\/escolataularodona\/wp-content\/uploads\/usu722\/2022\/06\/ParcFrancescMacia.jpg 650w\" sizes=\"auto, (max-width: 245px) 100vw, 245px\" \/> <img loading=\"lazy\" decoding=\"async\" class=\"alignnone wp-image-8300\" src=\"https:\/\/agora.xtec.cat\/escolataularodona\/wp-content\/uploads\/usu722\/2022\/06\/parc-francesc-macia-malgrat-de-mar-133-1-300x188.jpg\" alt=\"\" width=\"270\" height=\"169\" srcset=\"https:\/\/agora.xtec.cat\/escolataularodona\/wp-content\/uploads\/usu722\/2022\/06\/parc-francesc-macia-malgrat-de-mar-133-1-300x188.jpg 300w, https:\/\/agora.xtec.cat\/escolataularodona\/wp-content\/uploads\/usu722\/2022\/06\/parc-francesc-macia-malgrat-de-mar-133-1-768x481.jpg 768w, https:\/\/agora.xtec.cat\/escolataularodona\/wp-content\/uploads\/usu722\/2022\/06\/parc-francesc-macia-malgrat-de-mar-133-1.jpg 800w\" sizes=\"auto, (max-width: 270px) 100vw, 270px\" \/><\/p>\n<p>Avui hem tornat a gaudir del parc polivalent Francesc Maci\u00e0 de Malgrat de Mar totes les nenes i els nens de P4. Primer de tot hem esmorzat a unes taules de p\u00edcnic que estaven col\u00b7locades estrat\u00e8gicament a sota de molts arbres, per tant, hem estat a l&#8217;ombra. Quan hem acabat, hem endre\u00e7at totes les nostres pertinences i hem comen\u00e7at a investigar les diferents zones que hi havia al parc. La primera, hem escalat formes i figures amb forma de: sabata, llapis, bolets, gomes, croissants&#8230; Despr\u00e9s, hem descobert una zona de m\u00fasica, on aquesta es produ\u00efa en passar i saltar per sobre d&#8217;una mena de matal\u00e0s. Per \u00faltim, ens ho hem passat molt b\u00e9 a la zona de les estructures de fusta, on hi havia tobogans, gronxadors&#8230;<\/p>\n<p>Sobretot ens ha agradat molt poder jugar tots junts (P4) i, per tant, poder compartir un mat\u00ed com el d&#8217;avui.<\/p>\n<p>Hem superat la calor gr\u00e0cies a les gorres, la crema i l&#8217;aigua que bev\u00edem molt sovint. A m\u00e9s, els an\u00e0vem ruixant amb polvoritzadors d&#8217;aigua.<\/p>\n<p><a href=\"https:\/\/agora.xtec.cat\/escolataularodona\/fotografies-e-i-4-anys\/\">Per veure les fotografies podeu clicar aqu\u00ed<\/a><\/p>\n<p>&nbsp;<\/p>\n<p>&nbsp;<\/p>\n<p>&nbsp;<\/p>\n<p>&nbsp;<\/p>\n<p>&nbsp;<\/p>\n<p>&nbsp;<\/p>\n<p>&nbsp;<\/p>\n<p>&nbsp;<\/p>\n","protected":false},"excerpt":{"rendered":"<p>\nAvui hem tornat a gaudir del parc polivalent Francesc Maci\u00e0 de Malgrat de Mar totes les nenes i els nens de P4. Primer de tot hem esmorzat a unes taules de p\u00edcnic que estaven col\u00b7locades estrat\u00e8gicament a sota de molts arbres, per tant,&hellip;  <a href=\"https:\/\/agora.xtec.cat\/escolataularodona\/inf\/sortida-al-parc-polivalent-francesc-macia-p4\/\" title=\"Read Sortida al Parc polivalent Francesc Maci\u00e0. P4\">Llegeix m\u00e9s\u00bb<\/a><\/p>\n","protected":false},"author":18,"featured_media":8296,"comment_status":"closed","ping_status":"closed","sticky":false,"template":"","format":"standard","meta":{"_bbp_topic_count":0,"_bbp_reply_count":0,"_bbp_total_topic_count":0,"_bbp_total_reply_count":0,"_bbp_voice_count":0,"_bbp_anonymous_reply_count":0,"_bbp_topic_count_hidden":0,"_bbp_reply_count_hidden":0,"_bbp_forum_subforum_count":0,"footnotes":""},"categories":[77],"tags":[174],"class_list":["post-8295","post","type-post","status-publish","format-standard","has-post-thumbnail","hentry","category-inf","tag-2021-2022"],"post_mailing_queue_ids":[],"_links":{"self":[{"href":"https:\/\/agora.xtec.cat\/escolataularodona\/wp-json\/wp\/v2\/posts\/8295","targetHints":{"allow":["GET"]}}],"collection":[{"href":"https:\/\/agora.xtec.cat\/escolataularodona\/wp-json\/wp\/v2\/posts"}],"about":[{"href":"https:\/\/agora.xtec.cat\/escolataularodona\/wp-json\/wp\/v2\/types\/post"}],"author":[{"embeddable":true,"href":"https:\/\/agora.xtec.cat\/escolataularodona\/wp-json\/wp\/v2\/users\/18"}],"replies":[{"embeddable":true,"href":"https:\/\/agora.xtec.cat\/escolataularodona\/wp-json\/wp\/v2\/comments?post=8295"}],"version-history":[{"count":3,"href":"https:\/\/agora.xtec.cat\/escolataularodona\/wp-json\/wp\/v2\/posts\/8295\/revisions"}],"predecessor-version":[{"id":8321,"href":"https:\/\/agora.xtec.cat\/escolataularodona\/wp-json\/wp\/v2\/posts\/8295\/revisions\/8321"}],"wp:featuredmedia":[{"embeddable":true,"href":"https:\/\/agora.xtec.cat\/escolataularodona\/wp-json\/wp\/v2\/media\/8296"}],"wp:attachment":[{"href":"https:\/\/agora.xtec.cat\/escolataularodona\/wp-json\/wp\/v2\/media?parent=8295"}],"wp:term":[{"taxonomy":"category","embeddable":true,"href":"https:\/\/agora.xtec.cat\/escolataularodona\/wp-json\/wp\/v2\/categories?post=8295"},{"taxonomy":"post_tag","embeddable":true,"href":"https:\/\/agora.xtec.cat\/escolataularodona\/wp-json\/wp\/v2\/tags?post=8295"}],"curies":[{"name":"wp","href":"https:\/\/api.w.org\/{rel}","templated":true}]}}