{"id":8286,"date":"2022-06-16T18:09:28","date_gmt":"2022-06-16T16:09:28","guid":{"rendered":"https:\/\/agora.xtec.cat\/escolataularodona\/?p=8286"},"modified":"2024-03-05T13:34:46","modified_gmt":"2024-03-05T12:34:46","slug":"projecte-embaras-i-part-p5-a","status":"publish","type":"post","link":"https:\/\/agora.xtec.cat\/escolataularodona\/inf\/projecte-embaras-i-part-p5-a\/","title":{"rendered":"Projecte Embar\u00e0s i part P5 A"},"content":{"rendered":"<p>A partir d&#8217;una conversa a la rotllana va sortir l&#8217;inter\u00e8s d&#8217;investigar sobre d&#8217;on venien els beb\u00e8s. Els infants van portar una foto seva de quan eren petits i es van interessar pel seu naixement. A partir d&#8217;aqu\u00ed hem estat investigant i recopilant informaci\u00f3 d&#8217;aquest tema.<\/p>\n<p>Vam poder gaudir de la visita de l&#8217;Andrea, una ginec\u00f2loga que ens va aclarir els dubtes que ten\u00edem envers el tema.<\/p>\n<p><a href=\"https:\/\/agora.xtec.cat\/escolataularodona\/fotografies-e-i-5-anys\/\">Aqu\u00ed un recull de les fotos de la visita.<\/a><\/p>\n<p><img loading=\"lazy\" decoding=\"async\" class=\"alignnone wp-image-8287 size-medium\" src=\"https:\/\/agora.xtec.cat\/escolataularodona\/wp-content\/uploads\/usu722\/2022\/06\/IMG_4253-e1655120299550-300x234.jpg\" alt=\"\" width=\"300\" height=\"234\" srcset=\"https:\/\/agora.xtec.cat\/escolataularodona\/wp-content\/uploads\/usu722\/2022\/06\/IMG_4253-e1655120299550-300x234.jpg 300w, https:\/\/agora.xtec.cat\/escolataularodona\/wp-content\/uploads\/usu722\/2022\/06\/IMG_4253-e1655120299550.jpg 676w\" sizes=\"auto, (max-width: 300px) 100vw, 300px\" \/><\/p>\n","protected":false},"excerpt":{"rendered":"<p>A partir d&#8217;una conversa a la rotllana va sortir l&#8217;inter\u00e8s d&#8217;investigar sobre d&#8217;on venien els beb\u00e8s. Els infants van portar una foto seva de quan eren petits i es van interessar pel seu naixement. A partir d&#8217;aqu\u00ed hem estat investigant i recopilant informaci\u00f3 d&#8217;aquest tema.<br \/>\nVam&hellip;  <a href=\"https:\/\/agora.xtec.cat\/escolataularodona\/inf\/projecte-embaras-i-part-p5-a\/\" title=\"Read Projecte Embar\u00e0s i part P5 A\">Llegeix m\u00e9s\u00bb<\/a><\/p>\n","protected":false},"author":18,"featured_media":0,"comment_status":"closed","ping_status":"closed","sticky":false,"template":"","format":"standard","meta":{"_bbp_topic_count":0,"_bbp_reply_count":0,"_bbp_total_topic_count":0,"_bbp_total_reply_count":0,"_bbp_voice_count":0,"_bbp_anonymous_reply_count":0,"_bbp_topic_count_hidden":0,"_bbp_reply_count_hidden":0,"_bbp_forum_subforum_count":0,"footnotes":""},"categories":[77],"tags":[174],"class_list":["post-8286","post","type-post","status-publish","format-standard","hentry","category-inf","tag-2021-2022"],"post_mailing_queue_ids":[],"_links":{"self":[{"href":"https:\/\/agora.xtec.cat\/escolataularodona\/wp-json\/wp\/v2\/posts\/8286","targetHints":{"allow":["GET"]}}],"collection":[{"href":"https:\/\/agora.xtec.cat\/escolataularodona\/wp-json\/wp\/v2\/posts"}],"about":[{"href":"https:\/\/agora.xtec.cat\/escolataularodona\/wp-json\/wp\/v2\/types\/post"}],"author":[{"embeddable":true,"href":"https:\/\/agora.xtec.cat\/escolataularodona\/wp-json\/wp\/v2\/users\/18"}],"replies":[{"embeddable":true,"href":"https:\/\/agora.xtec.cat\/escolataularodona\/wp-json\/wp\/v2\/comments?post=8286"}],"version-history":[{"count":2,"href":"https:\/\/agora.xtec.cat\/escolataularodona\/wp-json\/wp\/v2\/posts\/8286\/revisions"}],"predecessor-version":[{"id":8306,"href":"https:\/\/agora.xtec.cat\/escolataularodona\/wp-json\/wp\/v2\/posts\/8286\/revisions\/8306"}],"wp:attachment":[{"href":"https:\/\/agora.xtec.cat\/escolataularodona\/wp-json\/wp\/v2\/media?parent=8286"}],"wp:term":[{"taxonomy":"category","embeddable":true,"href":"https:\/\/agora.xtec.cat\/escolataularodona\/wp-json\/wp\/v2\/categories?post=8286"},{"taxonomy":"post_tag","embeddable":true,"href":"https:\/\/agora.xtec.cat\/escolataularodona\/wp-json\/wp\/v2\/tags?post=8286"}],"curies":[{"name":"wp","href":"https:\/\/api.w.org\/{rel}","templated":true}]}}