{"id":7946,"date":"2022-02-21T17:27:55","date_gmt":"2022-02-21T16:27:55","guid":{"rendered":"https:\/\/agora.xtec.cat\/escolataularodona\/?p=7946"},"modified":"2022-11-15T13:30:32","modified_gmt":"2022-11-15T12:30:32","slug":"racons-daprenentatge-3a-rotacio","status":"publish","type":"post","link":"https:\/\/agora.xtec.cat\/escolataularodona\/inf\/racons-daprenentatge-3a-rotacio\/","title":{"rendered":"P4. Racons d&#8217;aprenentatge (3a rotaci\u00f3)"},"content":{"rendered":"<p>Les nenes i els nens d&#8217;EI4 han acabat la tercera rotaci\u00f3 de racons d&#8217;aprenentatge. En aquesta ocasi\u00f3 han pogut gaudir de 4 propostes de mirada Montessori.<\/p>\n<p><img loading=\"lazy\" decoding=\"async\" class=\"wp-image-8013 alignright\" src=\"https:\/\/agora.xtec.cat\/escolataularodona\/wp-content\/uploads\/usu722\/2022\/03\/raco-vida-prac-253x300.jpg\" alt=\"\" width=\"178\" height=\"211\" srcset=\"https:\/\/agora.xtec.cat\/escolataularodona\/wp-content\/uploads\/usu722\/2022\/03\/raco-vida-prac-253x300.jpg 253w, https:\/\/agora.xtec.cat\/escolataularodona\/wp-content\/uploads\/usu722\/2022\/03\/raco-vida-prac.jpg 558w\" sizes=\"auto, (max-width: 178px) 100vw, 178px\" \/><\/p>\n<p><strong>Rac\u00f3 de vida pr\u00e0ctica<\/strong><\/p>\n<p style=\"font-family: 'Helvetica Neue', Helvetica, Helvetica, Arial, sans-serif; font-size: 16px;\">(Aquesta \u00e0rea busca preparar als infants per a les experi\u00e8ncies de la vida quotidiana. La finalitat \u00e9s desenvolupar l\u2019autonomia, la seguretat, la coordinaci\u00f3, la confian\u00e7a en un mateix, la consci\u00e8ncia del medi ambient i la independ\u00e8ncia personal.)<\/p>\n<p><span style=\"font-family: inherit; font-size: 1em;\">En aquest rac\u00f3 han fet un dels seus primers contactes amb l&#8217;agulla de cosir. Han decorat la pe\u00e7a de roba que elles i ells han triat.<\/span><\/p>\n<p>&nbsp;<\/p>\n<p><strong>Rac\u00f3 sensorial<\/strong> <img loading=\"lazy\" decoding=\"async\" class=\"wp-image-8015 alignright\" src=\"https:\/\/agora.xtec.cat\/escolataularodona\/wp-content\/uploads\/usu722\/2022\/03\/raco-senso-300x225.jpg\" alt=\"\" width=\"219\" height=\"164\" srcset=\"https:\/\/agora.xtec.cat\/escolataularodona\/wp-content\/uploads\/usu722\/2022\/03\/raco-senso-300x225.jpg 300w, https:\/\/agora.xtec.cat\/escolataularodona\/wp-content\/uploads\/usu722\/2022\/03\/raco-senso-200x150.jpg 200w, https:\/\/agora.xtec.cat\/escolataularodona\/wp-content\/uploads\/usu722\/2022\/03\/raco-senso.jpg 750w\" sizes=\"auto, (max-width: 219px) 100vw, 219px\" \/>( La seva finalitat \u00e9s que les nenes i els nens desenvolupin al m\u00e0xim les capacitats sensorials innates. Les propostes busquen que l\u2019o\u00efda, l\u2019olfacte, el tacte, la vista i el gust es visquin de manera lliure i es desenvolupi les percepcions que ens ajuden a diferenciar les coses a trav\u00e9s d\u2019un sentit o un altre.)<\/p>\n<p>En aquest rac\u00f3 han pogut experimentar amb una safata amb elements de l&#8217;hivern i sal.<\/p>\n<p>&nbsp;<\/p>\n<p><strong>Rac\u00f3 de la Matem\u00e0tica<img loading=\"lazy\" decoding=\"async\" class=\" wp-image-8014 alignright\" src=\"https:\/\/agora.xtec.cat\/escolataularodona\/wp-content\/uploads\/usu722\/2022\/03\/raco-mates-300x188.jpg\" alt=\"\" width=\"222\" height=\"139\" srcset=\"https:\/\/agora.xtec.cat\/escolataularodona\/wp-content\/uploads\/usu722\/2022\/03\/raco-mates-300x188.jpg 300w, https:\/\/agora.xtec.cat\/escolataularodona\/wp-content\/uploads\/usu722\/2022\/03\/raco-mates.jpg 750w\" sizes=\"auto, (max-width: 222px) 100vw, 222px\" \/><\/strong> (En aquesta \u00e0rea es pret\u00e9n el desenvolupament de conceptes matem\u00e0tics b\u00e0sics i conduir als petits i petites a conceptes abstractes, algebraics i geom\u00e8trics.)<\/p>\n<p>Les nenes i els nens han disposat de safates de sorra fina de platja per dibuixar el tra\u00e7 dels diferents n\u00fameros.<\/p>\n<p><strong>Rac\u00f3 de Llenguatge<\/strong> <img loading=\"lazy\" decoding=\"async\" class=\" wp-image-8012 alignright\" src=\"https:\/\/agora.xtec.cat\/escolataularodona\/wp-content\/uploads\/usu722\/2022\/03\/raco-llengua-253x300.jpg\" alt=\"\" width=\"174\" height=\"206\" srcset=\"https:\/\/agora.xtec.cat\/escolataularodona\/wp-content\/uploads\/usu722\/2022\/03\/raco-llengua-253x300.jpg 253w, https:\/\/agora.xtec.cat\/escolataularodona\/wp-content\/uploads\/usu722\/2022\/03\/raco-llengua.jpg 563w\" sizes=\"auto, (max-width: 174px) 100vw, 174px\" \/>(La seva finalitat \u00e9s la d\u2019enriquir el llenguatge que ja tenen adquirit i a aprendre a trav\u00e9s dels sentits\u00a0 (tacte i de l\u2019o\u00efda) a escriure i a llegir d\u2019una manera natural.)<\/p>\n<p>En aquesta proposta han pogut confegir els seus noms i els de les seves companyes i companys a partir de lletres de fusta.<\/p>\n<p>Si voleu veure les fotos de les petites i petits gaudint d&#8217;aquestes propostes feu clic <a href=\"https:\/\/agora.xtec.cat\/escolataularodona\/fotografies-e-i-4-anys\/\">AQU\u00cd<\/a>.<\/p>\n","protected":false},"excerpt":{"rendered":"<p>Les nenes i els nens d&#8217;EI4 han acabat la tercera rotaci\u00f3 de racons d&#8217;aprenentatge. En aquesta ocasi\u00f3 han pogut gaudir de 4 propostes de mirada Montessori.<\/p>\n<p>Rac\u00f3 de vida pr\u00e0ctica<br \/>\n(Aquesta \u00e0rea busca preparar als infants per a les experi\u00e8ncies de la vida quotidiana. La finalitat \u00e9s&hellip;  <a href=\"https:\/\/agora.xtec.cat\/escolataularodona\/inf\/racons-daprenentatge-3a-rotacio\/\" title=\"Read P4. Racons d&#8217;aprenentatge (3a rotaci\u00f3)\">Llegeix m\u00e9s\u00bb<\/a><\/p>\n","protected":false},"author":1,"featured_media":8012,"comment_status":"closed","ping_status":"closed","sticky":false,"template":"","format":"standard","meta":{"_bbp_topic_count":0,"_bbp_reply_count":0,"_bbp_total_topic_count":0,"_bbp_total_reply_count":0,"_bbp_voice_count":0,"_bbp_anonymous_reply_count":0,"_bbp_topic_count_hidden":0,"_bbp_reply_count_hidden":0,"_bbp_forum_subforum_count":0,"footnotes":""},"categories":[77],"tags":[174],"class_list":["post-7946","post","type-post","status-publish","format-standard","has-post-thumbnail","hentry","category-inf","tag-2021-2022"],"post_mailing_queue_ids":[],"_links":{"self":[{"href":"https:\/\/agora.xtec.cat\/escolataularodona\/wp-json\/wp\/v2\/posts\/7946","targetHints":{"allow":["GET"]}}],"collection":[{"href":"https:\/\/agora.xtec.cat\/escolataularodona\/wp-json\/wp\/v2\/posts"}],"about":[{"href":"https:\/\/agora.xtec.cat\/escolataularodona\/wp-json\/wp\/v2\/types\/post"}],"author":[{"embeddable":true,"href":"https:\/\/agora.xtec.cat\/escolataularodona\/wp-json\/wp\/v2\/users\/1"}],"replies":[{"embeddable":true,"href":"https:\/\/agora.xtec.cat\/escolataularodona\/wp-json\/wp\/v2\/comments?post=7946"}],"version-history":[{"count":3,"href":"https:\/\/agora.xtec.cat\/escolataularodona\/wp-json\/wp\/v2\/posts\/7946\/revisions"}],"predecessor-version":[{"id":8049,"href":"https:\/\/agora.xtec.cat\/escolataularodona\/wp-json\/wp\/v2\/posts\/7946\/revisions\/8049"}],"wp:featuredmedia":[{"embeddable":true,"href":"https:\/\/agora.xtec.cat\/escolataularodona\/wp-json\/wp\/v2\/media\/8012"}],"wp:attachment":[{"href":"https:\/\/agora.xtec.cat\/escolataularodona\/wp-json\/wp\/v2\/media?parent=7946"}],"wp:term":[{"taxonomy":"category","embeddable":true,"href":"https:\/\/agora.xtec.cat\/escolataularodona\/wp-json\/wp\/v2\/categories?post=7946"},{"taxonomy":"post_tag","embeddable":true,"href":"https:\/\/agora.xtec.cat\/escolataularodona\/wp-json\/wp\/v2\/tags?post=7946"}],"curies":[{"name":"wp","href":"https:\/\/api.w.org\/{rel}","templated":true}]}}