{"id":7940,"date":"2022-03-08T19:58:11","date_gmt":"2022-03-08T18:58:11","guid":{"rendered":"https:\/\/agora.xtec.cat\/escolataularodona\/?p=7940"},"modified":"2024-03-05T13:38:38","modified_gmt":"2024-03-05T12:38:38","slug":"tina-la-cacadora-de-contes-p4","status":"publish","type":"post","link":"https:\/\/agora.xtec.cat\/escolataularodona\/inf\/tina-la-cacadora-de-contes-p4\/","title":{"rendered":"Tina, la ca\u00e7adora de contes. P4"},"content":{"rendered":"<p><img loading=\"lazy\" decoding=\"async\" class=\"alignnone size-medium wp-image-7942 aligncenter\" src=\"https:\/\/agora.xtec.cat\/escolataularodona\/wp-content\/uploads\/usu722\/2022\/03\/IMG_20220308_095056-225x300.jpg\" alt=\"\" width=\"225\" height=\"300\" srcset=\"https:\/\/agora.xtec.cat\/escolataularodona\/wp-content\/uploads\/usu722\/2022\/03\/IMG_20220308_095056-225x300.jpg 225w, https:\/\/agora.xtec.cat\/escolataularodona\/wp-content\/uploads\/usu722\/2022\/03\/IMG_20220308_095056-766x1024.jpg 766w, https:\/\/agora.xtec.cat\/escolataularodona\/wp-content\/uploads\/usu722\/2022\/03\/IMG_20220308_095056-768x1026.jpg 768w, https:\/\/agora.xtec.cat\/escolataularodona\/wp-content\/uploads\/usu722\/2022\/03\/IMG_20220308_095056-1150x1536.jpg 1150w, https:\/\/agora.xtec.cat\/escolataularodona\/wp-content\/uploads\/usu722\/2022\/03\/IMG_20220308_095056-1533x2048.jpg 1533w, https:\/\/agora.xtec.cat\/escolataularodona\/wp-content\/uploads\/usu722\/2022\/03\/IMG_20220308_095056-scaled.jpg 1916w\" sizes=\"auto, (max-width: 225px) 100vw, 225px\" \/><\/p>\n<p>Aquest mat\u00ed ha tornat a l&#8217;escola la <strong>TINA<\/strong>, <strong>la ca\u00e7adora de contes<\/strong>. Venia acompanyada d&#8217;una maleta plena d&#8217;objectes, amb els quals ens ha explicat moltes hist\u00f2ries que no coneix\u00edem.<\/p>\n<p>Ens han agradat molt els contes que ens ha narrat.<\/p>\n<p>Moltes gr\u00e0cies Tina, gr\u00e0cies a tu ara som unes ca\u00e7adores i uns ca\u00e7adors de contes. Podem recopilar molts contes que podem explicar a totes aquelles persones que estimem.<\/p>\n<p><a href=\"https:\/\/agora.xtec.cat\/escolataularodona\/fotografies-e-i-4-anys\/\">Per poder veure les fotografies podeu fer clic aqu\u00ed.<\/a><\/p>\n","protected":false},"excerpt":{"rendered":"<p>Aquest mat\u00ed ha tornat a l&#8217;escola la TINA, la ca\u00e7adora de contes. Venia acompanyada d&#8217;una maleta plena d&#8217;objectes, amb els quals ens ha explicat moltes hist\u00f2ries que no coneix\u00edem.<br \/>\nEns han agradat molt els contes que ens ha narrat.<br \/>\nMoltes gr\u00e0cies Tina, gr\u00e0cies a tu ara som&hellip;  <a href=\"https:\/\/agora.xtec.cat\/escolataularodona\/inf\/tina-la-cacadora-de-contes-p4\/\" title=\"Read Tina, la ca\u00e7adora de contes. P4\">Llegeix m\u00e9s\u00bb<\/a><\/p>\n","protected":false},"author":18,"featured_media":7941,"comment_status":"closed","ping_status":"closed","sticky":false,"template":"","format":"standard","meta":{"_bbp_topic_count":0,"_bbp_reply_count":0,"_bbp_total_topic_count":0,"_bbp_total_reply_count":0,"_bbp_voice_count":0,"_bbp_anonymous_reply_count":0,"_bbp_topic_count_hidden":0,"_bbp_reply_count_hidden":0,"_bbp_forum_subforum_count":0,"footnotes":""},"categories":[77],"tags":[174],"class_list":["post-7940","post","type-post","status-publish","format-standard","has-post-thumbnail","hentry","category-inf","tag-2021-2022"],"post_mailing_queue_ids":[],"_links":{"self":[{"href":"https:\/\/agora.xtec.cat\/escolataularodona\/wp-json\/wp\/v2\/posts\/7940","targetHints":{"allow":["GET"]}}],"collection":[{"href":"https:\/\/agora.xtec.cat\/escolataularodona\/wp-json\/wp\/v2\/posts"}],"about":[{"href":"https:\/\/agora.xtec.cat\/escolataularodona\/wp-json\/wp\/v2\/types\/post"}],"author":[{"embeddable":true,"href":"https:\/\/agora.xtec.cat\/escolataularodona\/wp-json\/wp\/v2\/users\/18"}],"replies":[{"embeddable":true,"href":"https:\/\/agora.xtec.cat\/escolataularodona\/wp-json\/wp\/v2\/comments?post=7940"}],"version-history":[{"count":2,"href":"https:\/\/agora.xtec.cat\/escolataularodona\/wp-json\/wp\/v2\/posts\/7940\/revisions"}],"predecessor-version":[{"id":7944,"href":"https:\/\/agora.xtec.cat\/escolataularodona\/wp-json\/wp\/v2\/posts\/7940\/revisions\/7944"}],"wp:featuredmedia":[{"embeddable":true,"href":"https:\/\/agora.xtec.cat\/escolataularodona\/wp-json\/wp\/v2\/media\/7941"}],"wp:attachment":[{"href":"https:\/\/agora.xtec.cat\/escolataularodona\/wp-json\/wp\/v2\/media?parent=7940"}],"wp:term":[{"taxonomy":"category","embeddable":true,"href":"https:\/\/agora.xtec.cat\/escolataularodona\/wp-json\/wp\/v2\/categories?post=7940"},{"taxonomy":"post_tag","embeddable":true,"href":"https:\/\/agora.xtec.cat\/escolataularodona\/wp-json\/wp\/v2\/tags?post=7940"}],"curies":[{"name":"wp","href":"https:\/\/api.w.org\/{rel}","templated":true}]}}