{"id":7922,"date":"2022-03-07T20:13:50","date_gmt":"2022-03-07T19:13:50","guid":{"rendered":"https:\/\/agora.xtec.cat\/escolataularodona\/?p=7922"},"modified":"2024-03-05T13:38:31","modified_gmt":"2024-03-05T12:38:31","slug":"tina-la-cacadora-de-contes-p5","status":"publish","type":"post","link":"https:\/\/agora.xtec.cat\/escolataularodona\/inf\/tina-la-cacadora-de-contes-p5\/","title":{"rendered":"Tina la Ca\u00e7adora de Contes P5"},"content":{"rendered":"<p>Aquest mat\u00ed hem gaudit d&#8217;una sessi\u00f3 de contacontes que ens ha ofert la Tina, una ca\u00e7adora de contes. Ens ha explicat unes hist\u00f2ries amb un rerefons que ens ha fet remoure les nostres emocions.<\/p>\n<p><a href=\"https:\/\/agora.xtec.cat\/escolataularodona\/fotografies-e-i-5-anys\/\">Aqu\u00ed teniu el recull de fotos.<\/a><\/p>\n<p><img loading=\"lazy\" decoding=\"async\" class=\"alignnone wp-image-7923\" src=\"https:\/\/agora.xtec.cat\/escolataularodona\/wp-content\/uploads\/usu722\/2022\/03\/IMG_20220307_092748006-300x225.jpg\" alt=\"\" width=\"201\" height=\"151\" srcset=\"https:\/\/agora.xtec.cat\/escolataularodona\/wp-content\/uploads\/usu722\/2022\/03\/IMG_20220307_092748006-300x225.jpg 300w, https:\/\/agora.xtec.cat\/escolataularodona\/wp-content\/uploads\/usu722\/2022\/03\/IMG_20220307_092748006-1024x768.jpg 1024w, https:\/\/agora.xtec.cat\/escolataularodona\/wp-content\/uploads\/usu722\/2022\/03\/IMG_20220307_092748006-768x576.jpg 768w, https:\/\/agora.xtec.cat\/escolataularodona\/wp-content\/uploads\/usu722\/2022\/03\/IMG_20220307_092748006-1536x1152.jpg 1536w, https:\/\/agora.xtec.cat\/escolataularodona\/wp-content\/uploads\/usu722\/2022\/03\/IMG_20220307_092748006-2048x1536.jpg 2048w, https:\/\/agora.xtec.cat\/escolataularodona\/wp-content\/uploads\/usu722\/2022\/03\/IMG_20220307_092748006-200x150.jpg 200w\" sizes=\"auto, (max-width: 201px) 100vw, 201px\" \/><\/p>\n<p>&nbsp;<\/p>\n","protected":false},"excerpt":{"rendered":"<p>Aquest mat\u00ed hem gaudit d&#8217;una sessi\u00f3 de contacontes que ens ha ofert la Tina, una ca\u00e7adora de contes. Ens ha explicat unes hist\u00f2ries amb un rerefons que ens ha fet remoure les nostres emocions.<br \/>\n<a href=\"https:\/\/agora.xtec.cat\/escolataularodona\/fotografies-e-i-5-anys\/\">Aqu\u00ed teniu el recull de fotos.<\/a><\/p>\n<p>&nbsp;<\/p>\n","protected":false},"author":18,"featured_media":7923,"comment_status":"closed","ping_status":"closed","sticky":false,"template":"","format":"standard","meta":{"_bbp_topic_count":0,"_bbp_reply_count":0,"_bbp_total_topic_count":0,"_bbp_total_reply_count":0,"_bbp_voice_count":0,"_bbp_anonymous_reply_count":0,"_bbp_topic_count_hidden":0,"_bbp_reply_count_hidden":0,"_bbp_forum_subforum_count":0,"footnotes":""},"categories":[77],"tags":[174],"class_list":["post-7922","post","type-post","status-publish","format-standard","has-post-thumbnail","hentry","category-inf","tag-2021-2022"],"post_mailing_queue_ids":[],"_links":{"self":[{"href":"https:\/\/agora.xtec.cat\/escolataularodona\/wp-json\/wp\/v2\/posts\/7922","targetHints":{"allow":["GET"]}}],"collection":[{"href":"https:\/\/agora.xtec.cat\/escolataularodona\/wp-json\/wp\/v2\/posts"}],"about":[{"href":"https:\/\/agora.xtec.cat\/escolataularodona\/wp-json\/wp\/v2\/types\/post"}],"author":[{"embeddable":true,"href":"https:\/\/agora.xtec.cat\/escolataularodona\/wp-json\/wp\/v2\/users\/18"}],"replies":[{"embeddable":true,"href":"https:\/\/agora.xtec.cat\/escolataularodona\/wp-json\/wp\/v2\/comments?post=7922"}],"version-history":[{"count":2,"href":"https:\/\/agora.xtec.cat\/escolataularodona\/wp-json\/wp\/v2\/posts\/7922\/revisions"}],"predecessor-version":[{"id":7934,"href":"https:\/\/agora.xtec.cat\/escolataularodona\/wp-json\/wp\/v2\/posts\/7922\/revisions\/7934"}],"wp:featuredmedia":[{"embeddable":true,"href":"https:\/\/agora.xtec.cat\/escolataularodona\/wp-json\/wp\/v2\/media\/7923"}],"wp:attachment":[{"href":"https:\/\/agora.xtec.cat\/escolataularodona\/wp-json\/wp\/v2\/media?parent=7922"}],"wp:term":[{"taxonomy":"category","embeddable":true,"href":"https:\/\/agora.xtec.cat\/escolataularodona\/wp-json\/wp\/v2\/categories?post=7922"},{"taxonomy":"post_tag","embeddable":true,"href":"https:\/\/agora.xtec.cat\/escolataularodona\/wp-json\/wp\/v2\/tags?post=7922"}],"curies":[{"name":"wp","href":"https:\/\/api.w.org\/{rel}","templated":true}]}}