{"id":7913,"date":"2022-02-21T17:29:07","date_gmt":"2022-02-21T16:29:07","guid":{"rendered":"https:\/\/agora.xtec.cat\/escolataularodona\/?p=7913"},"modified":"2022-11-15T13:30:48","modified_gmt":"2022-11-15T12:30:48","slug":"prego-de-carnestoltes","status":"publish","type":"post","link":"https:\/\/agora.xtec.cat\/escolataularodona\/prim\/prego-de-carnestoltes\/","title":{"rendered":"Preg\u00f3 de Carnestoltes"},"content":{"rendered":"<p>Les nenes i els nens de sis\u00e8 amb molt esfor\u00e7 i molta alegria ens han elaborat un preg\u00f3 ple de rodolins. Tamb\u00e9 la reina Carnestoltes ha dit les consignes per aquesta setmana boja. Si voleu veure que b\u00e9 els han quedat podeu fer clic a la seg\u00fcent imatge i els escoltareu en directe.<\/p>\n<p><a href=\"https:\/\/photos.app.goo.gl\/T4yUvJBpfGvc2G8i9\"><img loading=\"lazy\" decoding=\"async\" class=\"size-medium wp-image-7916 aligncenter\" src=\"https:\/\/agora.xtec.cat\/escolataularodona\/wp-content\/uploads\/usu722\/2022\/03\/prego-300x174.png\" alt=\"\" width=\"300\" height=\"174\" srcset=\"https:\/\/agora.xtec.cat\/escolataularodona\/wp-content\/uploads\/usu722\/2022\/03\/prego-300x174.png 300w, https:\/\/agora.xtec.cat\/escolataularodona\/wp-content\/uploads\/usu722\/2022\/03\/prego.png 664w\" sizes=\"auto, (max-width: 300px) 100vw, 300px\" \/><\/a><\/p>\n<ul>\n<li><strong>Dimarts<\/strong> el cabell et guarnir\u00e0s i ben original anir\u00e0s.<\/li>\n<li><strong>Dimecres<\/strong> l\u2019armari no obrir\u00e0s pas, perqu\u00e8 amb pijama vindr\u00e0s.<\/li>\n<li>Per <strong>dijous<\/strong> un color del parx\u00eds triar\u00e0s per vestir de dalt a baix (blau, groc, verd o vermell).<\/li>\n<li><strong>Divendres<\/strong> tria tu la disfressa ben original, per gaudir d\u2019aquest carnaval.<\/li>\n<\/ul>\n<p>&nbsp;<\/p>\n<p>&nbsp;<\/p>\n","protected":false},"excerpt":{"rendered":"<p>Les nenes i els nens de sis\u00e8 amb molt esfor\u00e7 i molta alegria ens han elaborat un preg\u00f3 ple de rodolins. Tamb\u00e9 la reina Carnestoltes ha dit les consignes per aquesta setmana boja. Si voleu veure que b\u00e9 els han quedat podeu fer clic a&hellip;  <a href=\"https:\/\/agora.xtec.cat\/escolataularodona\/prim\/prego-de-carnestoltes\/\" title=\"Read Preg\u00f3 de Carnestoltes\">Llegeix m\u00e9s\u00bb<\/a><\/p>\n","protected":false},"author":1,"featured_media":7916,"comment_status":"closed","ping_status":"closed","sticky":false,"template":"","format":"standard","meta":{"_bbp_topic_count":0,"_bbp_reply_count":0,"_bbp_total_topic_count":0,"_bbp_total_reply_count":0,"_bbp_voice_count":0,"_bbp_anonymous_reply_count":0,"_bbp_topic_count_hidden":0,"_bbp_reply_count_hidden":0,"_bbp_forum_subforum_count":0,"footnotes":""},"categories":[77,76],"tags":[174],"class_list":["post-7913","post","type-post","status-publish","format-standard","has-post-thumbnail","hentry","category-inf","category-prim","tag-2021-2022"],"post_mailing_queue_ids":[],"_links":{"self":[{"href":"https:\/\/agora.xtec.cat\/escolataularodona\/wp-json\/wp\/v2\/posts\/7913","targetHints":{"allow":["GET"]}}],"collection":[{"href":"https:\/\/agora.xtec.cat\/escolataularodona\/wp-json\/wp\/v2\/posts"}],"about":[{"href":"https:\/\/agora.xtec.cat\/escolataularodona\/wp-json\/wp\/v2\/types\/post"}],"author":[{"embeddable":true,"href":"https:\/\/agora.xtec.cat\/escolataularodona\/wp-json\/wp\/v2\/users\/1"}],"replies":[{"embeddable":true,"href":"https:\/\/agora.xtec.cat\/escolataularodona\/wp-json\/wp\/v2\/comments?post=7913"}],"version-history":[{"count":1,"href":"https:\/\/agora.xtec.cat\/escolataularodona\/wp-json\/wp\/v2\/posts\/7913\/revisions"}],"predecessor-version":[{"id":7917,"href":"https:\/\/agora.xtec.cat\/escolataularodona\/wp-json\/wp\/v2\/posts\/7913\/revisions\/7917"}],"wp:featuredmedia":[{"embeddable":true,"href":"https:\/\/agora.xtec.cat\/escolataularodona\/wp-json\/wp\/v2\/media\/7916"}],"wp:attachment":[{"href":"https:\/\/agora.xtec.cat\/escolataularodona\/wp-json\/wp\/v2\/media?parent=7913"}],"wp:term":[{"taxonomy":"category","embeddable":true,"href":"https:\/\/agora.xtec.cat\/escolataularodona\/wp-json\/wp\/v2\/categories?post=7913"},{"taxonomy":"post_tag","embeddable":true,"href":"https:\/\/agora.xtec.cat\/escolataularodona\/wp-json\/wp\/v2\/tags?post=7913"}],"curies":[{"name":"wp","href":"https:\/\/api.w.org\/{rel}","templated":true}]}}