{"id":7899,"date":"2022-02-25T12:40:02","date_gmt":"2022-02-25T11:40:02","guid":{"rendered":"https:\/\/agora.xtec.cat\/escolataularodona\/?p=7899"},"modified":"2024-03-05T13:37:58","modified_gmt":"2024-03-05T12:37:58","slug":"hogwarts-al-taula-rodona","status":"publish","type":"post","link":"https:\/\/agora.xtec.cat\/escolataularodona\/prim\/hogwarts-al-taula-rodona\/","title":{"rendered":"Hogwarts al Taula Rodona"},"content":{"rendered":"<p>&nbsp;<\/p>\n<p><img loading=\"lazy\" decoding=\"async\" class=\" wp-image-7900 aligncenter\" src=\"https:\/\/agora.xtec.cat\/escolataularodona\/wp-content\/uploads\/usu722\/2022\/02\/1645822121412-300x135.jpg\" alt=\"\" width=\"398\" height=\"179\" srcset=\"https:\/\/agora.xtec.cat\/escolataularodona\/wp-content\/uploads\/usu722\/2022\/02\/1645822121412-300x135.jpg 300w, https:\/\/agora.xtec.cat\/escolataularodona\/wp-content\/uploads\/usu722\/2022\/02\/1645822121412-1024x460.jpg 1024w, https:\/\/agora.xtec.cat\/escolataularodona\/wp-content\/uploads\/usu722\/2022\/02\/1645822121412-768x345.jpg 768w, https:\/\/agora.xtec.cat\/escolataularodona\/wp-content\/uploads\/usu722\/2022\/02\/1645822121412-1536x689.jpg 1536w, https:\/\/agora.xtec.cat\/escolataularodona\/wp-content\/uploads\/usu722\/2022\/02\/1645822121412.jpg 1600w\" sizes=\"auto, (max-width: 398px) 100vw, 398px\" \/><\/p>\n<p>Aquest carnestoltes la nostra es<span style=\"font-family: inherit; font-size: 1em;\">cola s&#8217;ha transformat per ar<\/span><span style=\"font-family: inherit; font-size: 1em;\">t de m\u00e0gia en una petita part de Hogwarts. Totes les cases han estat representades!\u00a0 Com vau poder veure al v\u00eddeo anterior, el barret seleccionador va determinar que Educaci\u00f3 Infantil seria de Gryffindor, Cicle Inicial de Slytherin, Cicle Mitj\u00e0 de <\/span><span style=\"font-family: inherit; font-size: 1em;\">Ravenclaw i Cicle Superior de<\/span><span style=\"font-family: inherit; font-size: 1em;\">\u00a0<\/span><span style=\"font-family: inherit; font-size: 1em;\">Hufflepuff.<\/span><\/p>\n<p><span style=\"font-family: inherit; font-size: 1em;\">Tamb\u00e9 hem tingut la pres\u00e8ncia de Hedwigm, l&#8217;\u00f2liba que ens ha omplert de cartes. No ha faltat el mirall d&#8217;Oesed, en el qual, ordenat per Dumbledore, es veuen reflectits els nostres desitjos m\u00e9s profunds. I hem apr\u00e8s tots els encanteris i pocions m\u00e0giques. L&#8217;escola s&#8217;ha omplert d&#8217;espelmes voladores que hem aconseguit amb l&#8217;encanteri &#8220;<\/span><span style=\"font-family: inherit; font-size: 1em;\">Wingardium leviosa&#8221;.<\/span><\/p>\n<p>Si voleu veure que bonic i m\u00e0gic ens ha quedat tot, <a href=\"https:\/\/photos.app.goo.gl\/PUWsKvKnrSbcUvka8\">podeu fer clic aqu\u00ed.<\/a><\/p>\n","protected":false},"excerpt":{"rendered":"<p>&nbsp;<\/p>\n<p>Aquest carnestoltes la nostra escola s&#8217;ha transformat per art de m\u00e0gia en una petita part de Hogwarts. Totes les cases han estat representades!\u00a0 Com vau poder veure al v\u00eddeo anterior, el barret seleccionador va determinar que Educaci\u00f3 Infantil seria de Gryffindor, Cicle Inicial de Slytherin,&hellip;  <a href=\"https:\/\/agora.xtec.cat\/escolataularodona\/prim\/hogwarts-al-taula-rodona\/\" title=\"Read Hogwarts al Taula Rodona\">Llegeix m\u00e9s\u00bb<\/a><\/p>\n","protected":false},"author":1,"featured_media":7900,"comment_status":"closed","ping_status":"closed","sticky":false,"template":"","format":"standard","meta":{"_bbp_topic_count":0,"_bbp_reply_count":0,"_bbp_total_topic_count":0,"_bbp_total_reply_count":0,"_bbp_voice_count":0,"_bbp_anonymous_reply_count":0,"_bbp_topic_count_hidden":0,"_bbp_reply_count_hidden":0,"_bbp_forum_subforum_count":0,"footnotes":""},"categories":[77,76],"tags":[174],"class_list":["post-7899","post","type-post","status-publish","format-standard","has-post-thumbnail","hentry","category-inf","category-prim","tag-2021-2022"],"post_mailing_queue_ids":[],"_links":{"self":[{"href":"https:\/\/agora.xtec.cat\/escolataularodona\/wp-json\/wp\/v2\/posts\/7899","targetHints":{"allow":["GET"]}}],"collection":[{"href":"https:\/\/agora.xtec.cat\/escolataularodona\/wp-json\/wp\/v2\/posts"}],"about":[{"href":"https:\/\/agora.xtec.cat\/escolataularodona\/wp-json\/wp\/v2\/types\/post"}],"author":[{"embeddable":true,"href":"https:\/\/agora.xtec.cat\/escolataularodona\/wp-json\/wp\/v2\/users\/1"}],"replies":[{"embeddable":true,"href":"https:\/\/agora.xtec.cat\/escolataularodona\/wp-json\/wp\/v2\/comments?post=7899"}],"version-history":[{"count":1,"href":"https:\/\/agora.xtec.cat\/escolataularodona\/wp-json\/wp\/v2\/posts\/7899\/revisions"}],"predecessor-version":[{"id":7901,"href":"https:\/\/agora.xtec.cat\/escolataularodona\/wp-json\/wp\/v2\/posts\/7899\/revisions\/7901"}],"wp:featuredmedia":[{"embeddable":true,"href":"https:\/\/agora.xtec.cat\/escolataularodona\/wp-json\/wp\/v2\/media\/7900"}],"wp:attachment":[{"href":"https:\/\/agora.xtec.cat\/escolataularodona\/wp-json\/wp\/v2\/media?parent=7899"}],"wp:term":[{"taxonomy":"category","embeddable":true,"href":"https:\/\/agora.xtec.cat\/escolataularodona\/wp-json\/wp\/v2\/categories?post=7899"},{"taxonomy":"post_tag","embeddable":true,"href":"https:\/\/agora.xtec.cat\/escolataularodona\/wp-json\/wp\/v2\/tags?post=7899"}],"curies":[{"name":"wp","href":"https:\/\/api.w.org\/{rel}","templated":true}]}}