{"id":7887,"date":"2022-02-25T18:28:48","date_gmt":"2022-02-25T17:28:48","guid":{"rendered":"https:\/\/agora.xtec.cat\/escolataularodona\/?p=7887"},"modified":"2024-03-05T13:38:06","modified_gmt":"2024-03-05T12:38:06","slug":"carnestoltes-p4-2","status":"publish","type":"post","link":"https:\/\/agora.xtec.cat\/escolataularodona\/inf\/carnestoltes-p4-2\/","title":{"rendered":"Carnestoltes P4"},"content":{"rendered":"<p>Aquesta setmana hem celebrat el Carnestoltes. Dilluns ens vam reunir tots els infants de l&#8217;escola al pati de prim\u00e0ria per poder escoltar les consignes que la Reina Carnestoltes havia preparat per a nosaltres:<\/p>\n<ul>\n<li>Dimarts el cabell et guarnir\u00e0s i ben original anir\u00e0s.<\/li>\n<li>Dimecres l&#8217;armari no obrir\u00e0s pas, perqu\u00e8 amb pijama vindr\u00e0s.<\/li>\n<li>Per dijous un color del parx\u00eds triar\u00e0s per vestir de dalt a baix (blau, groc, verd o vermell).<\/li>\n<li>Divendres tria tu la disfressa ben original, per gaudir d&#8217;aquest carnaval.<\/li>\n<\/ul>\n<p><img loading=\"lazy\" decoding=\"async\" class=\"size-medium wp-image-7890 aligncenter\" src=\"https:\/\/agora.xtec.cat\/escolataularodona\/wp-content\/uploads\/usu722\/2022\/02\/IMG_20220224_154910-300x225.jpg\" alt=\"\" width=\"300\" height=\"225\" srcset=\"https:\/\/agora.xtec.cat\/escolataularodona\/wp-content\/uploads\/usu722\/2022\/02\/IMG_20220224_154910-300x225.jpg 300w, https:\/\/agora.xtec.cat\/escolataularodona\/wp-content\/uploads\/usu722\/2022\/02\/IMG_20220224_154910-1024x766.jpg 1024w, https:\/\/agora.xtec.cat\/escolataularodona\/wp-content\/uploads\/usu722\/2022\/02\/IMG_20220224_154910-768x575.jpg 768w, https:\/\/agora.xtec.cat\/escolataularodona\/wp-content\/uploads\/usu722\/2022\/02\/IMG_20220224_154910-1536x1149.jpg 1536w, https:\/\/agora.xtec.cat\/escolataularodona\/wp-content\/uploads\/usu722\/2022\/02\/IMG_20220224_154910-2048x1533.jpg 2048w, https:\/\/agora.xtec.cat\/escolataularodona\/wp-content\/uploads\/usu722\/2022\/02\/IMG_20220224_154910-200x150.jpg 200w\" sizes=\"auto, (max-width: 300px) 100vw, 300px\" \/><\/p>\n<p><a href=\"https:\/\/agora.xtec.cat\/escolataularodona\/fotografies-e-i-4-anys\/\">Cliqueu aqu\u00ed per poder veure que b\u00e9 ens ho hem passat aquesta setmana.<\/a><\/p>\n<p>&nbsp;<\/p>\n","protected":false},"excerpt":{"rendered":"<p>Aquesta setmana hem celebrat el Carnestoltes. Dilluns ens vam reunir tots els infants de l&#8217;escola al pati de prim\u00e0ria per poder escoltar les consignes que la Reina Carnestoltes havia preparat per a nosaltres:<\/p>\n<ul>\n<li>Dimarts el cabell et guarnir\u00e0s i ben original anir\u00e0s.<\/li>\n<li>Dimecres l&#8217;armari no obrir\u00e0s pas,&hellip;  <a href=\"https:\/\/agora.xtec.cat\/escolataularodona\/inf\/carnestoltes-p4-2\/\" title=\"Read Carnestoltes P4\">Llegeix m\u00e9s\u00bb<\/a><br \/>\n","protected":false},"author":18,"featured_media":7888,"comment_status":"closed","ping_status":"closed","sticky":false,"template":"","format":"standard","meta":{"_bbp_topic_count":0,"_bbp_reply_count":0,"_bbp_total_topic_count":0,"_bbp_total_reply_count":0,"_bbp_voice_count":0,"_bbp_anonymous_reply_count":0,"_bbp_topic_count_hidden":0,"_bbp_reply_count_hidden":0,"_bbp_forum_subforum_count":0,"footnotes":""},"categories":[77],"tags":[174],"class_list":["post-7887","post","type-post","status-publish","format-standard","has-post-thumbnail","hentry","category-inf","tag-2021-2022"],"post_mailing_queue_ids":[],"_links":{"self":[{"href":"https:\/\/agora.xtec.cat\/escolataularodona\/wp-json\/wp\/v2\/posts\/7887","targetHints":{"allow":["GET"]}}],"collection":[{"href":"https:\/\/agora.xtec.cat\/escolataularodona\/wp-json\/wp\/v2\/posts"}],"about":[{"href":"https:\/\/agora.xtec.cat\/escolataularodona\/wp-json\/wp\/v2\/types\/post"}],"author":[{"embeddable":true,"href":"https:\/\/agora.xtec.cat\/escolataularodona\/wp-json\/wp\/v2\/users\/18"}],"replies":[{"embeddable":true,"href":"https:\/\/agora.xtec.cat\/escolataularodona\/wp-json\/wp\/v2\/comments?post=7887"}],"version-history":[{"count":3,"href":"https:\/\/agora.xtec.cat\/escolataularodona\/wp-json\/wp\/v2\/posts\/7887\/revisions"}],"predecessor-version":[{"id":7905,"href":"https:\/\/agora.xtec.cat\/escolataularodona\/wp-json\/wp\/v2\/posts\/7887\/revisions\/7905"}],"wp:featuredmedia":[{"embeddable":true,"href":"https:\/\/agora.xtec.cat\/escolataularodona\/wp-json\/wp\/v2\/media\/7888"}],"wp:attachment":[{"href":"https:\/\/agora.xtec.cat\/escolataularodona\/wp-json\/wp\/v2\/media?parent=7887"}],"wp:term":[{"taxonomy":"category","embeddable":true,"href":"https:\/\/agora.xtec.cat\/escolataularodona\/wp-json\/wp\/v2\/categories?post=7887"},{"taxonomy":"post_tag","embeddable":true,"href":"https:\/\/agora.xtec.cat\/escolataularodona\/wp-json\/wp\/v2\/tags?post=7887"}],"curies":[{"name":"wp","href":"https:\/\/api.w.org\/{rel}","templated":true}]}}