{"id":7877,"date":"2022-02-24T19:02:01","date_gmt":"2022-02-24T18:02:01","guid":{"rendered":"https:\/\/agora.xtec.cat\/escolataularodona\/?p=7877"},"modified":"2024-03-05T13:39:40","modified_gmt":"2024-03-05T12:39:40","slug":"art-crafts-activity-making-bags","status":"publish","type":"post","link":"https:\/\/agora.xtec.cat\/escolataularodona\/arts\/art-crafts-activity-making-bags\/","title":{"rendered":"ART &#038; CRAFTS ACTIVITY: MAKING BAGS!!"},"content":{"rendered":"<p><img loading=\"lazy\" decoding=\"async\" class=\"alignnone size-medium wp-image-7878\" src=\"https:\/\/agora.xtec.cat\/escolataularodona\/wp-content\/uploads\/usu722\/2022\/02\/word-art-300x225.jpg\" alt=\"\" width=\"300\" height=\"225\" srcset=\"https:\/\/agora.xtec.cat\/escolataularodona\/wp-content\/uploads\/usu722\/2022\/02\/word-art-300x225.jpg 300w, https:\/\/agora.xtec.cat\/escolataularodona\/wp-content\/uploads\/usu722\/2022\/02\/word-art-1024x768.jpg 1024w, https:\/\/agora.xtec.cat\/escolataularodona\/wp-content\/uploads\/usu722\/2022\/02\/word-art-768x576.jpg 768w, https:\/\/agora.xtec.cat\/escolataularodona\/wp-content\/uploads\/usu722\/2022\/02\/word-art-1536x1152.jpg 1536w, https:\/\/agora.xtec.cat\/escolataularodona\/wp-content\/uploads\/usu722\/2022\/02\/word-art-200x150.jpg 200w, https:\/\/agora.xtec.cat\/escolataularodona\/wp-content\/uploads\/usu722\/2022\/02\/word-art.jpg 1600w\" sizes=\"auto, (max-width: 300px) 100vw, 300px\" \/><\/p>\n<p>L&#8217;alumnat de sis\u00e8 de prim\u00e0ria de la nostra escola ha dut a terme una activitat art\u00edstica per als infants de P3 d&#8217;infantil. La tem\u00e0tica era lliure i consistia a dissenyar bosses art\u00edstiques per als seus fillols.<\/p>\n<p>&nbsp;<\/p>\n<p><img loading=\"lazy\" decoding=\"async\" class=\"alignnone size-medium wp-image-7879\" src=\"https:\/\/agora.xtec.cat\/escolataularodona\/wp-content\/uploads\/usu722\/2022\/02\/IMG-7080-2-239x300.jpg\" alt=\"\" width=\"239\" height=\"300\" srcset=\"https:\/\/agora.xtec.cat\/escolataularodona\/wp-content\/uploads\/usu722\/2022\/02\/IMG-7080-2-239x300.jpg 239w, https:\/\/agora.xtec.cat\/escolataularodona\/wp-content\/uploads\/usu722\/2022\/02\/IMG-7080-2-815x1024.jpg 815w, https:\/\/agora.xtec.cat\/escolataularodona\/wp-content\/uploads\/usu722\/2022\/02\/IMG-7080-2-768x965.jpg 768w, https:\/\/agora.xtec.cat\/escolataularodona\/wp-content\/uploads\/usu722\/2022\/02\/IMG-7080-2-1222x1536.jpg 1222w, https:\/\/agora.xtec.cat\/escolataularodona\/wp-content\/uploads\/usu722\/2022\/02\/IMG-7080-2-1630x2048.jpg 1630w, https:\/\/agora.xtec.cat\/escolataularodona\/wp-content\/uploads\/usu722\/2022\/02\/IMG-7080-2-scaled.jpg 2037w\" sizes=\"auto, (max-width: 239px) 100vw, 239px\" \/>\u00a0 \u00a0 <img loading=\"lazy\" decoding=\"async\" class=\"alignnone size-medium wp-image-7880\" src=\"https:\/\/agora.xtec.cat\/escolataularodona\/wp-content\/uploads\/usu722\/2022\/02\/IMG-7094-2-300x292.jpg\" alt=\"\" width=\"300\" height=\"292\" srcset=\"https:\/\/agora.xtec.cat\/escolataularodona\/wp-content\/uploads\/usu722\/2022\/02\/IMG-7094-2-300x292.jpg 300w, https:\/\/agora.xtec.cat\/escolataularodona\/wp-content\/uploads\/usu722\/2022\/02\/IMG-7094-2-1024x996.jpg 1024w, https:\/\/agora.xtec.cat\/escolataularodona\/wp-content\/uploads\/usu722\/2022\/02\/IMG-7094-2-768x747.jpg 768w, https:\/\/agora.xtec.cat\/escolataularodona\/wp-content\/uploads\/usu722\/2022\/02\/IMG-7094-2-1536x1494.jpg 1536w, https:\/\/agora.xtec.cat\/escolataularodona\/wp-content\/uploads\/usu722\/2022\/02\/IMG-7094-2-2048x1992.jpg 2048w\" sizes=\"auto, (max-width: 300px) 100vw, 300px\" \/> <img loading=\"lazy\" decoding=\"async\" class=\"alignnone size-medium wp-image-7882\" src=\"https:\/\/agora.xtec.cat\/escolataularodona\/wp-content\/uploads\/usu722\/2022\/02\/IMG-7096-2-284x300.jpg\" alt=\"\" width=\"284\" height=\"300\" srcset=\"https:\/\/agora.xtec.cat\/escolataularodona\/wp-content\/uploads\/usu722\/2022\/02\/IMG-7096-2-284x300.jpg 284w, https:\/\/agora.xtec.cat\/escolataularodona\/wp-content\/uploads\/usu722\/2022\/02\/IMG-7096-2-968x1024.jpg 968w, https:\/\/agora.xtec.cat\/escolataularodona\/wp-content\/uploads\/usu722\/2022\/02\/IMG-7096-2-768x812.jpg 768w, https:\/\/agora.xtec.cat\/escolataularodona\/wp-content\/uploads\/usu722\/2022\/02\/IMG-7096-2-1452x1536.jpg 1452w, https:\/\/agora.xtec.cat\/escolataularodona\/wp-content\/uploads\/usu722\/2022\/02\/IMG-7096-2-1936x2048.jpg 1936w\" sizes=\"auto, (max-width: 284px) 100vw, 284px\" \/> <img loading=\"lazy\" decoding=\"async\" class=\"alignnone size-medium wp-image-7883\" src=\"https:\/\/agora.xtec.cat\/escolataularodona\/wp-content\/uploads\/usu722\/2022\/02\/IMG-7099-2-265x300.jpg\" alt=\"\" width=\"265\" height=\"300\" srcset=\"https:\/\/agora.xtec.cat\/escolataularodona\/wp-content\/uploads\/usu722\/2022\/02\/IMG-7099-2-265x300.jpg 265w, https:\/\/agora.xtec.cat\/escolataularodona\/wp-content\/uploads\/usu722\/2022\/02\/IMG-7099-2-904x1024.jpg 904w, https:\/\/agora.xtec.cat\/escolataularodona\/wp-content\/uploads\/usu722\/2022\/02\/IMG-7099-2-768x870.jpg 768w, https:\/\/agora.xtec.cat\/escolataularodona\/wp-content\/uploads\/usu722\/2022\/02\/IMG-7099-2-1355x1536.jpg 1355w, https:\/\/agora.xtec.cat\/escolataularodona\/wp-content\/uploads\/usu722\/2022\/02\/IMG-7099-2-1807x2048.jpg 1807w\" sizes=\"auto, (max-width: 265px) 100vw, 265px\" \/> <img loading=\"lazy\" decoding=\"async\" class=\"alignnone size-medium wp-image-7881\" src=\"https:\/\/agora.xtec.cat\/escolataularodona\/wp-content\/uploads\/usu722\/2022\/02\/IMG-7095-2-270x300.jpg\" alt=\"\" width=\"270\" height=\"300\" srcset=\"https:\/\/agora.xtec.cat\/escolataularodona\/wp-content\/uploads\/usu722\/2022\/02\/IMG-7095-2-270x300.jpg 270w, https:\/\/agora.xtec.cat\/escolataularodona\/wp-content\/uploads\/usu722\/2022\/02\/IMG-7095-2-922x1024.jpg 922w, https:\/\/agora.xtec.cat\/escolataularodona\/wp-content\/uploads\/usu722\/2022\/02\/IMG-7095-2-768x853.jpg 768w, https:\/\/agora.xtec.cat\/escolataularodona\/wp-content\/uploads\/usu722\/2022\/02\/IMG-7095-2-1382x1536.jpg 1382w, https:\/\/agora.xtec.cat\/escolataularodona\/wp-content\/uploads\/usu722\/2022\/02\/IMG-7095-2-1843x2048.jpg 1843w\" sizes=\"auto, (max-width: 270px) 100vw, 270px\" \/><img loading=\"lazy\" decoding=\"async\" class=\"alignnone size-medium wp-image-7884\" src=\"https:\/\/agora.xtec.cat\/escolataularodona\/wp-content\/uploads\/usu722\/2022\/02\/IMG-7105-2-265x300.jpg\" alt=\"\" width=\"265\" height=\"300\" srcset=\"https:\/\/agora.xtec.cat\/escolataularodona\/wp-content\/uploads\/usu722\/2022\/02\/IMG-7105-2-265x300.jpg 265w, https:\/\/agora.xtec.cat\/escolataularodona\/wp-content\/uploads\/usu722\/2022\/02\/IMG-7105-2-906x1024.jpg 906w, https:\/\/agora.xtec.cat\/escolataularodona\/wp-content\/uploads\/usu722\/2022\/02\/IMG-7105-2-768x868.jpg 768w, https:\/\/agora.xtec.cat\/escolataularodona\/wp-content\/uploads\/usu722\/2022\/02\/IMG-7105-2-1359x1536.jpg 1359w, https:\/\/agora.xtec.cat\/escolataularodona\/wp-content\/uploads\/usu722\/2022\/02\/IMG-7105-2-1812x2048.jpg 1812w\" sizes=\"auto, (max-width: 265px) 100vw, 265px\" \/><\/p>\n<p>Ha sigut un proc\u00e9s for\u00e7a elaborat per part de l&#8217;alumnat de sis\u00e8, ja que han posat tot el seu esfor\u00e7 i dedicaci\u00f3 en convertir-se en grans costurers i costureres. Ha sigut un projecte molt gratificant per a tot l&#8217;alumnat i bastant interessant perqu\u00e8 han compartit estones de pati, converses i interessos mutus entre grans i petits.<\/p>\n<p>Felicitats per la feina feta!<\/p>\n<p>Feu clic aqu\u00ed per veure que maques han quedat les bosses! <a href=\"https:\/\/agora.xtec.cat\/escolataularodona\/fotografies-e-i-3-anys\/\">P3<\/a> &#8212; <a href=\"https:\/\/agora.xtec.cat\/escolataularodona\/fotografies-cicle-superior\/\">6\u00e9<\/a><\/p>\n","protected":false},"excerpt":{"rendered":"<p>L&#8217;alumnat de sis\u00e8 de prim\u00e0ria de la nostra escola ha dut a terme una activitat art\u00edstica per als infants de P3 d&#8217;infantil. La tem\u00e0tica era lliure i consistia a dissenyar bosses art\u00edstiques per als seus fillols.<br \/>\n&nbsp;<br \/>\n\u00a0 \u00a0<br \/>\nHa sigut un proc\u00e9s for\u00e7a&hellip;  <a href=\"https:\/\/agora.xtec.cat\/escolataularodona\/arts\/art-crafts-activity-making-bags\/\" title=\"Read ART &#038; CRAFTS ACTIVITY: MAKING BAGS!!\">Llegeix m\u00e9s\u00bb<\/a><\/p>\n","protected":false},"author":18,"featured_media":7878,"comment_status":"closed","ping_status":"closed","sticky":false,"template":"","format":"standard","meta":{"_bbp_topic_count":0,"_bbp_reply_count":0,"_bbp_total_topic_count":0,"_bbp_total_reply_count":0,"_bbp_voice_count":0,"_bbp_anonymous_reply_count":0,"_bbp_topic_count_hidden":0,"_bbp_reply_count_hidden":0,"_bbp_forum_subforum_count":0,"footnotes":""},"categories":[70,77,76],"tags":[174],"class_list":["post-7877","post","type-post","status-publish","format-standard","has-post-thumbnail","hentry","category-arts","category-inf","category-prim","tag-2021-2022"],"post_mailing_queue_ids":[],"_links":{"self":[{"href":"https:\/\/agora.xtec.cat\/escolataularodona\/wp-json\/wp\/v2\/posts\/7877","targetHints":{"allow":["GET"]}}],"collection":[{"href":"https:\/\/agora.xtec.cat\/escolataularodona\/wp-json\/wp\/v2\/posts"}],"about":[{"href":"https:\/\/agora.xtec.cat\/escolataularodona\/wp-json\/wp\/v2\/types\/post"}],"author":[{"embeddable":true,"href":"https:\/\/agora.xtec.cat\/escolataularodona\/wp-json\/wp\/v2\/users\/18"}],"replies":[{"embeddable":true,"href":"https:\/\/agora.xtec.cat\/escolataularodona\/wp-json\/wp\/v2\/comments?post=7877"}],"version-history":[{"count":3,"href":"https:\/\/agora.xtec.cat\/escolataularodona\/wp-json\/wp\/v2\/posts\/7877\/revisions"}],"predecessor-version":[{"id":8121,"href":"https:\/\/agora.xtec.cat\/escolataularodona\/wp-json\/wp\/v2\/posts\/7877\/revisions\/8121"}],"wp:featuredmedia":[{"embeddable":true,"href":"https:\/\/agora.xtec.cat\/escolataularodona\/wp-json\/wp\/v2\/media\/7878"}],"wp:attachment":[{"href":"https:\/\/agora.xtec.cat\/escolataularodona\/wp-json\/wp\/v2\/media?parent=7877"}],"wp:term":[{"taxonomy":"category","embeddable":true,"href":"https:\/\/agora.xtec.cat\/escolataularodona\/wp-json\/wp\/v2\/categories?post=7877"},{"taxonomy":"post_tag","embeddable":true,"href":"https:\/\/agora.xtec.cat\/escolataularodona\/wp-json\/wp\/v2\/tags?post=7877"}],"curies":[{"name":"wp","href":"https:\/\/api.w.org\/{rel}","templated":true}]}}