{"id":7843,"date":"2022-02-04T18:00:26","date_gmt":"2022-02-04T17:00:26","guid":{"rendered":"https:\/\/agora.xtec.cat\/escolataularodona\/?p=7843"},"modified":"2022-11-15T13:31:49","modified_gmt":"2022-11-15T12:31:49","slug":"experimentacio-dhivern-p4","status":"publish","type":"post","link":"https:\/\/agora.xtec.cat\/escolataularodona\/inf\/experimentacio-dhivern-p4\/","title":{"rendered":"Experimentaci\u00f3 d&#8217;hivern. P4"},"content":{"rendered":"<p><img loading=\"lazy\" decoding=\"async\" class=\"alignnone size-medium wp-image-7849 aligncenter\" src=\"https:\/\/agora.xtec.cat\/escolataularodona\/wp-content\/uploads\/usu722\/2022\/02\/EMPERIMENTACIO-AMB-XIA-BOLES-DAIGUA-DHIDROGEL-GEL-I-XIA-AMB-COLORANT-BLAU-I-TAULA-DE-LLUM-300x240.png\" alt=\"\" width=\"300\" height=\"240\" srcset=\"https:\/\/agora.xtec.cat\/escolataularodona\/wp-content\/uploads\/usu722\/2022\/02\/EMPERIMENTACIO-AMB-XIA-BOLES-DAIGUA-DHIDROGEL-GEL-I-XIA-AMB-COLORANT-BLAU-I-TAULA-DE-LLUM-300x240.png 300w, https:\/\/agora.xtec.cat\/escolataularodona\/wp-content\/uploads\/usu722\/2022\/02\/EMPERIMENTACIO-AMB-XIA-BOLES-DAIGUA-DHIDROGEL-GEL-I-XIA-AMB-COLORANT-BLAU-I-TAULA-DE-LLUM-768x614.png 768w, https:\/\/agora.xtec.cat\/escolataularodona\/wp-content\/uploads\/usu722\/2022\/02\/EMPERIMENTACIO-AMB-XIA-BOLES-DAIGUA-DHIDROGEL-GEL-I-XIA-AMB-COLORANT-BLAU-I-TAULA-DE-LLUM.png 1000w\" sizes=\"auto, (max-width: 300px) 100vw, 300px\" \/><\/p>\n<p style=\"text-align: justify;\">Aquesta setmana hem fet una experimentaci\u00f3 inspirada en l&#8217;estaci\u00f3 de l&#8217;hivern. Hem distribu\u00eft l&#8217;aula en quatre espais:<\/p>\n<ul style=\"text-align: justify;\">\n<li><strong>Una safata de xia amb aigua i gel.<\/strong> Aquest aliment va estar tota la nit pr\u00e8via en contacte amb aigua, amb la qual cosa va experimentar una transformaci\u00f3, tenia un tacte gelatin\u00f3s. A m\u00e9s, vam afegir gla\u00e7ons de diverses mides i formes d&#8217;animals del fons mar\u00ed. D&#8217;altres materials que els infants podien trobar van ser: culleres, coladors, recipients&#8230; Justament, per aquesta sessi\u00f3 vam poder gaudir d&#8217;una nova safata d&#8217;experimentaci\u00f3, que hem comprat on poden posar-se al voltant d&#8217;uns sis infants. D&#8217;aquesta manera, poden compartir i experimentar junts.<\/li>\n<li><strong>Dues safates de boles d&#8217;aigua d&#8217;hidrogel<\/strong>. Aquest material tamb\u00e9 s&#8217;ha de posar amb aigua abans, ja que les boletes s\u00f3n molt petites, i arriben a tenir la mida de la fotografia quan entra en contacte amb l&#8217;aigua, d&#8217;aquesta manera s&#8217;hidraten. En aquest rac\u00f3 vam posar gla\u00e7ons de colors, recipients, pales met\u00e0l\u00b7liques&#8230;<\/li>\n<li><strong>Dues safates col\u00b7locades a sobre de la taula de llum.<\/strong> Aquestes estaven plenes de xia amb colorant blau i tamb\u00e9 aigua. A m\u00e9s, vam introduir a les safates: gla\u00e7ons, pots transparents petits, cassons i unes plantilles de pl\u00e0stic amb dibuixos de l&#8217;hivern (aquestes les podien trobar si feien\u00a0 servir els pots transparents com si fossin lupaes i els gla\u00e7ons.<\/li>\n<li><strong>En un altre rac\u00f3 vam posar quatre safates:<\/strong> <strong>dos amb sal i dos amb plaques congelades.<\/strong> A l&#8217;interior d&#8217;aquestes \u00faltimes hi havia animals marins congelats. Les nenes i els nens tamb\u00e9 es van trobar en aquest espai pots amb aigua i colorant lila i blau mar\u00ed, pipetes, culleres, coladors, malls de fusta&#8230;<\/li>\n<\/ul>\n<p style=\"text-align: justify;\">S&#8217;ho van passar molt b\u00e9!!!<\/p>\n<p style=\"text-align: justify;\"><a href=\"https:\/\/agora.xtec.cat\/escolataularodona\/fotografies-e-i-4-anys\/\">Podeu veure les fotografies fent clic aqu\u00ed.<\/a><\/p>\n","protected":false},"excerpt":{"rendered":"<p>Aquesta setmana hem fet una experimentaci\u00f3 inspirada en l&#8217;estaci\u00f3 de l&#8217;hivern. Hem distribu\u00eft l&#8217;aula en quatre espais:<\/p>\n<ul style=\"text-align: justify;\">\n<li>Una safata de xia amb aigua i gel. Aquest aliment va estar tota la nit pr\u00e8via en contacte amb aigua, amb la qual cosa va experimentar una&hellip;  <a href=\"https:\/\/agora.xtec.cat\/escolataularodona\/inf\/experimentacio-dhivern-p4\/\" title=\"Read Experimentaci\u00f3 d&#8217;hivern. P4\">Llegeix m\u00e9s\u00bb<\/a><br \/>\n","protected":false},"author":18,"featured_media":7844,"comment_status":"closed","ping_status":"closed","sticky":false,"template":"","format":"standard","meta":{"_bbp_topic_count":0,"_bbp_reply_count":0,"_bbp_total_topic_count":0,"_bbp_total_reply_count":0,"_bbp_voice_count":0,"_bbp_anonymous_reply_count":0,"_bbp_topic_count_hidden":0,"_bbp_reply_count_hidden":0,"_bbp_forum_subforum_count":0,"footnotes":""},"categories":[77],"tags":[174],"class_list":["post-7843","post","type-post","status-publish","format-standard","has-post-thumbnail","hentry","category-inf","tag-2021-2022"],"post_mailing_queue_ids":[],"_links":{"self":[{"href":"https:\/\/agora.xtec.cat\/escolataularodona\/wp-json\/wp\/v2\/posts\/7843","targetHints":{"allow":["GET"]}}],"collection":[{"href":"https:\/\/agora.xtec.cat\/escolataularodona\/wp-json\/wp\/v2\/posts"}],"about":[{"href":"https:\/\/agora.xtec.cat\/escolataularodona\/wp-json\/wp\/v2\/types\/post"}],"author":[{"embeddable":true,"href":"https:\/\/agora.xtec.cat\/escolataularodona\/wp-json\/wp\/v2\/users\/18"}],"replies":[{"embeddable":true,"href":"https:\/\/agora.xtec.cat\/escolataularodona\/wp-json\/wp\/v2\/comments?post=7843"}],"version-history":[{"count":3,"href":"https:\/\/agora.xtec.cat\/escolataularodona\/wp-json\/wp\/v2\/posts\/7843\/revisions"}],"predecessor-version":[{"id":7906,"href":"https:\/\/agora.xtec.cat\/escolataularodona\/wp-json\/wp\/v2\/posts\/7843\/revisions\/7906"}],"wp:featuredmedia":[{"embeddable":true,"href":"https:\/\/agora.xtec.cat\/escolataularodona\/wp-json\/wp\/v2\/media\/7844"}],"wp:attachment":[{"href":"https:\/\/agora.xtec.cat\/escolataularodona\/wp-json\/wp\/v2\/media?parent=7843"}],"wp:term":[{"taxonomy":"category","embeddable":true,"href":"https:\/\/agora.xtec.cat\/escolataularodona\/wp-json\/wp\/v2\/categories?post=7843"},{"taxonomy":"post_tag","embeddable":true,"href":"https:\/\/agora.xtec.cat\/escolataularodona\/wp-json\/wp\/v2\/tags?post=7843"}],"curies":[{"name":"wp","href":"https:\/\/api.w.org\/{rel}","templated":true}]}}