{"id":7759,"date":"2021-12-21T22:25:23","date_gmt":"2021-12-21T21:25:23","guid":{"rendered":"https:\/\/agora.xtec.cat\/escolataularodona\/?p=7759"},"modified":"2022-11-15T13:32:12","modified_gmt":"2022-11-15T12:32:12","slug":"p4-racons-daprenentatge-2a-rotacio","status":"publish","type":"post","link":"https:\/\/agora.xtec.cat\/escolataularodona\/inf\/p4-racons-daprenentatge-2a-rotacio\/","title":{"rendered":"P4: Racons d&#8217;aprenentatge (2a rotaci\u00f3)"},"content":{"rendered":"<p>Les nenes i els nens de la classe de les bomberes\/s i de les plantes hem acabat la segona rotaci\u00f3 dels racons d&#8217;aprenentatge. A partir d&#8217;una formaci\u00f3 realitzada per les mestres d&#8217;Educaci\u00f3 Infantil sobre pedagogia Montessori, hem fet reajustaments en els racons d&#8217;aprenentatge per convertir-los en racons basats en aquesta metodologia.<\/p>\n<p>Aix\u00ed d&#8217;aquesta manera, les 4 \u00e0rees en les quals, a partir d&#8217;ara, es distribuiran els racons seran les seg\u00fcents:<\/p>\n<p><span style=\"text-decoration: underline;\"><strong>Vida pr\u00e0ctica<\/strong><\/span> (Aquesta \u00e0rea busca preparar als infants per a les experi\u00e8ncies de la vida quotidiana. La finalitat \u00e9s desenvolupar l&#8217;autonomia, la seguretat, la coordinaci\u00f3, la confian\u00e7a en un mateix, la consci\u00e8ncia del medi ambient i la independ\u00e8ncia personal.)<\/p>\n<p>Preparem de forma cooperativa una maced\u00f2nia. A cada sessi\u00f3, hi ha diferents fruites i les nenes i nens trien qu\u00e8 volen fer per dur a terme la proposta.<\/p>\n<p><img loading=\"lazy\" decoding=\"async\" class=\"alignnone  wp-image-7803\" src=\"https:\/\/agora.xtec.cat\/escolataularodona\/wp-content\/uploads\/usu722\/2021\/12\/1638011794241-300x225.jpg\" alt=\"\" width=\"244\" height=\"183\" srcset=\"https:\/\/agora.xtec.cat\/escolataularodona\/wp-content\/uploads\/usu722\/2021\/12\/1638011794241-300x225.jpg 300w, https:\/\/agora.xtec.cat\/escolataularodona\/wp-content\/uploads\/usu722\/2021\/12\/1638011794241-200x150.jpg 200w, https:\/\/agora.xtec.cat\/escolataularodona\/wp-content\/uploads\/usu722\/2021\/12\/1638011794241.jpg 500w\" sizes=\"auto, (max-width: 244px) 100vw, 244px\" \/><\/p>\n<p><span style=\"text-decoration: underline;\"><strong>Sensorial<\/strong><\/span> ( La seva finalitat \u00e9s que les nenes i els nens desenvolupin al m\u00e0xim les capacitats sensorials innates. Les propostes busquen que l&#8217;o\u00efda, l&#8217;olfacte, el tacte, la vista i el gust es visquin de manera lliure i es desenvolupi les percepcions que ens ajuden a diferenciar les coses a trav\u00e9s d&#8217;un sentit o un altre.)<\/p>\n<p>Taula sensorial amb fons de llenties i elements de la tardor.<\/p>\n<p><img loading=\"lazy\" decoding=\"async\" class=\"alignnone  wp-image-7804\" src=\"https:\/\/agora.xtec.cat\/escolataularodona\/wp-content\/uploads\/usu722\/2021\/12\/1638011794195-300x225.jpg\" alt=\"\" width=\"244\" height=\"183\" srcset=\"https:\/\/agora.xtec.cat\/escolataularodona\/wp-content\/uploads\/usu722\/2021\/12\/1638011794195-300x225.jpg 300w, https:\/\/agora.xtec.cat\/escolataularodona\/wp-content\/uploads\/usu722\/2021\/12\/1638011794195-200x150.jpg 200w, https:\/\/agora.xtec.cat\/escolataularodona\/wp-content\/uploads\/usu722\/2021\/12\/1638011794195.jpg 500w\" sizes=\"auto, (max-width: 244px) 100vw, 244px\" \/><\/p>\n<p><span style=\"text-decoration: underline;\"><strong>Matem\u00e0tica<\/strong><\/span> (En aquesta \u00e0rea es pret\u00e9n el desenvolupament de conceptes matem\u00e0tics b\u00e0sics i conduir als petits i petites a conceptes abstractes, algebraics i geom\u00e8trics.)<\/p>\n<p>Posem als forats de les oueres tants pompons com indica el n\u00famero escrit.<\/p>\n<p><img loading=\"lazy\" decoding=\"async\" class=\"alignnone  wp-image-7805\" src=\"https:\/\/agora.xtec.cat\/escolataularodona\/wp-content\/uploads\/usu722\/2021\/12\/1638011794165-300x225.jpg\" alt=\"\" width=\"244\" height=\"183\" srcset=\"https:\/\/agora.xtec.cat\/escolataularodona\/wp-content\/uploads\/usu722\/2021\/12\/1638011794165-300x225.jpg 300w, https:\/\/agora.xtec.cat\/escolataularodona\/wp-content\/uploads\/usu722\/2021\/12\/1638011794165-200x150.jpg 200w, https:\/\/agora.xtec.cat\/escolataularodona\/wp-content\/uploads\/usu722\/2021\/12\/1638011794165.jpg 500w\" sizes=\"auto, (max-width: 244px) 100vw, 244px\" \/><\/p>\n<p><span style=\"text-decoration: underline;\"><strong>Llenguatge<\/strong><\/span> (La seva finalitat \u00e9s la d&#8217;enriquir el llenguatge que ja tenen adquirit i a aprendre a trav\u00e9s dels sentits\u00a0 (tacte i de l&#8217;o\u00efda) a escriure i a llegir d&#8217;una manera natural.)<\/p>\n<p>Constru\u00efm paraules amb les pinces que tenen lletres.<\/p>\n<p><img loading=\"lazy\" decoding=\"async\" class=\"alignnone  wp-image-7806\" src=\"https:\/\/agora.xtec.cat\/escolataularodona\/wp-content\/uploads\/usu722\/2021\/12\/1638011794134-300x225.jpg\" alt=\"\" width=\"247\" height=\"185\" srcset=\"https:\/\/agora.xtec.cat\/escolataularodona\/wp-content\/uploads\/usu722\/2021\/12\/1638011794134-300x225.jpg 300w, https:\/\/agora.xtec.cat\/escolataularodona\/wp-content\/uploads\/usu722\/2021\/12\/1638011794134-200x150.jpg 200w, https:\/\/agora.xtec.cat\/escolataularodona\/wp-content\/uploads\/usu722\/2021\/12\/1638011794134.jpg 450w\" sizes=\"auto, (max-width: 247px) 100vw, 247px\" \/><\/p>\n<p><a href=\"https:\/\/agora.xtec.cat\/escolataularodona\/fotografies-e-i-4-anys\/\">Podeu veure les fotos fent clic aqu\u00ed.<\/a><\/p>\n","protected":false},"excerpt":{"rendered":"<p>Les nenes i els nens de la classe de les bomberes\/s i de les plantes hem acabat la segona rotaci\u00f3 dels racons d&#8217;aprenentatge. A partir d&#8217;una formaci\u00f3 realitzada per les mestres d&#8217;Educaci\u00f3 Infantil sobre pedagogia Montessori, hem fet reajustaments en els racons d&#8217;aprenentatge per convertir-los&hellip;  <a href=\"https:\/\/agora.xtec.cat\/escolataularodona\/inf\/p4-racons-daprenentatge-2a-rotacio\/\" title=\"Read P4: Racons d&#8217;aprenentatge (2a rotaci\u00f3)\">Llegeix m\u00e9s\u00bb<\/a><\/p>\n","protected":false},"author":1,"featured_media":7802,"comment_status":"closed","ping_status":"closed","sticky":false,"template":"","format":"standard","meta":{"_bbp_topic_count":0,"_bbp_reply_count":0,"_bbp_total_topic_count":0,"_bbp_total_reply_count":0,"_bbp_voice_count":0,"_bbp_anonymous_reply_count":0,"_bbp_topic_count_hidden":0,"_bbp_reply_count_hidden":0,"_bbp_forum_subforum_count":0,"footnotes":""},"categories":[77],"tags":[174],"class_list":["post-7759","post","type-post","status-publish","format-standard","has-post-thumbnail","hentry","category-inf","tag-2021-2022"],"post_mailing_queue_ids":[],"_links":{"self":[{"href":"https:\/\/agora.xtec.cat\/escolataularodona\/wp-json\/wp\/v2\/posts\/7759","targetHints":{"allow":["GET"]}}],"collection":[{"href":"https:\/\/agora.xtec.cat\/escolataularodona\/wp-json\/wp\/v2\/posts"}],"about":[{"href":"https:\/\/agora.xtec.cat\/escolataularodona\/wp-json\/wp\/v2\/types\/post"}],"author":[{"embeddable":true,"href":"https:\/\/agora.xtec.cat\/escolataularodona\/wp-json\/wp\/v2\/users\/1"}],"replies":[{"embeddable":true,"href":"https:\/\/agora.xtec.cat\/escolataularodona\/wp-json\/wp\/v2\/comments?post=7759"}],"version-history":[{"count":3,"href":"https:\/\/agora.xtec.cat\/escolataularodona\/wp-json\/wp\/v2\/posts\/7759\/revisions"}],"predecessor-version":[{"id":7807,"href":"https:\/\/agora.xtec.cat\/escolataularodona\/wp-json\/wp\/v2\/posts\/7759\/revisions\/7807"}],"wp:featuredmedia":[{"embeddable":true,"href":"https:\/\/agora.xtec.cat\/escolataularodona\/wp-json\/wp\/v2\/media\/7802"}],"wp:attachment":[{"href":"https:\/\/agora.xtec.cat\/escolataularodona\/wp-json\/wp\/v2\/media?parent=7759"}],"wp:term":[{"taxonomy":"category","embeddable":true,"href":"https:\/\/agora.xtec.cat\/escolataularodona\/wp-json\/wp\/v2\/categories?post=7759"},{"taxonomy":"post_tag","embeddable":true,"href":"https:\/\/agora.xtec.cat\/escolataularodona\/wp-json\/wp\/v2\/tags?post=7759"}],"curies":[{"name":"wp","href":"https:\/\/api.w.org\/{rel}","templated":true}]}}