{"id":7751,"date":"2021-12-21T09:26:19","date_gmt":"2021-12-21T08:26:19","guid":{"rendered":"https:\/\/agora.xtec.cat\/escolataularodona\/?p=7751"},"modified":"2022-11-15T13:33:00","modified_gmt":"2022-11-15T12:33:00","slug":"matematiques-a-p5","status":"publish","type":"post","link":"https:\/\/agora.xtec.cat\/escolataularodona\/inf\/matematiques-a-p5\/","title":{"rendered":"Matem\u00e0tiques a P5"},"content":{"rendered":"<p><span style=\"font-weight: 400;\">Us vol\u00edem compartir algunes fotos de les activitats de matem\u00e0tiques amb material. Com us vam informar a la reuni\u00f3, les matem\u00e0tiques les treballem a partir de les intel\u00b7lig\u00e8ncies m\u00faltiples per poder arribar a tot l\u2019alumnat. Us mostrem alguna de les sessions perqu\u00e8 veieu com aprenent jugant de forma cooperativa.<\/span><\/p>\n<ul>\n<li style=\"font-weight: 400;\"><span style=\"font-weight: 400;\">Aprendre la tira num\u00e8rica fins al 20.<\/span><\/li>\n<li style=\"font-weight: 400;\"><span style=\"font-weight: 400;\">Concepte de quantitat.<\/span><\/li>\n<li style=\"font-weight: 400;\"><span style=\"font-weight: 400;\">Relaci\u00f3 grafia-quantitat.<\/span><\/li>\n<li style=\"font-weight: 400;\"><span style=\"font-weight: 400;\">Practiquem la grafia dels n\u00fameros en plastilina.<\/span><\/li>\n<\/ul>\n<p><span style=\"font-weight: 400;\">\u00c9s important que veieu les fotos conjuntament amb els vostres fills i filles i que us puguin verbalitzar el que estaven fent.<\/span><\/p>\n<figure class=\"figure wp-caption alignnone\"><a href=\"https:\/\/agora.xtec.cat\/escolataularodona\/fotografies-e-i-5-anys\/\"><img loading=\"lazy\" decoding=\"async\" src=\"https:\/\/i.ytimg.com\/vi\/WWB5O_cKsIo\/maxresdefault.jpg\" alt=\"\" width=\"253\" height=\"142\" \/><\/a><figcaption class=\"wp-caption-text\"><a href=\"https:\/\/agora.xtec.cat\/escolataularodona\/fotografies-e-i-5-anys\/\">Veure les fotografies<\/a><\/figcaption><\/figure>\n","protected":false},"excerpt":{"rendered":"<p>Us vol\u00edem compartir algunes fotos de les activitats de matem\u00e0tiques amb material. Com us vam informar a la reuni\u00f3, les matem\u00e0tiques les treballem a partir de les intel\u00b7lig\u00e8ncies m\u00faltiples per poder arribar a tot l\u2019alumnat. Us mostrem alguna de les sessions perqu\u00e8 veieu com aprenent&hellip;  <a href=\"https:\/\/agora.xtec.cat\/escolataularodona\/inf\/matematiques-a-p5\/\" title=\"Read Matem\u00e0tiques a P5\">Llegeix m\u00e9s\u00bb<\/a><\/p>\n","protected":false},"author":18,"featured_media":7774,"comment_status":"closed","ping_status":"closed","sticky":false,"template":"","format":"standard","meta":{"_bbp_topic_count":0,"_bbp_reply_count":0,"_bbp_total_topic_count":0,"_bbp_total_reply_count":0,"_bbp_voice_count":0,"_bbp_anonymous_reply_count":0,"_bbp_topic_count_hidden":0,"_bbp_reply_count_hidden":0,"_bbp_forum_subforum_count":0,"footnotes":""},"categories":[77],"tags":[174],"class_list":["post-7751","post","type-post","status-publish","format-standard","has-post-thumbnail","hentry","category-inf","tag-2021-2022"],"post_mailing_queue_ids":[],"_links":{"self":[{"href":"https:\/\/agora.xtec.cat\/escolataularodona\/wp-json\/wp\/v2\/posts\/7751","targetHints":{"allow":["GET"]}}],"collection":[{"href":"https:\/\/agora.xtec.cat\/escolataularodona\/wp-json\/wp\/v2\/posts"}],"about":[{"href":"https:\/\/agora.xtec.cat\/escolataularodona\/wp-json\/wp\/v2\/types\/post"}],"author":[{"embeddable":true,"href":"https:\/\/agora.xtec.cat\/escolataularodona\/wp-json\/wp\/v2\/users\/18"}],"replies":[{"embeddable":true,"href":"https:\/\/agora.xtec.cat\/escolataularodona\/wp-json\/wp\/v2\/comments?post=7751"}],"version-history":[{"count":3,"href":"https:\/\/agora.xtec.cat\/escolataularodona\/wp-json\/wp\/v2\/posts\/7751\/revisions"}],"predecessor-version":[{"id":7775,"href":"https:\/\/agora.xtec.cat\/escolataularodona\/wp-json\/wp\/v2\/posts\/7751\/revisions\/7775"}],"wp:featuredmedia":[{"embeddable":true,"href":"https:\/\/agora.xtec.cat\/escolataularodona\/wp-json\/wp\/v2\/media\/7774"}],"wp:attachment":[{"href":"https:\/\/agora.xtec.cat\/escolataularodona\/wp-json\/wp\/v2\/media?parent=7751"}],"wp:term":[{"taxonomy":"category","embeddable":true,"href":"https:\/\/agora.xtec.cat\/escolataularodona\/wp-json\/wp\/v2\/categories?post=7751"},{"taxonomy":"post_tag","embeddable":true,"href":"https:\/\/agora.xtec.cat\/escolataularodona\/wp-json\/wp\/v2\/tags?post=7751"}],"curies":[{"name":"wp","href":"https:\/\/api.w.org\/{rel}","templated":true}]}}