{"id":7673,"date":"2021-12-21T16:52:56","date_gmt":"2021-12-21T15:52:56","guid":{"rendered":"https:\/\/agora.xtec.cat\/escolataularodona\/?p=7673"},"modified":"2022-11-15T13:32:28","modified_gmt":"2022-11-15T12:32:28","slug":"racons-p3","status":"publish","type":"post","link":"https:\/\/agora.xtec.cat\/escolataularodona\/inf\/racons-p3\/","title":{"rendered":"Racons P3"},"content":{"rendered":"<p>Aquest trimestre ens hem iniciat amb els racons d&#8217;aprenentatge a P3. Us fem un breu resum de les propostes que s&#8217;han trobat i us compartirem les fotos per tal que pugueu veure com s&#8217;ho han passat.<\/p>\n<p><strong>Rac\u00f3 sensorial-matem\u00e0tic<\/strong>: en aquest rac\u00f3 els infants es troben amb unes safates sensorials amb pasta dels colors de la tardor de diferents formes i mides i amb una s\u00e8rie d&#8217;estris on poden gaudir fent transvasaments,\u00a0creacions i\u00a0tota mena\u00a0d&#8217;experimentacions. I per finalitzar el rac\u00f3, han hagut de classificar la pasta segons el seu color.<\/p>\n<p><img loading=\"lazy\" decoding=\"async\" class=\"alignnone size-medium wp-image-7683\" src=\"https:\/\/agora.xtec.cat\/escolataularodona\/wp-content\/uploads\/usu722\/2021\/12\/IMG_1821-300x198.jpg\" alt=\"\" width=\"300\" height=\"198\" srcset=\"https:\/\/agora.xtec.cat\/escolataularodona\/wp-content\/uploads\/usu722\/2021\/12\/IMG_1821-300x198.jpg 300w, https:\/\/agora.xtec.cat\/escolataularodona\/wp-content\/uploads\/usu722\/2021\/12\/IMG_1821-1024x676.jpg 1024w, https:\/\/agora.xtec.cat\/escolataularodona\/wp-content\/uploads\/usu722\/2021\/12\/IMG_1821-768x507.jpg 768w, https:\/\/agora.xtec.cat\/escolataularodona\/wp-content\/uploads\/usu722\/2021\/12\/IMG_1821-1536x1014.jpg 1536w, https:\/\/agora.xtec.cat\/escolataularodona\/wp-content\/uploads\/usu722\/2021\/12\/IMG_1821-2048x1352.jpg 2048w\" sizes=\"auto, (max-width: 300px) 100vw, 300px\" \/> <img loading=\"lazy\" decoding=\"async\" class=\"alignnone wp-image-7684\" src=\"https:\/\/agora.xtec.cat\/escolataularodona\/wp-content\/uploads\/usu722\/2021\/12\/IMG_1822-300x194.jpg\" alt=\"\" width=\"306\" height=\"198\" srcset=\"https:\/\/agora.xtec.cat\/escolataularodona\/wp-content\/uploads\/usu722\/2021\/12\/IMG_1822-300x194.jpg 300w, https:\/\/agora.xtec.cat\/escolataularodona\/wp-content\/uploads\/usu722\/2021\/12\/IMG_1822-1024x661.jpg 1024w, https:\/\/agora.xtec.cat\/escolataularodona\/wp-content\/uploads\/usu722\/2021\/12\/IMG_1822-768x496.jpg 768w, https:\/\/agora.xtec.cat\/escolataularodona\/wp-content\/uploads\/usu722\/2021\/12\/IMG_1822-1536x991.jpg 1536w, https:\/\/agora.xtec.cat\/escolataularodona\/wp-content\/uploads\/usu722\/2021\/12\/IMG_1822-2048x1322.jpg 2048w\" sizes=\"auto, (max-width: 306px) 100vw, 306px\" \/><\/p>\n<p><strong>Rac\u00f3 de vida quotidiana<\/strong>: aquesta proposta consisteix\u00a0a qu\u00e8\u00a0els infants es preparin de manera aut\u00f2noma un suc de taronja. Per fer-ho han hagut de tallar la taronja, fer servir l&#8217;espremedor, transvasar el suc al seu got i, qui s&#8217;ha animat, l&#8217;ha tastat. Per acabar el rac\u00f3, han netejat els estris que han utilitzat.<\/p>\n<p><img loading=\"lazy\" decoding=\"async\" class=\"alignnone size-medium wp-image-7685\" src=\"https:\/\/agora.xtec.cat\/escolataularodona\/wp-content\/uploads\/usu722\/2021\/12\/IMG_1819-300x185.jpg\" alt=\"\" width=\"300\" height=\"185\" srcset=\"https:\/\/agora.xtec.cat\/escolataularodona\/wp-content\/uploads\/usu722\/2021\/12\/IMG_1819-300x185.jpg 300w, https:\/\/agora.xtec.cat\/escolataularodona\/wp-content\/uploads\/usu722\/2021\/12\/IMG_1819-1024x633.jpg 1024w, https:\/\/agora.xtec.cat\/escolataularodona\/wp-content\/uploads\/usu722\/2021\/12\/IMG_1819-768x475.jpg 768w, https:\/\/agora.xtec.cat\/escolataularodona\/wp-content\/uploads\/usu722\/2021\/12\/IMG_1819-1536x950.jpg 1536w, https:\/\/agora.xtec.cat\/escolataularodona\/wp-content\/uploads\/usu722\/2021\/12\/IMG_1819-2048x1266.jpg 2048w\" sizes=\"auto, (max-width: 300px) 100vw, 300px\" \/> <img loading=\"lazy\" decoding=\"async\" class=\"alignnone size-medium wp-image-7686\" src=\"https:\/\/agora.xtec.cat\/escolataularodona\/wp-content\/uploads\/usu722\/2021\/12\/IMG_1839-1-300x187.jpg\" alt=\"\" width=\"300\" height=\"187\" srcset=\"https:\/\/agora.xtec.cat\/escolataularodona\/wp-content\/uploads\/usu722\/2021\/12\/IMG_1839-1-300x187.jpg 300w, https:\/\/agora.xtec.cat\/escolataularodona\/wp-content\/uploads\/usu722\/2021\/12\/IMG_1839-1-1024x638.jpg 1024w, https:\/\/agora.xtec.cat\/escolataularodona\/wp-content\/uploads\/usu722\/2021\/12\/IMG_1839-1-768x478.jpg 768w, https:\/\/agora.xtec.cat\/escolataularodona\/wp-content\/uploads\/usu722\/2021\/12\/IMG_1839-1-1536x956.jpg 1536w, https:\/\/agora.xtec.cat\/escolataularodona\/wp-content\/uploads\/usu722\/2021\/12\/IMG_1839-1-2048x1275.jpg 2048w\" sizes=\"auto, (max-width: 300px) 100vw, 300px\" \/><\/p>\n<p><strong>Rac\u00f3 de grafisme creatiu<\/strong>: en aquest rac\u00f3 les nenes i els nens s&#8217;han trobat amb espuma d&#8217;afaitar a la taula. En primer lloc, han manipulat i escampat l&#8217;espuma i, finalment, els hem proposat fer dibuix lliure, d&#8217;aquesta manera, van dominant el tra\u00e7. Per tancar el rac\u00f3, han netejat la taula.<\/p>\n<p><img loading=\"lazy\" decoding=\"async\" class=\"alignnone size-medium wp-image-7687\" src=\"https:\/\/agora.xtec.cat\/escolataularodona\/wp-content\/uploads\/usu722\/2021\/12\/IMG_1828-300x190.jpg\" alt=\"\" width=\"300\" height=\"190\" srcset=\"https:\/\/agora.xtec.cat\/escolataularodona\/wp-content\/uploads\/usu722\/2021\/12\/IMG_1828-300x190.jpg 300w, https:\/\/agora.xtec.cat\/escolataularodona\/wp-content\/uploads\/usu722\/2021\/12\/IMG_1828-1024x648.jpg 1024w, https:\/\/agora.xtec.cat\/escolataularodona\/wp-content\/uploads\/usu722\/2021\/12\/IMG_1828-768x486.jpg 768w, https:\/\/agora.xtec.cat\/escolataularodona\/wp-content\/uploads\/usu722\/2021\/12\/IMG_1828-1536x971.jpg 1536w, https:\/\/agora.xtec.cat\/escolataularodona\/wp-content\/uploads\/usu722\/2021\/12\/IMG_1828-2048x1295.jpg 2048w\" sizes=\"auto, (max-width: 300px) 100vw, 300px\" \/> <img loading=\"lazy\" decoding=\"async\" class=\"alignnone wp-image-7688\" src=\"https:\/\/agora.xtec.cat\/escolataularodona\/wp-content\/uploads\/usu722\/2021\/12\/IMG_1841-300x167.jpg\" alt=\"\" width=\"340\" height=\"189\" srcset=\"https:\/\/agora.xtec.cat\/escolataularodona\/wp-content\/uploads\/usu722\/2021\/12\/IMG_1841-300x167.jpg 300w, https:\/\/agora.xtec.cat\/escolataularodona\/wp-content\/uploads\/usu722\/2021\/12\/IMG_1841-1024x571.jpg 1024w, https:\/\/agora.xtec.cat\/escolataularodona\/wp-content\/uploads\/usu722\/2021\/12\/IMG_1841-768x429.jpg 768w, https:\/\/agora.xtec.cat\/escolataularodona\/wp-content\/uploads\/usu722\/2021\/12\/IMG_1841-1536x857.jpg 1536w, https:\/\/agora.xtec.cat\/escolataularodona\/wp-content\/uploads\/usu722\/2021\/12\/IMG_1841-2048x1143.jpg 2048w\" sizes=\"auto, (max-width: 340px) 100vw, 340px\" \/><\/p>\n<p>Podreu veure les fotos clicant <a href=\"https:\/\/agora.xtec.cat\/escolataularodona\/fotografies-e-i-3-anys\/\">aqu\u00ed<\/a>.<\/p>\n","protected":false},"excerpt":{"rendered":"<p>Aquest trimestre ens hem iniciat amb els racons d&#8217;aprenentatge a P3. Us fem un breu resum de les propostes que s&#8217;han trobat i us compartirem les fotos per tal que pugueu veure com s&#8217;ho han passat.<br \/>\nRac\u00f3 sensorial-matem\u00e0tic: en aquest rac\u00f3 els infants es troben amb&hellip;  <a href=\"https:\/\/agora.xtec.cat\/escolataularodona\/inf\/racons-p3\/\" title=\"Read Racons P3\">Llegeix m\u00e9s\u00bb<\/a><\/p>\n","protected":false},"author":18,"featured_media":7685,"comment_status":"closed","ping_status":"closed","sticky":false,"template":"","format":"standard","meta":{"_bbp_topic_count":0,"_bbp_reply_count":0,"_bbp_total_topic_count":0,"_bbp_total_reply_count":0,"_bbp_voice_count":0,"_bbp_anonymous_reply_count":0,"_bbp_topic_count_hidden":0,"_bbp_reply_count_hidden":0,"_bbp_forum_subforum_count":0,"footnotes":""},"categories":[77],"tags":[174],"class_list":["post-7673","post","type-post","status-publish","format-standard","has-post-thumbnail","hentry","category-inf","tag-2021-2022"],"post_mailing_queue_ids":[],"_links":{"self":[{"href":"https:\/\/agora.xtec.cat\/escolataularodona\/wp-json\/wp\/v2\/posts\/7673","targetHints":{"allow":["GET"]}}],"collection":[{"href":"https:\/\/agora.xtec.cat\/escolataularodona\/wp-json\/wp\/v2\/posts"}],"about":[{"href":"https:\/\/agora.xtec.cat\/escolataularodona\/wp-json\/wp\/v2\/types\/post"}],"author":[{"embeddable":true,"href":"https:\/\/agora.xtec.cat\/escolataularodona\/wp-json\/wp\/v2\/users\/18"}],"replies":[{"embeddable":true,"href":"https:\/\/agora.xtec.cat\/escolataularodona\/wp-json\/wp\/v2\/comments?post=7673"}],"version-history":[{"count":3,"href":"https:\/\/agora.xtec.cat\/escolataularodona\/wp-json\/wp\/v2\/posts\/7673\/revisions"}],"predecessor-version":[{"id":7756,"href":"https:\/\/agora.xtec.cat\/escolataularodona\/wp-json\/wp\/v2\/posts\/7673\/revisions\/7756"}],"wp:featuredmedia":[{"embeddable":true,"href":"https:\/\/agora.xtec.cat\/escolataularodona\/wp-json\/wp\/v2\/media\/7685"}],"wp:attachment":[{"href":"https:\/\/agora.xtec.cat\/escolataularodona\/wp-json\/wp\/v2\/media?parent=7673"}],"wp:term":[{"taxonomy":"category","embeddable":true,"href":"https:\/\/agora.xtec.cat\/escolataularodona\/wp-json\/wp\/v2\/categories?post=7673"},{"taxonomy":"post_tag","embeddable":true,"href":"https:\/\/agora.xtec.cat\/escolataularodona\/wp-json\/wp\/v2\/tags?post=7673"}],"curies":[{"name":"wp","href":"https:\/\/api.w.org\/{rel}","templated":true}]}}