{"id":7645,"date":"2021-12-21T09:13:27","date_gmt":"2021-12-21T08:13:27","guid":{"rendered":"https:\/\/agora.xtec.cat\/escolataularodona\/?p=7645"},"modified":"2022-11-15T13:33:40","modified_gmt":"2022-11-15T12:33:40","slug":"racons-p5","status":"publish","type":"post","link":"https:\/\/agora.xtec.cat\/escolataularodona\/inf\/racons-p5\/","title":{"rendered":"Racons P5"},"content":{"rendered":"<p>Benvolgudes fam\u00edlies,<\/p>\n<p>El treball per racons permet donar <strong>resposta<\/strong> a les <strong>difer\u00e8ncies, interessos i ritmes d\u2019aprenentatge<\/strong> de cada nen i nena. L\u2019objectiu, \u00e9s treballar continguts espec\u00edfics de diferents \u00e0rees de <strong>manera l\u00fadica<\/strong> i <strong>aut\u00f2noma.<\/strong><\/p>\n<p>\u00c9s una metodologia que consisteix a organitzar l\u2019aula en diversos espais on els alumnes, distribu\u00efts en petits grups, realitzen <strong>activitats simult\u00e0nies de manera aut\u00f2noma<\/strong>. El\/la mestre\/a actua com a guia i <strong>l\u2019alumne\/a participa activament en el seu aprenentatge i adquireix responsabilitats.<\/strong><\/p>\n<p>Les propostes que hem preparat es classifiquen en quatre racons que hem portat a terme en cada sessi\u00f3 i, segons les setmanes aquests han estat de: llengua, matem\u00e0tiques, manipulatiu, grafomotricitat i construccions o simb\u00f2lic.<\/p>\n<p><strong>Rac\u00f3 de llengua:<\/strong><\/p>\n<ul>\n<li>Confegir paraules relacionades amb la tardor.<\/li>\n<li>Buscar la inicial de les paraules i roda de les vocals.<\/li>\n<\/ul>\n<p><strong>Rac\u00f3 de matem\u00e0tiques:<\/strong><\/p>\n<ul>\n<li>Puzles<\/li>\n<li>Busquem fruits de tardor i els comptem tot relacionant la quantitat amb la grafia.<\/li>\n<\/ul>\n<p><strong>Rac\u00f3 manipulatiu:<\/strong><\/p>\n<ul>\n<li>Cosir la roba dels personatges.<\/li>\n<li>Joc &#8220;Qu\u00e8 falta?&#8221;<\/li>\n<\/ul>\n<p><strong>Rac\u00f3 de grafomotricitat:<\/strong><\/p>\n<ul>\n<li>Crear senefes i pintarles amb aquarel\u00b7la.<\/li>\n<li>Retallar i decorar amb motius petits cada zona retallada.<\/li>\n<\/ul>\n<p><strong>Rac\u00f3 simb\u00f2lic o de construccions:<\/strong><\/p>\n<ul>\n<li>La Cuineta<\/li>\n<li>Kapla amb nins i mandales amb elements naturals.<\/li>\n<\/ul>\n<p>Per veure les fotos cal que cliqueu a la foto!<\/p>\n<figure class=\"figure wp-caption alignnone\"><a href=\"https:\/\/agora.xtec.cat\/escolataularodona\/fotografies-e-i-5-anys\/\"><img loading=\"lazy\" decoding=\"async\" class=\"wp-image-7692 size-medium\" src=\"https:\/\/agora.xtec.cat\/escolataularodona\/wp-content\/uploads\/usu722\/2021\/12\/RACONS-P5-300x150.png\" alt=\"\" width=\"300\" height=\"150\" srcset=\"https:\/\/agora.xtec.cat\/escolataularodona\/wp-content\/uploads\/usu722\/2021\/12\/RACONS-P5-300x150.png 300w, https:\/\/agora.xtec.cat\/escolataularodona\/wp-content\/uploads\/usu722\/2021\/12\/RACONS-P5-768x384.png 768w, https:\/\/agora.xtec.cat\/escolataularodona\/wp-content\/uploads\/usu722\/2021\/12\/RACONS-P5.png 1024w\" sizes=\"auto, (max-width: 300px) 100vw, 300px\" \/><\/a><figcaption class=\"wp-caption-text\">Fotos Racons P5<\/figcaption><\/figure>\n","protected":false},"excerpt":{"rendered":"<p>Benvolgudes fam\u00edlies,<br \/>\nEl treball per racons permet donar resposta a les difer\u00e8ncies, interessos i ritmes d\u2019aprenentatge de cada nen i nena. L\u2019objectiu, \u00e9s treballar continguts espec\u00edfics de diferents \u00e0rees de manera l\u00fadica i aut\u00f2noma.<br \/>\n\u00c9s una metodologia que consisteix a organitzar l\u2019aula en diversos espais on els&hellip;  <a href=\"https:\/\/agora.xtec.cat\/escolataularodona\/inf\/racons-p5\/\" title=\"Read Racons P5\">Llegeix m\u00e9s\u00bb<\/a><\/p>\n","protected":false},"author":18,"featured_media":7692,"comment_status":"closed","ping_status":"closed","sticky":false,"template":"","format":"standard","meta":{"_bbp_topic_count":0,"_bbp_reply_count":0,"_bbp_total_topic_count":0,"_bbp_total_reply_count":0,"_bbp_voice_count":0,"_bbp_anonymous_reply_count":0,"_bbp_topic_count_hidden":0,"_bbp_reply_count_hidden":0,"_bbp_forum_subforum_count":0,"footnotes":""},"categories":[77],"tags":[174],"class_list":["post-7645","post","type-post","status-publish","format-standard","has-post-thumbnail","hentry","category-inf","tag-2021-2022"],"post_mailing_queue_ids":[],"_links":{"self":[{"href":"https:\/\/agora.xtec.cat\/escolataularodona\/wp-json\/wp\/v2\/posts\/7645","targetHints":{"allow":["GET"]}}],"collection":[{"href":"https:\/\/agora.xtec.cat\/escolataularodona\/wp-json\/wp\/v2\/posts"}],"about":[{"href":"https:\/\/agora.xtec.cat\/escolataularodona\/wp-json\/wp\/v2\/types\/post"}],"author":[{"embeddable":true,"href":"https:\/\/agora.xtec.cat\/escolataularodona\/wp-json\/wp\/v2\/users\/18"}],"replies":[{"embeddable":true,"href":"https:\/\/agora.xtec.cat\/escolataularodona\/wp-json\/wp\/v2\/comments?post=7645"}],"version-history":[{"count":3,"href":"https:\/\/agora.xtec.cat\/escolataularodona\/wp-json\/wp\/v2\/posts\/7645\/revisions"}],"predecessor-version":[{"id":7768,"href":"https:\/\/agora.xtec.cat\/escolataularodona\/wp-json\/wp\/v2\/posts\/7645\/revisions\/7768"}],"wp:featuredmedia":[{"embeddable":true,"href":"https:\/\/agora.xtec.cat\/escolataularodona\/wp-json\/wp\/v2\/media\/7692"}],"wp:attachment":[{"href":"https:\/\/agora.xtec.cat\/escolataularodona\/wp-json\/wp\/v2\/media?parent=7645"}],"wp:term":[{"taxonomy":"category","embeddable":true,"href":"https:\/\/agora.xtec.cat\/escolataularodona\/wp-json\/wp\/v2\/categories?post=7645"},{"taxonomy":"post_tag","embeddable":true,"href":"https:\/\/agora.xtec.cat\/escolataularodona\/wp-json\/wp\/v2\/tags?post=7645"}],"curies":[{"name":"wp","href":"https:\/\/api.w.org\/{rel}","templated":true}]}}