{"id":7627,"date":"2021-01-09T13:16:11","date_gmt":"2021-01-09T12:16:11","guid":{"rendered":"https:\/\/agora.xtec.cat\/escolataularodona\/?p=7627"},"modified":"2024-03-05T13:43:56","modified_gmt":"2024-03-05T12:43:56","slug":"les-mates-a-p5","status":"publish","type":"post","link":"https:\/\/agora.xtec.cat\/escolataularodona\/inf\/les-mates-a-p5\/","title":{"rendered":"Les Mates a P5"},"content":{"rendered":"<p><span style=\"font-weight: 400;\">Us vol\u00edem compartir algunes fotos de les activitats de matem\u00e0tiques manipulatives que fem a P5. Com us vam informar a la reuni\u00f3, les matem\u00e0tiques les treballem a partir de les intel\u00b7lig\u00e8ncies m\u00faltiples per poder arribar a tot l\u2019alumnat. Us mostrem alguna de les sessions perqu\u00e8 veieu com aprenen jugant de forma cooperativa.<\/span><\/p>\n<ul>\n<li style=\"font-weight: 400;\"><span style=\"font-weight: 400;\">Aprendre la tira num\u00e8rica fins al 20.<\/span><\/li>\n<li style=\"font-weight: 400;\"><span style=\"font-weight: 400;\">Concepte de quantitat.<\/span><\/li>\n<li style=\"font-weight: 400;\"><span style=\"font-weight: 400;\">Relaci\u00f3 grafia-quantitat.<\/span><\/li>\n<li style=\"font-weight: 400;\"><span style=\"font-weight: 400;\">Practiquem la grafia dels n\u00fameros en plastilina.<\/span><\/li>\n<\/ul>\n<p><span style=\"font-weight: 400;\">\u00c9s important que veieu les fotos conjuntament amb els vostres fills i filles i que us puguin verbalitzar el qu\u00e8 estaven fent.<\/span><\/p>\n<figure class=\"figure wp-caption alignleft\"><img loading=\"lazy\" decoding=\"async\" src=\"https:\/\/static1.elcorreo.com\/www\/multimedia\/202011\/02\/media\/cortadas\/mates-ke0G-U120626884962HMG-624x385@El%20Correo.jpg\" alt=\"\" width=\"184\" height=\"114\" \/><figcaption class=\"wp-caption-text\">Fotos P5A<\/figcaption><\/figure>\n<figure class=\"figure wp-caption alignleft\"><img loading=\"lazy\" decoding=\"async\" style=\"font-weight: bold; font-family: inherit; font-size: 1em;\" src=\"https:\/\/2.bp.blogspot.com\/-V8Drt2e6UGs\/XIHB2hVJeMI\/AAAAAAAAAb4\/Okoi72ko_FwbjTdMGcGLsg5pd1HAxEuWQCEwYBhgL\/s1600\/pormath.jpg\" alt=\"\" width=\"181\" height=\"86\" \/><figcaption class=\"wp-caption-text\">Fotos P5B<\/figcaption><\/figure>\n","protected":false},"excerpt":{"rendered":"<p>Us vol\u00edem compartir algunes fotos de les activitats de matem\u00e0tiques manipulatives que fem a P5. Com us vam informar a la reuni\u00f3, les matem\u00e0tiques les treballem a partir de les intel\u00b7lig\u00e8ncies m\u00faltiples per poder arribar a tot l\u2019alumnat. Us mostrem alguna de les sessions perqu\u00e8&hellip;  <a href=\"https:\/\/agora.xtec.cat\/escolataularodona\/inf\/les-mates-a-p5\/\" title=\"Read Les Mates a P5\">Llegeix m\u00e9s\u00bb<\/a><\/p>\n","protected":false},"author":18,"featured_media":6782,"comment_status":"closed","ping_status":"closed","sticky":false,"template":"","format":"standard","meta":{"_bbp_topic_count":0,"_bbp_reply_count":0,"_bbp_total_topic_count":0,"_bbp_total_reply_count":0,"_bbp_voice_count":0,"_bbp_anonymous_reply_count":0,"_bbp_topic_count_hidden":0,"_bbp_reply_count_hidden":0,"_bbp_forum_subforum_count":0,"footnotes":""},"categories":[77],"tags":[169],"class_list":["post-7627","post","type-post","status-publish","format-standard","has-post-thumbnail","hentry","category-inf","tag-2020-2021"],"post_mailing_queue_ids":[],"_links":{"self":[{"href":"https:\/\/agora.xtec.cat\/escolataularodona\/wp-json\/wp\/v2\/posts\/7627","targetHints":{"allow":["GET"]}}],"collection":[{"href":"https:\/\/agora.xtec.cat\/escolataularodona\/wp-json\/wp\/v2\/posts"}],"about":[{"href":"https:\/\/agora.xtec.cat\/escolataularodona\/wp-json\/wp\/v2\/types\/post"}],"author":[{"embeddable":true,"href":"https:\/\/agora.xtec.cat\/escolataularodona\/wp-json\/wp\/v2\/users\/18"}],"replies":[{"embeddable":true,"href":"https:\/\/agora.xtec.cat\/escolataularodona\/wp-json\/wp\/v2\/comments?post=7627"}],"version-history":[{"count":3,"href":"https:\/\/agora.xtec.cat\/escolataularodona\/wp-json\/wp\/v2\/posts\/7627\/revisions"}],"predecessor-version":[{"id":8451,"href":"https:\/\/agora.xtec.cat\/escolataularodona\/wp-json\/wp\/v2\/posts\/7627\/revisions\/8451"}],"wp:featuredmedia":[{"embeddable":true,"href":"https:\/\/agora.xtec.cat\/escolataularodona\/wp-json\/wp\/v2\/media\/6782"}],"wp:attachment":[{"href":"https:\/\/agora.xtec.cat\/escolataularodona\/wp-json\/wp\/v2\/media?parent=7627"}],"wp:term":[{"taxonomy":"category","embeddable":true,"href":"https:\/\/agora.xtec.cat\/escolataularodona\/wp-json\/wp\/v2\/categories?post=7627"},{"taxonomy":"post_tag","embeddable":true,"href":"https:\/\/agora.xtec.cat\/escolataularodona\/wp-json\/wp\/v2\/tags?post=7627"}],"curies":[{"name":"wp","href":"https:\/\/api.w.org\/{rel}","templated":true}]}}