{"id":7622,"date":"2021-11-26T19:19:21","date_gmt":"2021-11-26T18:19:21","guid":{"rendered":"https:\/\/agora.xtec.cat\/escolataularodona\/?p=7622"},"modified":"2024-03-05T13:50:13","modified_gmt":"2024-03-05T12:50:13","slug":"concert-de-santa-cecilia-2","status":"publish","type":"post","link":"https:\/\/agora.xtec.cat\/escolataularodona\/musica\/concert-de-santa-cecilia-2\/","title":{"rendered":"Concert de Santa Cec\u00edlia"},"content":{"rendered":"<p><img loading=\"lazy\" decoding=\"async\" class=\"size-medium wp-image-7671 aligncenter\" src=\"https:\/\/agora.xtec.cat\/escolataularodona\/wp-content\/uploads\/usu722\/2021\/12\/musica-300x210.png\" alt=\"\" width=\"300\" height=\"210\" srcset=\"https:\/\/agora.xtec.cat\/escolataularodona\/wp-content\/uploads\/usu722\/2021\/12\/musica-300x210.png 300w, https:\/\/agora.xtec.cat\/escolataularodona\/wp-content\/uploads\/usu722\/2021\/12\/musica-768x538.png 768w, https:\/\/agora.xtec.cat\/escolataularodona\/wp-content\/uploads\/usu722\/2021\/12\/musica.png 1024w\" sizes=\"auto, (max-width: 300px) 100vw, 300px\" \/><\/p>\n<p>Les nenes i nens d&#8217;infantil ens hem reunit aquest divendres per celebrar plegades la setmana de la m\u00fasica. Hem ballat i cantat can\u00e7ons populars i, fins i tot, hem tocat instruments!<\/p>\n<p>En primer lloc, els infants de P3 han ballat la can\u00e7\u00f3 popular &#8220;<em>Joan petit<\/em> &#8220;. Despr\u00e8s, han fet un ball de bastons per interpretar la can\u00e7\u00f3 tradicional catalana &#8220;<em>Virolet Sant Pere<\/em>&#8220;.<\/p>\n<p>Per continuar la tarda de m\u00fasica, els nens i nenes de P4 han cantat i ballat la can\u00e7\u00f3 &#8220;<em>Quinze son quinze<\/em>&#8221; i, finalment, ens han fet un concert &#8220;<em>la Tempesta de la tardor<\/em>&#8221; tocant diferents instruments: la pandereta i els bastons.<\/p>\n<p>En \u00faltim lloc, els alumnes de P5 han cantat i ballat la can\u00e7\u00f3 &#8220;<em>ONU Naciones Unidas, D\u00eda de la Paz raza Hola Idiomas<\/em><span style=\"color: #ff0000;\"><span style=\"color: #000000;\">&#8220;<\/span><\/span> i, per concloure el concert, han ballat la can\u00e7\u00f3 del &#8220;<em>Virolet Sant Pere<\/em>&#8221; i l&#8217;han acompanyat amb la pandereta i els bastons.<\/p>\n<p><span style=\"color: #000000;\">Finalment, vam fer un fort aplaudiment al nostre mestre de m\u00fasica Carles, per agrair tot l&#8217;esfor\u00e7 que ha dedicat per organitzar i preparar aquest concert tant maco.\u00a0<\/span><\/p>\n<p>Si voleu veure el concert feu clic a <a href=\"https:\/\/agora.xtec.cat\/escolataularodona\/fotografies-e-i-3-anys\/\">P3<\/a> &#8211; <a href=\"https:\/\/agora.xtec.cat\/escolataularodona\/fotografies-e-i-4-anys\/\">P4<\/a> &#8211; <a href=\"https:\/\/agora.xtec.cat\/escolataularodona\/fotografies-e-i-5-anys\/\">P5<\/a><\/p>\n","protected":false},"excerpt":{"rendered":"<p>Les nenes i nens d&#8217;infantil ens hem reunit aquest divendres per celebrar plegades la setmana de la m\u00fasica. Hem ballat i cantat can\u00e7ons populars i, fins i tot, hem tocat instruments!<br \/>\nEn primer lloc, els infants de P3 han ballat la can\u00e7\u00f3 popular &#8220;Joan petit &#8220;.&hellip;  <a href=\"https:\/\/agora.xtec.cat\/escolataularodona\/musica\/concert-de-santa-cecilia-2\/\" title=\"Read Concert de Santa Cec\u00edlia\">Llegeix m\u00e9s\u00bb<\/a><\/p>\n","protected":false},"author":18,"featured_media":7671,"comment_status":"closed","ping_status":"closed","sticky":false,"template":"","format":"standard","meta":{"_bbp_topic_count":0,"_bbp_reply_count":0,"_bbp_total_topic_count":0,"_bbp_total_reply_count":0,"_bbp_voice_count":0,"_bbp_anonymous_reply_count":0,"_bbp_topic_count_hidden":0,"_bbp_reply_count_hidden":0,"_bbp_forum_subforum_count":0,"footnotes":""},"categories":[77,72],"tags":[174],"class_list":["post-7622","post","type-post","status-publish","format-standard","has-post-thumbnail","hentry","category-inf","category-musica","tag-2021-2022"],"post_mailing_queue_ids":[],"_links":{"self":[{"href":"https:\/\/agora.xtec.cat\/escolataularodona\/wp-json\/wp\/v2\/posts\/7622","targetHints":{"allow":["GET"]}}],"collection":[{"href":"https:\/\/agora.xtec.cat\/escolataularodona\/wp-json\/wp\/v2\/posts"}],"about":[{"href":"https:\/\/agora.xtec.cat\/escolataularodona\/wp-json\/wp\/v2\/types\/post"}],"author":[{"embeddable":true,"href":"https:\/\/agora.xtec.cat\/escolataularodona\/wp-json\/wp\/v2\/users\/18"}],"replies":[{"embeddable":true,"href":"https:\/\/agora.xtec.cat\/escolataularodona\/wp-json\/wp\/v2\/comments?post=7622"}],"version-history":[{"count":3,"href":"https:\/\/agora.xtec.cat\/escolataularodona\/wp-json\/wp\/v2\/posts\/7622\/revisions"}],"predecessor-version":[{"id":7681,"href":"https:\/\/agora.xtec.cat\/escolataularodona\/wp-json\/wp\/v2\/posts\/7622\/revisions\/7681"}],"wp:featuredmedia":[{"embeddable":true,"href":"https:\/\/agora.xtec.cat\/escolataularodona\/wp-json\/wp\/v2\/media\/7671"}],"wp:attachment":[{"href":"https:\/\/agora.xtec.cat\/escolataularodona\/wp-json\/wp\/v2\/media?parent=7622"}],"wp:term":[{"taxonomy":"category","embeddable":true,"href":"https:\/\/agora.xtec.cat\/escolataularodona\/wp-json\/wp\/v2\/categories?post=7622"},{"taxonomy":"post_tag","embeddable":true,"href":"https:\/\/agora.xtec.cat\/escolataularodona\/wp-json\/wp\/v2\/tags?post=7622"}],"curies":[{"name":"wp","href":"https:\/\/api.w.org\/{rel}","templated":true}]}}