{"id":7575,"date":"2021-11-19T13:22:09","date_gmt":"2021-11-19T12:22:09","guid":{"rendered":"https:\/\/agora.xtec.cat\/escolataularodona\/?p=7575"},"modified":"2024-03-05T13:50:40","modified_gmt":"2024-03-05T12:50:40","slug":"sortida-al-bosc-p4","status":"publish","type":"post","link":"https:\/\/agora.xtec.cat\/escolataularodona\/inf\/sortida-al-bosc-p4\/","title":{"rendered":"Sortida al bosc. P4"},"content":{"rendered":"<p>Els nens i les nenes de P4 hem anat a Can Coll, Cerdanyola, per gaudir de la natura en aquesta \u00e8poca de l&#8217;any:\u00a0 LA TARDOR. Hem pogut passejar pel bosc, escoltar el cant dels ocells, esmorzar i dinar endinsats en un paisatge id\u00edl\u00b7lic.<\/p>\n<p>Durant el passeig els infants estaven molt interessats a observar tot all\u00f2 que els envoltava, i per aquest motiu han descobert moltes coses. Algunes les hem pogut guardar en una bossa per portar-les a les aules (fulles de diferents mides i formes, glans, pinyes&#8230;), per\u00f2 d&#8217;altres hem gaudit en el moment i, hem fet fotos per recordar-les com les arrels dels arbres, molsa, un formiguer, pals, branques&#8230;<\/p>\n<p>Com les mestres hav\u00edem anat abans a inspeccionar la zona, ten\u00edem sorpreses preparades pels nens i les nenes que sab\u00edem que els hi agradaria molt: una cova, un rierol i una cabana feta amb branques.<\/p>\n<p>Ens ho hem passat molt b\u00e9 i hem pogut copsar com l&#8217;estaci\u00f3 de la tardor modifica el paisatge, i fa\u00a0 d&#8217;aquest, un indret incre\u00efble on hem gaudit, experimentat i sentit la pau.<\/p>\n<p>Ha estat un dia magn\u00edfic! Si ho voleu veure <a href=\"https:\/\/agora.xtec.cat\/escolataularodona\/fotografies-e-i-4-anys\/\">feu clic aqu\u00ed.<\/a><\/p>\n","protected":false},"excerpt":{"rendered":"<p>Els nens i les nenes de P4 hem anat a Can Coll, Cerdanyola, per gaudir de la natura en aquesta \u00e8poca de l&#8217;any:\u00a0 LA TARDOR. Hem pogut passejar pel bosc, escoltar el cant dels ocells, esmorzar i dinar endinsats en un paisatge id\u00edl\u00b7lic.<br \/>\nDurant el passeig&hellip;  <a href=\"https:\/\/agora.xtec.cat\/escolataularodona\/inf\/sortida-al-bosc-p4\/\" title=\"Read Sortida al bosc. P4\">Llegeix m\u00e9s\u00bb<\/a><\/p>\n","protected":false},"author":18,"featured_media":7577,"comment_status":"closed","ping_status":"closed","sticky":false,"template":"","format":"standard","meta":{"_bbp_topic_count":0,"_bbp_reply_count":0,"_bbp_total_topic_count":0,"_bbp_total_reply_count":0,"_bbp_voice_count":0,"_bbp_anonymous_reply_count":0,"_bbp_topic_count_hidden":0,"_bbp_reply_count_hidden":0,"_bbp_forum_subforum_count":0,"footnotes":""},"categories":[77],"tags":[174],"class_list":["post-7575","post","type-post","status-publish","format-standard","has-post-thumbnail","hentry","category-inf","tag-2021-2022"],"post_mailing_queue_ids":[],"_links":{"self":[{"href":"https:\/\/agora.xtec.cat\/escolataularodona\/wp-json\/wp\/v2\/posts\/7575","targetHints":{"allow":["GET"]}}],"collection":[{"href":"https:\/\/agora.xtec.cat\/escolataularodona\/wp-json\/wp\/v2\/posts"}],"about":[{"href":"https:\/\/agora.xtec.cat\/escolataularodona\/wp-json\/wp\/v2\/types\/post"}],"author":[{"embeddable":true,"href":"https:\/\/agora.xtec.cat\/escolataularodona\/wp-json\/wp\/v2\/users\/18"}],"replies":[{"embeddable":true,"href":"https:\/\/agora.xtec.cat\/escolataularodona\/wp-json\/wp\/v2\/comments?post=7575"}],"version-history":[{"count":3,"href":"https:\/\/agora.xtec.cat\/escolataularodona\/wp-json\/wp\/v2\/posts\/7575\/revisions"}],"predecessor-version":[{"id":7585,"href":"https:\/\/agora.xtec.cat\/escolataularodona\/wp-json\/wp\/v2\/posts\/7575\/revisions\/7585"}],"wp:featuredmedia":[{"embeddable":true,"href":"https:\/\/agora.xtec.cat\/escolataularodona\/wp-json\/wp\/v2\/media\/7577"}],"wp:attachment":[{"href":"https:\/\/agora.xtec.cat\/escolataularodona\/wp-json\/wp\/v2\/media?parent=7575"}],"wp:term":[{"taxonomy":"category","embeddable":true,"href":"https:\/\/agora.xtec.cat\/escolataularodona\/wp-json\/wp\/v2\/categories?post=7575"},{"taxonomy":"post_tag","embeddable":true,"href":"https:\/\/agora.xtec.cat\/escolataularodona\/wp-json\/wp\/v2\/tags?post=7575"}],"curies":[{"name":"wp","href":"https:\/\/api.w.org\/{rel}","templated":true}]}}