{"id":7529,"date":"2021-10-29T18:30:29","date_gmt":"2021-10-29T16:30:29","guid":{"rendered":"https:\/\/agora.xtec.cat\/escolataularodona\/?p=7529"},"modified":"2024-03-05T13:50:57","modified_gmt":"2024-03-05T12:50:57","slug":"celebrem-castaween-infantil","status":"publish","type":"post","link":"https:\/\/agora.xtec.cat\/escolataularodona\/inf\/celebrem-castaween-infantil\/","title":{"rendered":"Celebrem Castaween!!! Infantil"},"content":{"rendered":"<p>Avui hem celebrat la festa de la Castanyada i tamb\u00e9 la del Halloween, per aix\u00f2 l&#8217;hem anomenada Castaween!!! Aquest mat\u00ed, tots els nens i les nenes d&#8217;Educaci\u00f3 Infantil <span style=\"font-family: inherit; font-size: 1em;\">hem pogut gaudir\u00a0 junts al pat\u00ed dels grans. Hem desfilat per ensenyar les nostres disfresses a la resta de companys i companyes. Tamb\u00e9, hem ballat una dansa cada nivell, que feia temps que prepar\u00e0vem.<\/span><\/p>\n<p>Despr\u00e9s, hem menjat el nostre esmorzar especial que port\u00e0vem preparat de casa. Estava delici\u00f3s!!!<\/p>\n<p>I a la tarda, hem tingut una visita inesperada: la Castanyera!!! Ens ha ensenyat les castanyes que ha collit a la muntanya i ens ha dit que li portaria al Marrameu perqu\u00e8 les tasti! Quan ha marxat hem ballat amb els nostres amics i amigues.<\/p>\n<p>Mireu que b\u00e9 ens ho hem passat!!!<\/p>\n<p><a href=\"https:\/\/agora.xtec.cat\/escolataularodona\/fotografies-e-i-3-anys\/\">P3<\/a> &#8212; <a href=\"https:\/\/agora.xtec.cat\/escolataularodona\/fotografies-e-i-4-anys\/\">P4<\/a> &#8212; <a href=\"https:\/\/agora.xtec.cat\/escolataularodona\/fotografies-e-i-5-anys\/\">P5<\/a><\/p>\n","protected":false},"excerpt":{"rendered":"<p>Avui hem celebrat la festa de la Castanyada i tamb\u00e9 la del Halloween, per aix\u00f2 l&#8217;hem anomenada Castaween!!! Aquest mat\u00ed, tots els nens i les nenes d&#8217;Educaci\u00f3 Infantil hem pogut gaudir\u00a0 junts al pat\u00ed dels grans. Hem desfilat per ensenyar les nostres disfresses a la&hellip;  <a href=\"https:\/\/agora.xtec.cat\/escolataularodona\/inf\/celebrem-castaween-infantil\/\" title=\"Read Celebrem Castaween!!! Infantil\">Llegeix m\u00e9s\u00bb<\/a><\/p>\n","protected":false},"author":18,"featured_media":7539,"comment_status":"closed","ping_status":"closed","sticky":false,"template":"","format":"standard","meta":{"_bbp_topic_count":0,"_bbp_reply_count":0,"_bbp_total_topic_count":0,"_bbp_total_reply_count":0,"_bbp_voice_count":0,"_bbp_anonymous_reply_count":0,"_bbp_topic_count_hidden":0,"_bbp_reply_count_hidden":0,"_bbp_forum_subforum_count":0,"footnotes":""},"categories":[77],"tags":[174],"class_list":["post-7529","post","type-post","status-publish","format-standard","has-post-thumbnail","hentry","category-inf","tag-2021-2022"],"post_mailing_queue_ids":[],"_links":{"self":[{"href":"https:\/\/agora.xtec.cat\/escolataularodona\/wp-json\/wp\/v2\/posts\/7529","targetHints":{"allow":["GET"]}}],"collection":[{"href":"https:\/\/agora.xtec.cat\/escolataularodona\/wp-json\/wp\/v2\/posts"}],"about":[{"href":"https:\/\/agora.xtec.cat\/escolataularodona\/wp-json\/wp\/v2\/types\/post"}],"author":[{"embeddable":true,"href":"https:\/\/agora.xtec.cat\/escolataularodona\/wp-json\/wp\/v2\/users\/18"}],"replies":[{"embeddable":true,"href":"https:\/\/agora.xtec.cat\/escolataularodona\/wp-json\/wp\/v2\/comments?post=7529"}],"version-history":[{"count":3,"href":"https:\/\/agora.xtec.cat\/escolataularodona\/wp-json\/wp\/v2\/posts\/7529\/revisions"}],"predecessor-version":[{"id":7551,"href":"https:\/\/agora.xtec.cat\/escolataularodona\/wp-json\/wp\/v2\/posts\/7529\/revisions\/7551"}],"wp:featuredmedia":[{"embeddable":true,"href":"https:\/\/agora.xtec.cat\/escolataularodona\/wp-json\/wp\/v2\/media\/7539"}],"wp:attachment":[{"href":"https:\/\/agora.xtec.cat\/escolataularodona\/wp-json\/wp\/v2\/media?parent=7529"}],"wp:term":[{"taxonomy":"category","embeddable":true,"href":"https:\/\/agora.xtec.cat\/escolataularodona\/wp-json\/wp\/v2\/categories?post=7529"},{"taxonomy":"post_tag","embeddable":true,"href":"https:\/\/agora.xtec.cat\/escolataularodona\/wp-json\/wp\/v2\/tags?post=7529"}],"curies":[{"name":"wp","href":"https:\/\/api.w.org\/{rel}","templated":true}]}}