{"id":7451,"date":"2021-10-18T14:28:36","date_gmt":"2021-10-18T12:28:36","guid":{"rendered":"https:\/\/agora.xtec.cat\/escolataularodona\/?p=7451"},"modified":"2024-03-05T13:51:19","modified_gmt":"2024-03-05T12:51:19","slug":"la-tardor-p4","status":"publish","type":"post","link":"https:\/\/agora.xtec.cat\/escolataularodona\/inf\/la-tardor-p4\/","title":{"rendered":"LA TARDOR. P4"},"content":{"rendered":"<p><img loading=\"lazy\" decoding=\"async\" class=\"alignnone wp-image-7453\" src=\"https:\/\/agora.xtec.cat\/escolataularodona\/wp-content\/uploads\/usu722\/2021\/10\/IMG_20211007_101853-300x230.jpg\" alt=\"\" width=\"177\" height=\"136\" srcset=\"https:\/\/agora.xtec.cat\/escolataularodona\/wp-content\/uploads\/usu722\/2021\/10\/IMG_20211007_101853-300x230.jpg 300w, https:\/\/agora.xtec.cat\/escolataularodona\/wp-content\/uploads\/usu722\/2021\/10\/IMG_20211007_101853-1024x786.jpg 1024w, https:\/\/agora.xtec.cat\/escolataularodona\/wp-content\/uploads\/usu722\/2021\/10\/IMG_20211007_101853-768x590.jpg 768w, https:\/\/agora.xtec.cat\/escolataularodona\/wp-content\/uploads\/usu722\/2021\/10\/IMG_20211007_101853-1536x1180.jpg 1536w, https:\/\/agora.xtec.cat\/escolataularodona\/wp-content\/uploads\/usu722\/2021\/10\/IMG_20211007_101853-2048x1573.jpg 2048w\" sizes=\"auto, (max-width: 177px) 100vw, 177px\" \/> <img loading=\"lazy\" decoding=\"async\" class=\"alignnone size-medium wp-image-7454\" src=\"https:\/\/agora.xtec.cat\/escolataularodona\/wp-content\/uploads\/usu722\/2021\/10\/IMG_20211005_115332-300x135.jpg\" alt=\"\" width=\"300\" height=\"135\" srcset=\"https:\/\/agora.xtec.cat\/escolataularodona\/wp-content\/uploads\/usu722\/2021\/10\/IMG_20211005_115332-300x135.jpg 300w, https:\/\/agora.xtec.cat\/escolataularodona\/wp-content\/uploads\/usu722\/2021\/10\/IMG_20211005_115332-1024x461.jpg 1024w, https:\/\/agora.xtec.cat\/escolataularodona\/wp-content\/uploads\/usu722\/2021\/10\/IMG_20211005_115332-768x346.jpg 768w, https:\/\/agora.xtec.cat\/escolataularodona\/wp-content\/uploads\/usu722\/2021\/10\/IMG_20211005_115332-1536x691.jpg 1536w, https:\/\/agora.xtec.cat\/escolataularodona\/wp-content\/uploads\/usu722\/2021\/10\/IMG_20211005_115332-2048x922.jpg 2048w\" sizes=\"auto, (max-width: 300px) 100vw, 300px\" \/><\/p>\n<p>Portem un parell de setmanes portant a terme converses, parlant dels canvis que es produeixen a la natura en aquesta \u00e8poca de l&#8217;any: la <strong>TARDOR<\/strong>. Les nenes i els nens remarcaven molt que podr\u00edem trobar a la muntanya, als parcs i pels carrers fulles de d&#8217;aquests colors: grogues, vermelles, marrons, verdes i taronges. Va ser en aquest moment quan va sorgir la proposta de representar la tardor a partir d&#8217;aquests colors. Van fer cada classe dos murals (en mig grup). En un principi, es van trobar al mural regalims de pintura i pinzells de diferents mides. Els infants van poder experimentar lliurement amb la pintura. Un cop van acabar van col\u00b7locar els elements de la tardor que havien portat a sobre del mural.<\/p>\n<p>Mireu que b\u00e9 s&#8217;ho van passar i quins murals han quedat de la TARDOR, amb els quals hem decorat el nostre passad\u00eds. I aix\u00ed podem gaudir de la nostra obra d&#8217;art. <a href=\"https:\/\/agora.xtec.cat\/escolataularodona\/fotografies-e-i-4-anys\/\">Per veure les fotos feu clic aqu\u00ed.<\/a><\/p>\n<p>A m\u00e9s a m\u00e9s, hem creat un rac\u00f3 a l&#8217;aula amb tots els elements que han portat els vostres fills i filles: fulles de molts colors, pinyes, magranes, glans, branques&#8230;<\/p>\n<p><img loading=\"lazy\" decoding=\"async\" class=\"alignnone wp-image-7455\" src=\"https:\/\/agora.xtec.cat\/escolataularodona\/wp-content\/uploads\/usu722\/2021\/10\/IMG_20211007_102809-300x139.jpg\" alt=\"\" width=\"289\" height=\"134\" srcset=\"https:\/\/agora.xtec.cat\/escolataularodona\/wp-content\/uploads\/usu722\/2021\/10\/IMG_20211007_102809-300x139.jpg 300w, https:\/\/agora.xtec.cat\/escolataularodona\/wp-content\/uploads\/usu722\/2021\/10\/IMG_20211007_102809-1024x475.jpg 1024w, https:\/\/agora.xtec.cat\/escolataularodona\/wp-content\/uploads\/usu722\/2021\/10\/IMG_20211007_102809-768x357.jpg 768w, https:\/\/agora.xtec.cat\/escolataularodona\/wp-content\/uploads\/usu722\/2021\/10\/IMG_20211007_102809-1536x713.jpg 1536w, https:\/\/agora.xtec.cat\/escolataularodona\/wp-content\/uploads\/usu722\/2021\/10\/IMG_20211007_102809-2048x951.jpg 2048w\" sizes=\"auto, (max-width: 289px) 100vw, 289px\" \/> <img loading=\"lazy\" decoding=\"async\" class=\"alignnone wp-image-7456\" src=\"https:\/\/agora.xtec.cat\/escolataularodona\/wp-content\/uploads\/usu722\/2021\/10\/IMG_20211005_115600-300x135.jpg\" alt=\"\" width=\"295\" height=\"133\" srcset=\"https:\/\/agora.xtec.cat\/escolataularodona\/wp-content\/uploads\/usu722\/2021\/10\/IMG_20211005_115600-300x135.jpg 300w, https:\/\/agora.xtec.cat\/escolataularodona\/wp-content\/uploads\/usu722\/2021\/10\/IMG_20211005_115600-1024x461.jpg 1024w, https:\/\/agora.xtec.cat\/escolataularodona\/wp-content\/uploads\/usu722\/2021\/10\/IMG_20211005_115600-768x346.jpg 768w, https:\/\/agora.xtec.cat\/escolataularodona\/wp-content\/uploads\/usu722\/2021\/10\/IMG_20211005_115600-1536x691.jpg 1536w, https:\/\/agora.xtec.cat\/escolataularodona\/wp-content\/uploads\/usu722\/2021\/10\/IMG_20211005_115600-2048x922.jpg 2048w\" sizes=\"auto, (max-width: 295px) 100vw, 295px\" \/><\/p>\n<p><img loading=\"lazy\" decoding=\"async\" class=\"alignnone wp-image-7460\" src=\"https:\/\/agora.xtec.cat\/escolataularodona\/wp-content\/uploads\/usu722\/2021\/10\/1634555391747-1-300x288.jpg\" alt=\"\" width=\"284\" height=\"273\" srcset=\"https:\/\/agora.xtec.cat\/escolataularodona\/wp-content\/uploads\/usu722\/2021\/10\/1634555391747-1-300x288.jpg 300w, https:\/\/agora.xtec.cat\/escolataularodona\/wp-content\/uploads\/usu722\/2021\/10\/1634555391747-1-1024x983.jpg 1024w, https:\/\/agora.xtec.cat\/escolataularodona\/wp-content\/uploads\/usu722\/2021\/10\/1634555391747-1-768x737.jpg 768w, https:\/\/agora.xtec.cat\/escolataularodona\/wp-content\/uploads\/usu722\/2021\/10\/1634555391747-1-1536x1474.jpg 1536w, https:\/\/agora.xtec.cat\/escolataularodona\/wp-content\/uploads\/usu722\/2021\/10\/1634555391747-1.jpg 1587w\" sizes=\"auto, (max-width: 284px) 100vw, 284px\" \/>\u00a0 <img loading=\"lazy\" decoding=\"async\" class=\"alignnone wp-image-7461\" src=\"https:\/\/agora.xtec.cat\/escolataularodona\/wp-content\/uploads\/usu722\/2021\/10\/IMG_20211018_130720-1-300x289.jpg\" alt=\"\" width=\"280\" height=\"270\" srcset=\"https:\/\/agora.xtec.cat\/escolataularodona\/wp-content\/uploads\/usu722\/2021\/10\/IMG_20211018_130720-1-300x289.jpg 300w, https:\/\/agora.xtec.cat\/escolataularodona\/wp-content\/uploads\/usu722\/2021\/10\/IMG_20211018_130720-1-1024x987.jpg 1024w, https:\/\/agora.xtec.cat\/escolataularodona\/wp-content\/uploads\/usu722\/2021\/10\/IMG_20211018_130720-1-768x740.jpg 768w, https:\/\/agora.xtec.cat\/escolataularodona\/wp-content\/uploads\/usu722\/2021\/10\/IMG_20211018_130720-1-1536x1481.jpg 1536w, https:\/\/agora.xtec.cat\/escolataularodona\/wp-content\/uploads\/usu722\/2021\/10\/IMG_20211018_130720-1.jpg 1551w\" sizes=\"auto, (max-width: 280px) 100vw, 280px\" \/><\/p>\n","protected":false},"excerpt":{"rendered":"<p>\nPortem un parell de setmanes portant a terme converses, parlant dels canvis que es produeixen a la natura en aquesta \u00e8poca de l&#8217;any: la TARDOR. Les nenes i els nens remarcaven molt que podr\u00edem trobar a la muntanya, als parcs i pels carrers fulles&hellip;  <a href=\"https:\/\/agora.xtec.cat\/escolataularodona\/inf\/la-tardor-p4\/\" title=\"Read LA TARDOR. P4\">Llegeix m\u00e9s\u00bb<\/a><\/p>\n","protected":false},"author":18,"featured_media":7452,"comment_status":"closed","ping_status":"closed","sticky":false,"template":"","format":"standard","meta":{"_bbp_topic_count":0,"_bbp_reply_count":0,"_bbp_total_topic_count":0,"_bbp_total_reply_count":0,"_bbp_voice_count":0,"_bbp_anonymous_reply_count":0,"_bbp_topic_count_hidden":0,"_bbp_reply_count_hidden":0,"_bbp_forum_subforum_count":0,"footnotes":""},"categories":[77],"tags":[174],"class_list":["post-7451","post","type-post","status-publish","format-standard","has-post-thumbnail","hentry","category-inf","tag-2021-2022"],"post_mailing_queue_ids":[],"_links":{"self":[{"href":"https:\/\/agora.xtec.cat\/escolataularodona\/wp-json\/wp\/v2\/posts\/7451","targetHints":{"allow":["GET"]}}],"collection":[{"href":"https:\/\/agora.xtec.cat\/escolataularodona\/wp-json\/wp\/v2\/posts"}],"about":[{"href":"https:\/\/agora.xtec.cat\/escolataularodona\/wp-json\/wp\/v2\/types\/post"}],"author":[{"embeddable":true,"href":"https:\/\/agora.xtec.cat\/escolataularodona\/wp-json\/wp\/v2\/users\/18"}],"replies":[{"embeddable":true,"href":"https:\/\/agora.xtec.cat\/escolataularodona\/wp-json\/wp\/v2\/comments?post=7451"}],"version-history":[{"count":3,"href":"https:\/\/agora.xtec.cat\/escolataularodona\/wp-json\/wp\/v2\/posts\/7451\/revisions"}],"predecessor-version":[{"id":7465,"href":"https:\/\/agora.xtec.cat\/escolataularodona\/wp-json\/wp\/v2\/posts\/7451\/revisions\/7465"}],"wp:featuredmedia":[{"embeddable":true,"href":"https:\/\/agora.xtec.cat\/escolataularodona\/wp-json\/wp\/v2\/media\/7452"}],"wp:attachment":[{"href":"https:\/\/agora.xtec.cat\/escolataularodona\/wp-json\/wp\/v2\/media?parent=7451"}],"wp:term":[{"taxonomy":"category","embeddable":true,"href":"https:\/\/agora.xtec.cat\/escolataularodona\/wp-json\/wp\/v2\/categories?post=7451"},{"taxonomy":"post_tag","embeddable":true,"href":"https:\/\/agora.xtec.cat\/escolataularodona\/wp-json\/wp\/v2\/tags?post=7451"}],"curies":[{"name":"wp","href":"https:\/\/api.w.org\/{rel}","templated":true}]}}