{"id":7325,"date":"2021-09-10T17:34:17","date_gmt":"2021-09-10T15:34:17","guid":{"rendered":"https:\/\/agora.xtec.cat\/escolataularodona\/?p=7325"},"modified":"2022-09-04T21:23:04","modified_gmt":"2022-09-04T19:23:04","slug":"beques-nese","status":"publish","type":"post","link":"https:\/\/agora.xtec.cat\/escolataularodona\/prim\/beques-nese\/","title":{"rendered":"Beques NESE"},"content":{"rendered":"<p>____Bon dia fam\u00edlies,<br \/>\nJa podeu presentar tota la documentaci\u00f3 necess\u00e0ria per demanar la beca<br \/>\nde NESE, teniu de terminis fins el 30 de setembre.<\/p>\n<p>Els protocols a seguir s\u00f3n: <a href=\"https:\/\/educacio.gencat.cat\/ca\/tramits\/tramits-temes\/358-ajuts-ministerio-NEE\">https:\/\/educacio.gencat.cat\/ca\/tramits\/tramits-temes\/358-ajuts-ministerio-NEE<\/a><\/p>\n<p>S&#8217;ha de fer telem\u00e0ticament (primer pas)<br \/>\nPortar tota la documentaci\u00f3 a l&#8217;escola. Com sempre \u00e9s molt important l&#8217;informe del professional o la professional que at\u00e9n el vostre fill o filla. Tota aquesta documentaci\u00f3 l&#8217;heu de portar a l&#8217;escola.<\/p>\n<p>Molt cordialment,<\/p>\n","protected":false},"excerpt":{"rendered":"<p>Informaci\u00f3 sobre Beques NESE&hellip;  <a href=\"https:\/\/agora.xtec.cat\/escolataularodona\/prim\/beques-nese\/\" title=\"Read Beques NESE\">Llegeix m\u00e9s\u00bb<\/a><\/p>\n","protected":false},"author":1,"featured_media":0,"comment_status":"closed","ping_status":"closed","sticky":false,"template":"","format":"standard","meta":{"_bbp_topic_count":0,"_bbp_reply_count":0,"_bbp_total_topic_count":0,"_bbp_total_reply_count":0,"_bbp_voice_count":0,"_bbp_anonymous_reply_count":0,"_bbp_topic_count_hidden":0,"_bbp_reply_count_hidden":0,"_bbp_forum_subforum_count":0,"footnotes":""},"categories":[77,76],"tags":[174],"class_list":["post-7325","post","type-post","status-publish","format-standard","hentry","category-inf","category-prim","tag-2021-2022"],"post_mailing_queue_ids":[],"_links":{"self":[{"href":"https:\/\/agora.xtec.cat\/escolataularodona\/wp-json\/wp\/v2\/posts\/7325","targetHints":{"allow":["GET"]}}],"collection":[{"href":"https:\/\/agora.xtec.cat\/escolataularodona\/wp-json\/wp\/v2\/posts"}],"about":[{"href":"https:\/\/agora.xtec.cat\/escolataularodona\/wp-json\/wp\/v2\/types\/post"}],"author":[{"embeddable":true,"href":"https:\/\/agora.xtec.cat\/escolataularodona\/wp-json\/wp\/v2\/users\/1"}],"replies":[{"embeddable":true,"href":"https:\/\/agora.xtec.cat\/escolataularodona\/wp-json\/wp\/v2\/comments?post=7325"}],"version-history":[{"count":3,"href":"https:\/\/agora.xtec.cat\/escolataularodona\/wp-json\/wp\/v2\/posts\/7325\/revisions"}],"predecessor-version":[{"id":7386,"href":"https:\/\/agora.xtec.cat\/escolataularodona\/wp-json\/wp\/v2\/posts\/7325\/revisions\/7386"}],"wp:attachment":[{"href":"https:\/\/agora.xtec.cat\/escolataularodona\/wp-json\/wp\/v2\/media?parent=7325"}],"wp:term":[{"taxonomy":"category","embeddable":true,"href":"https:\/\/agora.xtec.cat\/escolataularodona\/wp-json\/wp\/v2\/categories?post=7325"},{"taxonomy":"post_tag","embeddable":true,"href":"https:\/\/agora.xtec.cat\/escolataularodona\/wp-json\/wp\/v2\/tags?post=7325"}],"curies":[{"name":"wp","href":"https:\/\/api.w.org\/{rel}","templated":true}]}}