{"id":7183,"date":"2021-06-22T17:00:40","date_gmt":"2021-06-22T15:00:40","guid":{"rendered":"http:\/\/agora.xtec.cat\/escolataularodona\/?p=7183"},"modified":"2022-09-04T21:23:41","modified_gmt":"2022-09-04T19:23:41","slug":"activitat-de-les-bombolles-infantil","status":"publish","type":"post","link":"https:\/\/agora.xtec.cat\/escolataularodona\/inf\/activitat-de-les-bombolles-infantil\/","title":{"rendered":"Activitat de les bombolles. Infantil"},"content":{"rendered":"<p><img loading=\"lazy\" decoding=\"async\" class=\"size-medium wp-image-7185 aligncenter\" src=\"https:\/\/agora.xtec.cat\/escolataularodona\/wp-content\/uploads\/usu722\/2021\/06\/nubes-300x205.jpg\" alt=\"\" width=\"300\" height=\"205\" srcset=\"https:\/\/agora.xtec.cat\/escolataularodona\/wp-content\/uploads\/usu722\/2021\/06\/nubes-300x205.jpg 300w, https:\/\/agora.xtec.cat\/escolataularodona\/wp-content\/uploads\/usu722\/2021\/06\/nubes.jpg 348w\" sizes=\"auto, (max-width: 300px) 100vw, 300px\" \/><\/p>\n<p>Benvolgudes fam\u00edlies,<\/p>\n<p>Com ja sabeu aquest any a causa de la pand\u00e8mia vam haver de fer dos torns; divendres 18 de juny van gaudir de les bombolles els infants de P4A, P4B, P5A, P5B i P5C. I dilluns 21 de juny els nens i nenes de P3A, P3B, P3C i P4C.<\/p>\n<p>Les activitats es dividien en sis parts:<\/p>\n<ul style=\"list-style-type: circle;\">\n<li><strong>Jugar amb bombolles petites<\/strong> que es creaven a trav\u00e9s d&#8217;una m\u00e0quina que al girar aquestes es formaven. Els hi va agradar molt perqu\u00e8 sortien moltes i era com endinsar-se en un mar de bombolles. A m\u00e9s, els encarregats de l&#8217;activitat ens van aconsellar que ens hav\u00edem de mullar els bra\u00e7os i les mans, endinsant-los en una banyera amb sab\u00f3. D&#8217;aquesta manera les bombolles que sortien s&#8217;enganxaven en nosaltres. Tenien la necessitat de compartir aquest moment entre ells i amb les mestres.<\/li>\n<\/ul>\n<p><img loading=\"lazy\" decoding=\"async\" class=\"alignnone wp-image-7186\" src=\"https:\/\/agora.xtec.cat\/escolataularodona\/wp-content\/uploads\/usu722\/2021\/06\/IMG_20210618_092742_1-300x276.jpg\" alt=\"\" width=\"208\" height=\"191\" srcset=\"https:\/\/agora.xtec.cat\/escolataularodona\/wp-content\/uploads\/usu722\/2021\/06\/IMG_20210618_092742_1-300x276.jpg 300w, https:\/\/agora.xtec.cat\/escolataularodona\/wp-content\/uploads\/usu722\/2021\/06\/IMG_20210618_092742_1.jpg 653w\" sizes=\"auto, (max-width: 208px) 100vw, 208px\" \/><\/p>\n<ul style=\"list-style-type: circle;\">\n<li><strong>Jugar amb bombolles gegants<\/strong> que es creaven a partir d&#8217;unes cordes unides, fent l&#8217;efecte d&#8217;una xarxa.<\/li>\n<\/ul>\n<p><img loading=\"lazy\" decoding=\"async\" class=\"alignnone size-medium wp-image-7187\" src=\"https:\/\/agora.xtec.cat\/escolataularodona\/wp-content\/uploads\/usu722\/2021\/06\/xarxa-300x173.jpg\" alt=\"\" width=\"300\" height=\"173\" srcset=\"https:\/\/agora.xtec.cat\/escolataularodona\/wp-content\/uploads\/usu722\/2021\/06\/xarxa-300x173.jpg 300w, https:\/\/agora.xtec.cat\/escolataularodona\/wp-content\/uploads\/usu722\/2021\/06\/xarxa-768x442.jpg 768w, https:\/\/agora.xtec.cat\/escolataularodona\/wp-content\/uploads\/usu722\/2021\/06\/xarxa-1024x589.jpg 1024w, https:\/\/agora.xtec.cat\/escolataularodona\/wp-content\/uploads\/usu722\/2021\/06\/xarxa.jpg 1403w\" sizes=\"auto, (max-width: 300px) 100vw, 300px\" \/><\/p>\n<ul style=\"list-style-type: circle;\">\n<li><strong>Fer bombolles<\/strong> introduint en banyeres petites diversos utensilis que tenien a l&#8217;abast.<\/li>\n<\/ul>\n<p><img loading=\"lazy\" decoding=\"async\" class=\"alignnone wp-image-7188\" src=\"https:\/\/agora.xtec.cat\/escolataularodona\/wp-content\/uploads\/usu722\/2021\/06\/banyerers-177x300.jpg\" alt=\"\" width=\"159\" height=\"269\" srcset=\"https:\/\/agora.xtec.cat\/escolataularodona\/wp-content\/uploads\/usu722\/2021\/06\/banyerers-177x300.jpg 177w, https:\/\/agora.xtec.cat\/escolataularodona\/wp-content\/uploads\/usu722\/2021\/06\/banyerers.jpg 562w\" sizes=\"auto, (max-width: 159px) 100vw, 159px\" \/><\/p>\n<ul style=\"list-style-type: circle;\">\n<li><strong>Introduir-nos en una bombolla gegant.<\/strong><\/li>\n<\/ul>\n<p><img loading=\"lazy\" decoding=\"async\" class=\"alignnone wp-image-7190\" src=\"https:\/\/agora.xtec.cat\/escolataularodona\/wp-content\/uploads\/usu722\/2021\/06\/gegant-224x300.jpg\" alt=\"\" width=\"156\" height=\"209\" srcset=\"https:\/\/agora.xtec.cat\/escolataularodona\/wp-content\/uploads\/usu722\/2021\/06\/gegant-224x300.jpg 224w, https:\/\/agora.xtec.cat\/escolataularodona\/wp-content\/uploads\/usu722\/2021\/06\/gegant-768x1026.jpg 768w, https:\/\/agora.xtec.cat\/escolataularodona\/wp-content\/uploads\/usu722\/2021\/06\/gegant-766x1024.jpg 766w, https:\/\/agora.xtec.cat\/escolataularodona\/wp-content\/uploads\/usu722\/2021\/06\/gegant.jpg 1736w\" sizes=\"auto, (max-width: 156px) 100vw, 156px\" \/><\/p>\n<ul style=\"list-style-type: circle;\">\n<li>Fer-nos <strong>pentinats divertits<\/strong> a partir de l&#8217;escuma.<\/li>\n<\/ul>\n<p><img loading=\"lazy\" decoding=\"async\" class=\"alignnone wp-image-7189\" src=\"https:\/\/agora.xtec.cat\/escolataularodona\/wp-content\/uploads\/usu722\/2021\/06\/cabell-250x300.jpg\" alt=\"\" width=\"156\" height=\"187\" srcset=\"https:\/\/agora.xtec.cat\/escolataularodona\/wp-content\/uploads\/usu722\/2021\/06\/cabell-250x300.jpg 250w, https:\/\/agora.xtec.cat\/escolataularodona\/wp-content\/uploads\/usu722\/2021\/06\/cabell-768x921.jpg 768w, https:\/\/agora.xtec.cat\/escolataularodona\/wp-content\/uploads\/usu722\/2021\/06\/cabell-853x1024.jpg 853w, https:\/\/agora.xtec.cat\/escolataularodona\/wp-content\/uploads\/usu722\/2021\/06\/cabell.jpg 1061w\" sizes=\"auto, (max-width: 156px) 100vw, 156px\" \/><\/p>\n<ul style=\"list-style-type: circle;\">\n<li><strong>Fer un volc\u00e0<\/strong>. Introduir fum a l&#8217;interior d&#8217;una bombolla.<\/li>\n<\/ul>\n<p><img loading=\"lazy\" decoding=\"async\" class=\"alignnone wp-image-7192\" src=\"https:\/\/agora.xtec.cat\/escolataularodona\/wp-content\/uploads\/usu722\/2021\/06\/tub-300x285.jpg\" alt=\"\" width=\"208\" height=\"198\" srcset=\"https:\/\/agora.xtec.cat\/escolataularodona\/wp-content\/uploads\/usu722\/2021\/06\/tub-300x285.jpg 300w, https:\/\/agora.xtec.cat\/escolataularodona\/wp-content\/uploads\/usu722\/2021\/06\/tub-768x730.jpg 768w, https:\/\/agora.xtec.cat\/escolataularodona\/wp-content\/uploads\/usu722\/2021\/06\/tub-1024x974.jpg 1024w, https:\/\/agora.xtec.cat\/escolataularodona\/wp-content\/uploads\/usu722\/2021\/06\/tub.jpg 1305w\" sizes=\"auto, (max-width: 208px) 100vw, 208px\" \/> .<img loading=\"lazy\" decoding=\"async\" class=\"alignnone wp-image-7191\" src=\"https:\/\/agora.xtec.cat\/escolataularodona\/wp-content\/uploads\/usu722\/2021\/06\/fum-243x300.jpg\" alt=\"\" width=\"160\" height=\"198\" srcset=\"https:\/\/agora.xtec.cat\/escolataularodona\/wp-content\/uploads\/usu722\/2021\/06\/fum-243x300.jpg 243w, https:\/\/agora.xtec.cat\/escolataularodona\/wp-content\/uploads\/usu722\/2021\/06\/fum.jpg 753w\" sizes=\"auto, (max-width: 160px) 100vw, 160px\" \/><\/p>\n<p>Ens ho vam passar molt b\u00e9!!! Va ser una activitat l\u00fadica extraordin\u00e0ria per tancar el curs.<\/p>\n<p>Moltes gr\u00e0cies per tot<\/p>\n<p>Hem gaudit molt\u00edssim totes i tots plegats. Per poder veure les fotografies cliqueu al nivell de la vostra fill o filla.<\/p>\n<p><a href=\"https:\/\/agora.xtec.cat\/escolataularodona\/fotografies-e-i-3-anys\/\">P3<\/a>\u00a0 \u00a0 \u00a0 <a href=\"https:\/\/agora.xtec.cat\/escolataularodona\/fotografies-e-i-4-anys\/\">\u00a0P4<\/a>\u00a0 \u00a0 \u00a0 \u00a0 <a href=\"https:\/\/agora.xtec.cat\/escolataularodona\/fotografies-e-i-5-anys\/\">P5<\/a><\/p>\n<p>Gaudiu de les vacances!!!<\/p>\n<p>Les mestres d&#8217;infantil<\/p>\n","protected":false},"excerpt":{"rendered":"<p>Benvolgudes fam\u00edlies,<br \/>\nCom ja sabeu aquest any a causa de la pand\u00e8mia vam haver de fer dos torns; divendres 18 de juny van gaudir de les bombolles els infants de P4A, P4B, P5A, P5B i P5C. I dilluns 21 de juny els nens i nenes de&hellip;  <a href=\"https:\/\/agora.xtec.cat\/escolataularodona\/inf\/activitat-de-les-bombolles-infantil\/\" title=\"Read Activitat de les bombolles. Infantil\">Llegeix m\u00e9s\u00bb<\/a><\/p>\n","protected":false},"author":18,"featured_media":7184,"comment_status":"closed","ping_status":"closed","sticky":false,"template":"","format":"standard","meta":{"_bbp_topic_count":0,"_bbp_reply_count":0,"_bbp_total_topic_count":0,"_bbp_total_reply_count":0,"_bbp_voice_count":0,"_bbp_anonymous_reply_count":0,"_bbp_topic_count_hidden":0,"_bbp_reply_count_hidden":0,"_bbp_forum_subforum_count":0,"footnotes":""},"categories":[77],"tags":[169],"class_list":["post-7183","post","type-post","status-publish","format-standard","has-post-thumbnail","hentry","category-inf","tag-2020-2021"],"post_mailing_queue_ids":[],"_links":{"self":[{"href":"https:\/\/agora.xtec.cat\/escolataularodona\/wp-json\/wp\/v2\/posts\/7183","targetHints":{"allow":["GET"]}}],"collection":[{"href":"https:\/\/agora.xtec.cat\/escolataularodona\/wp-json\/wp\/v2\/posts"}],"about":[{"href":"https:\/\/agora.xtec.cat\/escolataularodona\/wp-json\/wp\/v2\/types\/post"}],"author":[{"embeddable":true,"href":"https:\/\/agora.xtec.cat\/escolataularodona\/wp-json\/wp\/v2\/users\/18"}],"replies":[{"embeddable":true,"href":"https:\/\/agora.xtec.cat\/escolataularodona\/wp-json\/wp\/v2\/comments?post=7183"}],"version-history":[{"count":4,"href":"https:\/\/agora.xtec.cat\/escolataularodona\/wp-json\/wp\/v2\/posts\/7183\/revisions"}],"predecessor-version":[{"id":7682,"href":"https:\/\/agora.xtec.cat\/escolataularodona\/wp-json\/wp\/v2\/posts\/7183\/revisions\/7682"}],"wp:featuredmedia":[{"embeddable":true,"href":"https:\/\/agora.xtec.cat\/escolataularodona\/wp-json\/wp\/v2\/media\/7184"}],"wp:attachment":[{"href":"https:\/\/agora.xtec.cat\/escolataularodona\/wp-json\/wp\/v2\/media?parent=7183"}],"wp:term":[{"taxonomy":"category","embeddable":true,"href":"https:\/\/agora.xtec.cat\/escolataularodona\/wp-json\/wp\/v2\/categories?post=7183"},{"taxonomy":"post_tag","embeddable":true,"href":"https:\/\/agora.xtec.cat\/escolataularodona\/wp-json\/wp\/v2\/tags?post=7183"}],"curies":[{"name":"wp","href":"https:\/\/api.w.org\/{rel}","templated":true}]}}