{"id":7074,"date":"2021-05-20T11:15:01","date_gmt":"2021-05-20T09:15:01","guid":{"rendered":"http:\/\/agora.xtec.cat\/escolataularodona\/?p=7074"},"modified":"2024-03-05T13:48:28","modified_gmt":"2024-03-05T12:48:28","slug":"p3-racons-daprenentatge-cinquena-rotacio","status":"publish","type":"post","link":"https:\/\/agora.xtec.cat\/escolataularodona\/inf\/p3-racons-daprenentatge-cinquena-rotacio\/","title":{"rendered":"P3: Racons d&#8217;aprenentatge (cinquena rotaci\u00f3)"},"content":{"rendered":"<p>Les nenes i els nens de P3 ja han finalitzat les \u00faltimes sessions de racons d&#8217;aprenentatge. Com ja sabeu, el treball per racons permet treballar diferents \u00e0rees simult\u00e0niament i arribar a tots els nivells i ritmes d&#8217;aprenentatge. En aquest article us expliquem quines propostes han pogut realitzar a cada rac\u00f3.<\/p>\n<p><span style=\"text-decoration: underline\"><strong>Rac\u00f3 matem\u00e0tic:<\/strong><\/span>Utilitzant el tacte, emparellem diferents fustetes que tenen les mateixes textures.<strong style=\"font-family: inherit;font-size: 1em\">\u00a0<\/strong><\/p>\n<p><img loading=\"lazy\" decoding=\"async\" class=\"alignnone size-full wp-image-7228\" src=\"https:\/\/agora.xtec.cat\/escolataularodona\/wp-content\/uploads\/usu722\/2021\/05\/1620324292031.jpg\" alt=\"\" width=\"212\" height=\"282\" \/><\/p>\n<p><span style=\"text-decoration: underline\"><strong>Rac\u00f3 d&#8217;art:<\/strong><\/span> Creem polseres amb els macarrons que van pintar en anteriors sessions.<\/p>\n<p><img loading=\"lazy\" decoding=\"async\" class=\"alignnone size-medium wp-image-7225\" src=\"https:\/\/agora.xtec.cat\/escolataularodona\/wp-content\/uploads\/usu722\/2021\/05\/164587-300x229.jpg\" alt=\"\" width=\"300\" height=\"229\" srcset=\"https:\/\/agora.xtec.cat\/escolataularodona\/wp-content\/uploads\/usu722\/2021\/05\/164587-300x229.jpg 300w, https:\/\/agora.xtec.cat\/escolataularodona\/wp-content\/uploads\/usu722\/2021\/05\/164587.jpg 462w\" sizes=\"auto, (max-width: 300px) 100vw, 300px\" \/><\/p>\n<p><span style=\"text-decoration: underline\"><strong>Rac\u00f3 d&#8217;experimentaci\u00f3:<\/strong><\/span> Juguem amb safates sensorials amb olor a mandarina i canyella. Aquestes safates han estat creades amb la pell de les mandarines que hem anat secant a la classe i deferents especies.<\/p>\n<p><img loading=\"lazy\" decoding=\"async\" class=\"alignnone size-medium wp-image-7226\" src=\"https:\/\/agora.xtec.cat\/escolataularodona\/wp-content\/uploads\/usu722\/2021\/05\/1620324292041-300x225.jpg\" alt=\"\" width=\"300\" height=\"225\" srcset=\"https:\/\/agora.xtec.cat\/escolataularodona\/wp-content\/uploads\/usu722\/2021\/05\/1620324292041.jpg 300w, https:\/\/agora.xtec.cat\/escolataularodona\/wp-content\/uploads\/usu722\/2021\/05\/1620324292041-200x150.jpg 200w\" sizes=\"auto, (max-width: 300px) 100vw, 300px\" \/><\/p>\n<p><strong><span style=\"text-decoration: underline\">Rac\u00f3 de llengua:<\/span><\/strong> Treballem totes les lletres del nostre nom, repetint-les en papers de colors separats i ordenant-les per enganxar-les.<\/p>\n<p><img loading=\"lazy\" decoding=\"async\" class=\"alignnone size-full wp-image-7227\" src=\"https:\/\/agora.xtec.cat\/escolataularodona\/wp-content\/uploads\/usu722\/2021\/05\/1620324292020.jpg\" alt=\"\" width=\"183\" height=\"236\" \/><\/p>\n<p><a href=\"https:\/\/agora.xtec.cat\/escolataularodona\/fotografies-e-i-3-anys\/\">Si voleu veure m\u00e9s fotos feu clic aqu\u00ed.<\/a><\/p>\n","protected":false},"excerpt":{"rendered":"<p>Les nenes i els nens de P3 ja han finalitzat les \u00faltimes sessions de racons d&#8217;aprenentatge. Com ja sabeu, el treball per racons permet treballar diferents \u00e0rees simult\u00e0niament i arribar a tots els nivells i ritmes d&#8217;aprenentatge. En aquest article us expliquem quines propostes han&hellip;  <a href=\"https:\/\/agora.xtec.cat\/escolataularodona\/inf\/p3-racons-daprenentatge-cinquena-rotacio\/\" title=\"Read P3: Racons d&#8217;aprenentatge (cinquena rotaci\u00f3)\">Llegeix m\u00e9s\u00bb<\/a><\/p>\n","protected":false},"author":18,"featured_media":7223,"comment_status":"closed","ping_status":"closed","sticky":false,"template":"","format":"standard","meta":{"_bbp_topic_count":0,"_bbp_reply_count":0,"_bbp_total_topic_count":0,"_bbp_total_reply_count":0,"_bbp_voice_count":0,"_bbp_anonymous_reply_count":0,"_bbp_topic_count_hidden":0,"_bbp_reply_count_hidden":0,"_bbp_forum_subforum_count":0,"footnotes":""},"categories":[77],"tags":[169],"class_list":["post-7074","post","type-post","status-publish","format-standard","has-post-thumbnail","hentry","category-inf","tag-2020-2021"],"post_mailing_queue_ids":[],"_links":{"self":[{"href":"https:\/\/agora.xtec.cat\/escolataularodona\/wp-json\/wp\/v2\/posts\/7074","targetHints":{"allow":["GET"]}}],"collection":[{"href":"https:\/\/agora.xtec.cat\/escolataularodona\/wp-json\/wp\/v2\/posts"}],"about":[{"href":"https:\/\/agora.xtec.cat\/escolataularodona\/wp-json\/wp\/v2\/types\/post"}],"author":[{"embeddable":true,"href":"https:\/\/agora.xtec.cat\/escolataularodona\/wp-json\/wp\/v2\/users\/18"}],"replies":[{"embeddable":true,"href":"https:\/\/agora.xtec.cat\/escolataularodona\/wp-json\/wp\/v2\/comments?post=7074"}],"version-history":[{"count":3,"href":"https:\/\/agora.xtec.cat\/escolataularodona\/wp-json\/wp\/v2\/posts\/7074\/revisions"}],"predecessor-version":[{"id":7334,"href":"https:\/\/agora.xtec.cat\/escolataularodona\/wp-json\/wp\/v2\/posts\/7074\/revisions\/7334"}],"wp:featuredmedia":[{"embeddable":true,"href":"https:\/\/agora.xtec.cat\/escolataularodona\/wp-json\/wp\/v2\/media\/7223"}],"wp:attachment":[{"href":"https:\/\/agora.xtec.cat\/escolataularodona\/wp-json\/wp\/v2\/media?parent=7074"}],"wp:term":[{"taxonomy":"category","embeddable":true,"href":"https:\/\/agora.xtec.cat\/escolataularodona\/wp-json\/wp\/v2\/categories?post=7074"},{"taxonomy":"post_tag","embeddable":true,"href":"https:\/\/agora.xtec.cat\/escolataularodona\/wp-json\/wp\/v2\/tags?post=7074"}],"curies":[{"name":"wp","href":"https:\/\/api.w.org\/{rel}","templated":true}]}}