{"id":7038,"date":"2021-05-08T12:48:37","date_gmt":"2021-05-08T10:48:37","guid":{"rendered":"http:\/\/agora.xtec.cat\/escolataularodona\/?p=7038"},"modified":"2024-03-05T13:48:39","modified_gmt":"2024-03-05T12:48:39","slug":"p5-taller-henri-matisse","status":"publish","type":"post","link":"https:\/\/agora.xtec.cat\/escolataularodona\/inf\/p5-taller-henri-matisse\/","title":{"rendered":"P5. TALLER HENRI MATISSE"},"content":{"rendered":"<p><img loading=\"lazy\" decoding=\"async\" class=\"alignnone size-medium wp-image-7044 aligncenter\" src=\"https:\/\/agora.xtec.cat\/escolataularodona\/wp-content\/uploads\/usu722\/2021\/05\/henri-300x107.png\" alt=\"\" width=\"300\" height=\"107\" srcset=\"https:\/\/agora.xtec.cat\/escolataularodona\/wp-content\/uploads\/usu722\/2021\/05\/henri-300x107.png 300w, https:\/\/agora.xtec.cat\/escolataularodona\/wp-content\/uploads\/usu722\/2021\/05\/henri.png 670w\" sizes=\"auto, (max-width: 300px) 100vw, 300px\" \/><\/p>\n<p>&nbsp;<\/p>\n<p>Hola fam\u00edlies,<\/p>\n<p>Aquesta setmana hem pogut gaudir de la visita de Patr\u00edcia Bofill ( fot\u00f2grafa) i el Heinrich Kullman (dissenyador gr\u00e0fic i il\u00b7lustrador) a l&#8217;escola per realitzar el taller <strong>&#8220;DIBUIXEM AMB TISORES: L&#8217;ART DE HENRI MATISSE&#8221;.<\/strong><\/p>\n<p><strong>CAT\u00c0RTIC<\/strong> \u00e9s un projecte dins l\u2019\u00e0mbit de l\u2019educaci\u00f3 art\u00edstica que neix l\u2019any 2017 de la m\u00e0 d\u2019un equip de creatius de les arts visuals amb el prop\u00f2sit de generar un espai per gaudir de l\u2019experi\u00e8ncia creadora a trav\u00e9s de tallers d\u2019expressi\u00f3 i creativitat entorn l\u2019art. Un espai per la creaci\u00f3 i l\u2019expressi\u00f3 basat en el joc i l\u2019experimentaci\u00f3, pensat per a qu\u00e8 cadasc\u00fa pugui desplegar les seves pr\u00f2pies habilitats creatives, i que alhora ens permeti apropar-nos a l\u2019art d\u2019una manera l\u00fadica i pedag\u00f2gica educant la sensibilitat est\u00e8tica i enriquint la cultura visual.<\/p>\n<p>En aquest taller hem fet un viatge a l\u2019exuberant m\u00f3n ple de color que va construir l\u2019artista Henri Matisse al llarg de tota la seva obra, i concretament ens hem endinsat en les obres de la seva darrera etapa, els <strong>\u2018dibuixos amb tisores\u2019<\/strong>, com ell mateix els anomenava. Hem creat un mural a partir de la t\u00e8cnica dels papiers d\u00e9coup\u00e9s o papers retallats<\/p>\n<p>.<img loading=\"lazy\" decoding=\"async\" class=\"alignnone size-medium wp-image-7052\" src=\"https:\/\/agora.xtec.cat\/escolataularodona\/wp-content\/uploads\/usu722\/2021\/05\/Captura-de-pantalla-2021-05-08-a-las-10.28.42-222x300.png\" alt=\"\" width=\"222\" height=\"300\" srcset=\"https:\/\/agora.xtec.cat\/escolataularodona\/wp-content\/uploads\/usu722\/2021\/05\/Captura-de-pantalla-2021-05-08-a-las-10.28.42-222x300.png 222w, https:\/\/agora.xtec.cat\/escolataularodona\/wp-content\/uploads\/usu722\/2021\/05\/Captura-de-pantalla-2021-05-08-a-las-10.28.42.png 446w\" sizes=\"auto, (max-width: 222px) 100vw, 222px\" \/> <img loading=\"lazy\" decoding=\"async\" class=\"alignnone size-medium wp-image-7054\" src=\"https:\/\/agora.xtec.cat\/escolataularodona\/wp-content\/uploads\/usu722\/2021\/05\/Captura-de-pantalla-2021-05-08-a-las-10.30.29-226x300.png\" alt=\"\" width=\"226\" height=\"300\" srcset=\"https:\/\/agora.xtec.cat\/escolataularodona\/wp-content\/uploads\/usu722\/2021\/05\/Captura-de-pantalla-2021-05-08-a-las-10.30.29-226x300.png 226w, https:\/\/agora.xtec.cat\/escolataularodona\/wp-content\/uploads\/usu722\/2021\/05\/Captura-de-pantalla-2021-05-08-a-las-10.30.29.png 498w\" sizes=\"auto, (max-width: 226px) 100vw, 226px\" \/> <img loading=\"lazy\" decoding=\"async\" class=\"alignnone size-medium wp-image-7053\" src=\"https:\/\/agora.xtec.cat\/escolataularodona\/wp-content\/uploads\/usu722\/2021\/05\/Captura-de-pantalla-2021-05-08-a-las-10.28.52-209x300.png\" alt=\"\" width=\"209\" height=\"300\" srcset=\"https:\/\/agora.xtec.cat\/escolataularodona\/wp-content\/uploads\/usu722\/2021\/05\/Captura-de-pantalla-2021-05-08-a-las-10.28.52-209x300.png 209w, https:\/\/agora.xtec.cat\/escolataularodona\/wp-content\/uploads\/usu722\/2021\/05\/Captura-de-pantalla-2021-05-08-a-las-10.28.52.png 479w\" sizes=\"auto, (max-width: 209px) 100vw, 209px\" \/><\/p>\n<p>Ens ho hem passat tan b\u00e9 que ens ha sorgit la curiositat d&#8217;indagar una mica m\u00e9s sobre l&#8217;artista amb la lectura d&#8217;un conte sobre la seva biografia i la realitzaci\u00f3 d&#8217;un punt de llibre aplicant la mateixa t\u00e8cnica treballada.<\/p>\n<p><img loading=\"lazy\" decoding=\"async\" class=\"alignnone size-medium wp-image-7051\" src=\"https:\/\/agora.xtec.cat\/escolataularodona\/wp-content\/uploads\/usu722\/2021\/05\/Captura-de-pantalla-2021-05-08-a-las-10.28.28-300x253.png\" alt=\"\" width=\"300\" height=\"253\" srcset=\"https:\/\/agora.xtec.cat\/escolataularodona\/wp-content\/uploads\/usu722\/2021\/05\/Captura-de-pantalla-2021-05-08-a-las-10.28.28-300x253.png 300w, https:\/\/agora.xtec.cat\/escolataularodona\/wp-content\/uploads\/usu722\/2021\/05\/Captura-de-pantalla-2021-05-08-a-las-10.28.28.png 542w\" sizes=\"auto, (max-width: 300px) 100vw, 300px\" \/><\/p>\n<p><a href=\"http:\/\/agora.xtec.cat\/escolataularodona\/fotografies-e-i-5-anys\/\">Per poder veure les fotos cliqueu aqu\u00ed!<\/a><\/p>\n","protected":false},"excerpt":{"rendered":"<p>&nbsp;<br \/>\nHola fam\u00edlies,<br \/>\nAquesta setmana hem pogut gaudir de la visita de Patr\u00edcia Bofill ( fot\u00f2grafa) i el Heinrich Kullman (dissenyador gr\u00e0fic i il\u00b7lustrador) a l&#8217;escola per realitzar el taller &#8220;DIBUIXEM AMB TISORES: L&#8217;ART DE HENRI MATISSE&#8221;.<br \/>\nCAT\u00c0RTIC \u00e9s un projecte dins l\u2019\u00e0mbit de l\u2019educaci\u00f3 art\u00edstica que neix&hellip;  <a href=\"https:\/\/agora.xtec.cat\/escolataularodona\/inf\/p5-taller-henri-matisse\/\" title=\"Read P5. TALLER HENRI MATISSE\">Llegeix m\u00e9s\u00bb<\/a><\/p>\n","protected":false},"author":18,"featured_media":7045,"comment_status":"closed","ping_status":"closed","sticky":false,"template":"","format":"standard","meta":{"_bbp_topic_count":0,"_bbp_reply_count":0,"_bbp_total_topic_count":0,"_bbp_total_reply_count":0,"_bbp_voice_count":0,"_bbp_anonymous_reply_count":0,"_bbp_topic_count_hidden":0,"_bbp_reply_count_hidden":0,"_bbp_forum_subforum_count":0,"footnotes":""},"categories":[77],"tags":[169],"class_list":["post-7038","post","type-post","status-publish","format-standard","has-post-thumbnail","hentry","category-inf","tag-2020-2021"],"post_mailing_queue_ids":[],"_links":{"self":[{"href":"https:\/\/agora.xtec.cat\/escolataularodona\/wp-json\/wp\/v2\/posts\/7038","targetHints":{"allow":["GET"]}}],"collection":[{"href":"https:\/\/agora.xtec.cat\/escolataularodona\/wp-json\/wp\/v2\/posts"}],"about":[{"href":"https:\/\/agora.xtec.cat\/escolataularodona\/wp-json\/wp\/v2\/types\/post"}],"author":[{"embeddable":true,"href":"https:\/\/agora.xtec.cat\/escolataularodona\/wp-json\/wp\/v2\/users\/18"}],"replies":[{"embeddable":true,"href":"https:\/\/agora.xtec.cat\/escolataularodona\/wp-json\/wp\/v2\/comments?post=7038"}],"version-history":[{"count":3,"href":"https:\/\/agora.xtec.cat\/escolataularodona\/wp-json\/wp\/v2\/posts\/7038\/revisions"}],"predecessor-version":[{"id":7061,"href":"https:\/\/agora.xtec.cat\/escolataularodona\/wp-json\/wp\/v2\/posts\/7038\/revisions\/7061"}],"wp:featuredmedia":[{"embeddable":true,"href":"https:\/\/agora.xtec.cat\/escolataularodona\/wp-json\/wp\/v2\/media\/7045"}],"wp:attachment":[{"href":"https:\/\/agora.xtec.cat\/escolataularodona\/wp-json\/wp\/v2\/media?parent=7038"}],"wp:term":[{"taxonomy":"category","embeddable":true,"href":"https:\/\/agora.xtec.cat\/escolataularodona\/wp-json\/wp\/v2\/categories?post=7038"},{"taxonomy":"post_tag","embeddable":true,"href":"https:\/\/agora.xtec.cat\/escolataularodona\/wp-json\/wp\/v2\/tags?post=7038"}],"curies":[{"name":"wp","href":"https:\/\/api.w.org\/{rel}","templated":true}]}}