{"id":6990,"date":"2021-04-23T10:31:49","date_gmt":"2021-04-23T08:31:49","guid":{"rendered":"http:\/\/agora.xtec.cat\/escolataularodona\/?p=6990"},"modified":"2024-03-05T13:49:20","modified_gmt":"2024-03-05T12:49:20","slug":"p3-sortida-a-la-granja","status":"publish","type":"post","link":"https:\/\/agora.xtec.cat\/escolataularodona\/inf\/p3-sortida-a-la-granja\/","title":{"rendered":"P3: Sortida a la granja"},"content":{"rendered":"<p>Aquesta setmana, les i els m\u00e9s petits de l&#8217;escola hem anat a passar el dia a la granja de Can Pidelaserra. Ha estat la nostra primera excursi\u00f3 i l&#8217;esper\u00e0vem amb molta il\u00b7lusi\u00f3 i molts nervis.<\/p>\n<p>Ens ho hem passat molt b\u00e9 i hem gaudit de valent. Hem pujat en un carro tirat per una somera anomenada Pepa. La Pepa \u00e9s molt divertida i nom\u00e9s camina si li cantem: &#8220;mueve el culito Pepa, mueve el culito Pepa&#8221; \ud83d\ude1b<\/p>\n<p><img loading=\"lazy\" decoding=\"async\" class=\" wp-image-6991 aligncenter\" src=\"https:\/\/agora.xtec.cat\/escolataularodona\/wp-content\/uploads\/usu722\/2021\/04\/1619075009792-300x226.jpg\" alt=\"\" width=\"224\" height=\"169\" srcset=\"https:\/\/agora.xtec.cat\/escolataularodona\/wp-content\/uploads\/usu722\/2021\/04\/1619075009792-300x226.jpg 300w, https:\/\/agora.xtec.cat\/escolataularodona\/wp-content\/uploads\/usu722\/2021\/04\/1619075009792-200x150.jpg 200w, https:\/\/agora.xtec.cat\/escolataularodona\/wp-content\/uploads\/usu722\/2021\/04\/1619075009792.jpg 375w\" sizes=\"auto, (max-width: 224px) 100vw, 224px\" \/><\/p>\n<p>Hem acariciat molts animals: pollet<span style=\"font-family: inherit;font-size: 1em\">s, conills, un porc vietnamita, cavalls&#8230; I hem donat de menjar a la vaca, a les cabretes i fins i tot li hem donat un biber\u00f3 a unes ovelletes petitones.<\/span><\/p>\n<p><img loading=\"lazy\" decoding=\"async\" class=\"alignnone wp-image-6997\" src=\"https:\/\/agora.xtec.cat\/escolataularodona\/wp-content\/uploads\/usu722\/2021\/04\/1619166220129.jpg\" alt=\"\" width=\"123\" height=\"121\" \/><img loading=\"lazy\" decoding=\"async\" class=\"alignnone wp-image-6996\" src=\"https:\/\/agora.xtec.cat\/escolataularodona\/wp-content\/uploads\/usu722\/2021\/04\/1619166220144.jpg\" alt=\"\" width=\"112\" height=\"121\" \/><img loading=\"lazy\" decoding=\"async\" class=\"alignnone wp-image-6995\" src=\"https:\/\/agora.xtec.cat\/escolataularodona\/wp-content\/uploads\/usu722\/2021\/04\/1619166220167.jpg\" alt=\"\" width=\"69\" height=\"122\" \/><img loading=\"lazy\" decoding=\"async\" class=\"alignnone wp-image-6994\" src=\"https:\/\/agora.xtec.cat\/escolataularodona\/wp-content\/uploads\/usu722\/2021\/04\/1619166220156.jpg\" alt=\"\" width=\"149\" height=\"122\" \/><img loading=\"lazy\" decoding=\"async\" class=\"alignnone wp-image-6993\" src=\"https:\/\/agora.xtec.cat\/escolataularodona\/wp-content\/uploads\/usu722\/2021\/04\/1619166220176-169x300.jpg\" alt=\"\" width=\"69\" height=\"122\" srcset=\"https:\/\/agora.xtec.cat\/escolataularodona\/wp-content\/uploads\/usu722\/2021\/04\/1619166220176-169x300.jpg 169w, https:\/\/agora.xtec.cat\/escolataularodona\/wp-content\/uploads\/usu722\/2021\/04\/1619166220176.jpg 212w\" sizes=\"auto, (max-width: 69px) 100vw, 69px\" \/><\/p>\n<p>I entre tants animalets, tamb\u00e9 hem fet bossetes d&#8217;olor amb pols de fada i <span style=\"font-family: inherit;font-size: 1em\">altres ingredients m\u00e0gics.<\/span><\/p>\n<p>Si voleu veure m\u00e9s fotos <a href=\"https:\/\/agora.xtec.cat\/escolataularodona\/fotografies-e-i-3-anys\/\">feu clic aqu\u00ed.<\/a><\/p>\n","protected":false},"excerpt":{"rendered":"<p>Aquesta setmana, les i els m\u00e9s petits de l&#8217;escola hem anat a passar el dia a la granja de Can Pidelaserra. Ha estat la nostra primera excursi\u00f3 i l&#8217;esper\u00e0vem amb molta il\u00b7lusi\u00f3 i molts nervis.<br \/>\nEns ho hem passat molt b\u00e9 i hem gaudit de valent.&hellip;  <a href=\"https:\/\/agora.xtec.cat\/escolataularodona\/inf\/p3-sortida-a-la-granja\/\" title=\"Read P3: Sortida a la granja\">Llegeix m\u00e9s\u00bb<\/a><\/p>\n","protected":false},"author":18,"featured_media":6991,"comment_status":"closed","ping_status":"closed","sticky":false,"template":"","format":"standard","meta":{"_bbp_topic_count":0,"_bbp_reply_count":0,"_bbp_total_topic_count":0,"_bbp_total_reply_count":0,"_bbp_voice_count":0,"_bbp_anonymous_reply_count":0,"_bbp_topic_count_hidden":0,"_bbp_reply_count_hidden":0,"_bbp_forum_subforum_count":0,"footnotes":""},"categories":[77],"tags":[169],"class_list":["post-6990","post","type-post","status-publish","format-standard","has-post-thumbnail","hentry","category-inf","tag-2020-2021"],"post_mailing_queue_ids":[],"_links":{"self":[{"href":"https:\/\/agora.xtec.cat\/escolataularodona\/wp-json\/wp\/v2\/posts\/6990","targetHints":{"allow":["GET"]}}],"collection":[{"href":"https:\/\/agora.xtec.cat\/escolataularodona\/wp-json\/wp\/v2\/posts"}],"about":[{"href":"https:\/\/agora.xtec.cat\/escolataularodona\/wp-json\/wp\/v2\/types\/post"}],"author":[{"embeddable":true,"href":"https:\/\/agora.xtec.cat\/escolataularodona\/wp-json\/wp\/v2\/users\/18"}],"replies":[{"embeddable":true,"href":"https:\/\/agora.xtec.cat\/escolataularodona\/wp-json\/wp\/v2\/comments?post=6990"}],"version-history":[{"count":3,"href":"https:\/\/agora.xtec.cat\/escolataularodona\/wp-json\/wp\/v2\/posts\/6990\/revisions"}],"predecessor-version":[{"id":7335,"href":"https:\/\/agora.xtec.cat\/escolataularodona\/wp-json\/wp\/v2\/posts\/6990\/revisions\/7335"}],"wp:featuredmedia":[{"embeddable":true,"href":"https:\/\/agora.xtec.cat\/escolataularodona\/wp-json\/wp\/v2\/media\/6991"}],"wp:attachment":[{"href":"https:\/\/agora.xtec.cat\/escolataularodona\/wp-json\/wp\/v2\/media?parent=6990"}],"wp:term":[{"taxonomy":"category","embeddable":true,"href":"https:\/\/agora.xtec.cat\/escolataularodona\/wp-json\/wp\/v2\/categories?post=6990"},{"taxonomy":"post_tag","embeddable":true,"href":"https:\/\/agora.xtec.cat\/escolataularodona\/wp-json\/wp\/v2\/tags?post=6990"}],"curies":[{"name":"wp","href":"https:\/\/api.w.org\/{rel}","templated":true}]}}