{"id":6929,"date":"2021-04-13T18:22:53","date_gmt":"2021-04-13T16:22:53","guid":{"rendered":"http:\/\/agora.xtec.cat\/escolataularodona\/?p=6929"},"modified":"2024-03-05T13:49:41","modified_gmt":"2024-03-05T12:49:41","slug":"p5-el-gran-cami-de-laigua","status":"publish","type":"post","link":"https:\/\/agora.xtec.cat\/escolataularodona\/inf\/p5-el-gran-cami-de-laigua\/","title":{"rendered":"P5. EL GRAN CAM\u00cd DE L&#8217;AIGUA"},"content":{"rendered":"<p>Hola fam\u00edlies,<\/p>\n<p>Aquest dilluns va venir a l&#8217;escola la Bel per explicar-nos <strong>EL GRAN CAM\u00cd DE L&#8217;AIGUA<\/strong>. Aquesta activitat est\u00e0 promoguda pel Grup CASSA. Aquesta fundaci\u00f3 desenvolupa des de fa m\u00e9s de 25 anys un programa educatiu mediambiental.<\/p>\n<p>La sessi\u00f3 que vam portar a terme a l&#8217;aula es tracta d&#8217;una activitat experimental per distingir les propietats b\u00e0siques de l\u2019aigua (no t\u00e9 color, no t\u00e9 gust, no fa olor) i per con\u00e8ixer de forma b\u00e0sica el cicle de l\u2019aigua, interioritzar sensibilitats especials entorn de l\u2019aigua i aprendre alguns dels comportaments de bona gesti\u00f3 dom\u00e8stica.<\/p>\n<p>A m\u00e9s, la Bel ens va portar material i elements per poder experimentar amb aigua, un plaf\u00f3 sobre el cicle de l\u2019aigua, ens va fer el joc d&#8217;obrir i tancar l&#8217;aixeta i ens va explicar un conte envers la import\u00e0ncia de no malgastar l\u2019aigua. Ens va agradar molt que a la hist\u00f2ria els protagonistes \u00e9rem nosaltres, tots els nens i les nenes de la classe. Ens ho vam passar molt b\u00e9, hem apr\u00e8s moltes coses i, sobretot som conscients que les nostres accions s\u00f3n molt importants i que tenen repercussions en el medi ambient.<\/p>\n<p>A la tarda vam fer conversa i vam reflexionar envers all\u00f2 que hav\u00edem apr\u00e8s, ens havia impactat, ens havia impregnat&#8230; vam pintar un dibuix del cam\u00ed de l&#8217;aigua i vam escriure all\u00f2 que cadasc\u00fa va valorar la seva frase resum envers el tema treballat. Vam considerar que era una bona opci\u00f3 que els vostres fills i filles se l&#8217;emportessin a casa el mateix dia per poder-vos explicar en el moment, el dia que ho hav\u00edem treballat. Aix\u00ed \u00e9s una manera de compartir-ho amb vosaltres d&#8217;una forma significativa i funcional.<\/p>\n<p><img loading=\"lazy\" decoding=\"async\" class=\"alignnone size-medium wp-image-6931\" src=\"https:\/\/agora.xtec.cat\/escolataularodona\/wp-content\/uploads\/usu722\/2021\/04\/IMG_20210412_101128-224x300.jpg\" alt=\"\" width=\"224\" height=\"300\" srcset=\"https:\/\/agora.xtec.cat\/escolataularodona\/wp-content\/uploads\/usu722\/2021\/04\/IMG_20210412_101128-224x300.jpg 224w, https:\/\/agora.xtec.cat\/escolataularodona\/wp-content\/uploads\/usu722\/2021\/04\/IMG_20210412_101128-768x1026.jpg 768w, https:\/\/agora.xtec.cat\/escolataularodona\/wp-content\/uploads\/usu722\/2021\/04\/IMG_20210412_101128-766x1024.jpg 766w, https:\/\/agora.xtec.cat\/escolataularodona\/wp-content\/uploads\/usu722\/2021\/04\/IMG_20210412_101128.jpg 1736w\" sizes=\"auto, (max-width: 224px) 100vw, 224px\" \/> <img loading=\"lazy\" decoding=\"async\" class=\"alignnone size-medium wp-image-6932\" src=\"https:\/\/agora.xtec.cat\/escolataularodona\/wp-content\/uploads\/usu722\/2021\/04\/IMG_20210412_101346-224x300.jpg\" alt=\"\" width=\"224\" height=\"300\" srcset=\"https:\/\/agora.xtec.cat\/escolataularodona\/wp-content\/uploads\/usu722\/2021\/04\/IMG_20210412_101346-224x300.jpg 224w, https:\/\/agora.xtec.cat\/escolataularodona\/wp-content\/uploads\/usu722\/2021\/04\/IMG_20210412_101346-768x1026.jpg 768w, https:\/\/agora.xtec.cat\/escolataularodona\/wp-content\/uploads\/usu722\/2021\/04\/IMG_20210412_101346-766x1024.jpg 766w, https:\/\/agora.xtec.cat\/escolataularodona\/wp-content\/uploads\/usu722\/2021\/04\/IMG_20210412_101346.jpg 1736w\" sizes=\"auto, (max-width: 224px) 100vw, 224px\" \/> <img loading=\"lazy\" decoding=\"async\" class=\"alignnone size-medium wp-image-6933\" src=\"https:\/\/agora.xtec.cat\/escolataularodona\/wp-content\/uploads\/usu722\/2021\/04\/IMG_20210412_101620-224x300.jpg\" alt=\"\" width=\"224\" height=\"300\" srcset=\"https:\/\/agora.xtec.cat\/escolataularodona\/wp-content\/uploads\/usu722\/2021\/04\/IMG_20210412_101620-224x300.jpg 224w, https:\/\/agora.xtec.cat\/escolataularodona\/wp-content\/uploads\/usu722\/2021\/04\/IMG_20210412_101620-768x1026.jpg 768w, https:\/\/agora.xtec.cat\/escolataularodona\/wp-content\/uploads\/usu722\/2021\/04\/IMG_20210412_101620-766x1024.jpg 766w, https:\/\/agora.xtec.cat\/escolataularodona\/wp-content\/uploads\/usu722\/2021\/04\/IMG_20210412_101620.jpg 1736w\" sizes=\"auto, (max-width: 224px) 100vw, 224px\" \/> <img loading=\"lazy\" decoding=\"async\" class=\"alignnone size-medium wp-image-6934\" src=\"https:\/\/agora.xtec.cat\/escolataularodona\/wp-content\/uploads\/usu722\/2021\/04\/IMG_20210412_102324-300x224.jpg\" alt=\"\" width=\"300\" height=\"224\" srcset=\"https:\/\/agora.xtec.cat\/escolataularodona\/wp-content\/uploads\/usu722\/2021\/04\/IMG_20210412_102324-300x224.jpg 300w, https:\/\/agora.xtec.cat\/escolataularodona\/wp-content\/uploads\/usu722\/2021\/04\/IMG_20210412_102324-768x575.jpg 768w, https:\/\/agora.xtec.cat\/escolataularodona\/wp-content\/uploads\/usu722\/2021\/04\/IMG_20210412_102324-1024x766.jpg 1024w, https:\/\/agora.xtec.cat\/escolataularodona\/wp-content\/uploads\/usu722\/2021\/04\/IMG_20210412_102324-200x150.jpg 200w\" sizes=\"auto, (max-width: 300px) 100vw, 300px\" \/><\/p>\n","protected":false},"excerpt":{"rendered":"<p>Hola fam\u00edlies,<br \/>\nAquest dilluns va venir a l&#8217;escola la Bel per explicar-nos EL GRAN CAM\u00cd DE L&#8217;AIGUA. Aquesta activitat est\u00e0 promoguda pel Grup CASSA. Aquesta fundaci\u00f3 desenvolupa des de fa m\u00e9s de 25 anys un programa educatiu mediambiental.<br \/>\nLa sessi\u00f3 que vam portar a terme a l&#8217;aula&hellip;  <a href=\"https:\/\/agora.xtec.cat\/escolataularodona\/inf\/p5-el-gran-cami-de-laigua\/\" title=\"Read P5. EL GRAN CAM\u00cd DE L&#8217;AIGUA\">Llegeix m\u00e9s\u00bb<\/a><\/p>\n","protected":false},"author":18,"featured_media":6930,"comment_status":"closed","ping_status":"closed","sticky":false,"template":"","format":"standard","meta":{"_bbp_topic_count":0,"_bbp_reply_count":0,"_bbp_total_topic_count":0,"_bbp_total_reply_count":0,"_bbp_voice_count":0,"_bbp_anonymous_reply_count":0,"_bbp_topic_count_hidden":0,"_bbp_reply_count_hidden":0,"_bbp_forum_subforum_count":0,"footnotes":""},"categories":[77],"tags":[169],"class_list":["post-6929","post","type-post","status-publish","format-standard","has-post-thumbnail","hentry","category-inf","tag-2020-2021"],"post_mailing_queue_ids":[],"_links":{"self":[{"href":"https:\/\/agora.xtec.cat\/escolataularodona\/wp-json\/wp\/v2\/posts\/6929","targetHints":{"allow":["GET"]}}],"collection":[{"href":"https:\/\/agora.xtec.cat\/escolataularodona\/wp-json\/wp\/v2\/posts"}],"about":[{"href":"https:\/\/agora.xtec.cat\/escolataularodona\/wp-json\/wp\/v2\/types\/post"}],"author":[{"embeddable":true,"href":"https:\/\/agora.xtec.cat\/escolataularodona\/wp-json\/wp\/v2\/users\/18"}],"replies":[{"embeddable":true,"href":"https:\/\/agora.xtec.cat\/escolataularodona\/wp-json\/wp\/v2\/comments?post=6929"}],"version-history":[{"count":2,"href":"https:\/\/agora.xtec.cat\/escolataularodona\/wp-json\/wp\/v2\/posts\/6929\/revisions"}],"predecessor-version":[{"id":6936,"href":"https:\/\/agora.xtec.cat\/escolataularodona\/wp-json\/wp\/v2\/posts\/6929\/revisions\/6936"}],"wp:featuredmedia":[{"embeddable":true,"href":"https:\/\/agora.xtec.cat\/escolataularodona\/wp-json\/wp\/v2\/media\/6930"}],"wp:attachment":[{"href":"https:\/\/agora.xtec.cat\/escolataularodona\/wp-json\/wp\/v2\/media?parent=6929"}],"wp:term":[{"taxonomy":"category","embeddable":true,"href":"https:\/\/agora.xtec.cat\/escolataularodona\/wp-json\/wp\/v2\/categories?post=6929"},{"taxonomy":"post_tag","embeddable":true,"href":"https:\/\/agora.xtec.cat\/escolataularodona\/wp-json\/wp\/v2\/tags?post=6929"}],"curies":[{"name":"wp","href":"https:\/\/api.w.org\/{rel}","templated":true}]}}