{"id":6767,"date":"2021-03-26T10:36:23","date_gmt":"2021-03-26T09:36:23","guid":{"rendered":"http:\/\/agora.xtec.cat\/escolataularodona\/?p=6767"},"modified":"2021-12-12T19:30:58","modified_gmt":"2021-12-12T18:30:58","slug":"p4-racons-2n-trimestre","status":"publish","type":"post","link":"https:\/\/agora.xtec.cat\/escolataularodona\/inf\/p4-racons-2n-trimestre\/","title":{"rendered":"P4: Racons 2n trimestre"},"content":{"rendered":"<p><span style=\"font-weight: 400\">El treball per racons permet donar resposta a les difer\u00e8ncies, interessos i ritmes d&#8217;aprenentatge de cada nen i nena. L&#8217;objectiu, \u00e9s treballar continguts espec\u00edfics de diferents \u00e0rees de manera l\u00fadica i aut\u00f2noma.<\/span><\/p>\n<p><span style=\"font-weight: 400\">\u00c9s una metodologia que consisteix a organitzar l&#8217;aula en diversos espais on els alumnes, distribu\u00efts en petits grups, realitzen activitats simult\u00e0nies de manera aut\u00f2noma. El\/la mestre\/a actua com a guia i l&#8217;alumne\/a participa activament en el seu aprenentatge i adquireix responsabilitats.<\/span><\/p>\n<p>Les propostes que hem preparat es classifiquen en quatre racons: un de llengua, un de matem\u00e0tiques, un manipulatiu i un sorpresa. A continuaci\u00f3 us concretem les propostes:<\/p>\n<p><img loading=\"lazy\" decoding=\"async\" class=\"wp-image-6770 alignright\" src=\"https:\/\/agora.xtec.cat\/escolataularodona\/wp-content\/uploads\/usu722\/2021\/03\/lletres-300x225.jpg\" alt=\"\" width=\"191\" height=\"143\" srcset=\"https:\/\/agora.xtec.cat\/escolataularodona\/wp-content\/uploads\/usu722\/2021\/03\/lletres-300x225.jpg 300w, https:\/\/agora.xtec.cat\/escolataularodona\/wp-content\/uploads\/usu722\/2021\/03\/lletres-200x150.jpg 200w, https:\/\/agora.xtec.cat\/escolataularodona\/wp-content\/uploads\/usu722\/2021\/03\/lletres.jpg 758w\" sizes=\"auto, (max-width: 191px) 100vw, 191px\" \/><\/p>\n<p>Rac\u00f3 de llengua:<\/p>\n<ul>\n<li>Fer lletres amb peces soltes<\/li>\n<li>Escriptura lliure (escriuen les lletres que senten de les paraules que veuen en imatges donades)<\/li>\n<li>Confegir paraules amb lletres de fusta i les escrivim<\/li>\n<\/ul>\n<p>Rac\u00f3 matem\u00e0tic:<\/p>\n<p>Pescar taps amb n\u00fameros i els endrecem <img loading=\"lazy\" decoding=\"async\" class=\"size-thumbnail wp-image-6771 alignleft\" src=\"https:\/\/agora.xtec.cat\/escolataularodona\/wp-content\/uploads\/usu722\/2021\/03\/pesca-150x150.jpg\" alt=\"\" width=\"150\" height=\"150\" \/><\/p>\n<p style=\"padding-left: 120px\">Reproduir figures geom\u00e8triques amb pals<\/p>\n<p style=\"padding-left: 120px\">Comptar i escriure la quantitat d&#8217;elements que apareixen en una imatge<\/p>\n<p>&nbsp;<\/p>\n<p>Rac\u00f3 manipulatiu:<\/p>\n<ul>\n<li>Retallar camins<\/li>\n<li>Crear neu artificial amb bicarbonat i aigua. Joc simb\u00f2lic amb animals de la neu.<\/li>\n<li>Llan\u00e7ar cotxes per rampes amb diferents inclinacions i superf\u00edcies i elaborar hip\u00f2tesis.<\/li>\n<\/ul>\n<p><img loading=\"lazy\" decoding=\"async\" class=\"alignnone wp-image-6773\" src=\"https:\/\/agora.xtec.cat\/escolataularodona\/wp-content\/uploads\/usu722\/2021\/03\/rampes-1024x368.jpg\" alt=\"\" width=\"690\" height=\"248\" srcset=\"https:\/\/agora.xtec.cat\/escolataularodona\/wp-content\/uploads\/usu722\/2021\/03\/rampes-1024x368.jpg 1024w, https:\/\/agora.xtec.cat\/escolataularodona\/wp-content\/uploads\/usu722\/2021\/03\/rampes-300x108.jpg 300w, https:\/\/agora.xtec.cat\/escolataularodona\/wp-content\/uploads\/usu722\/2021\/03\/rampes-768x276.jpg 768w\" sizes=\"auto, (max-width: 690px) 100vw, 690px\" \/><\/p>\n<p>Rac\u00f3 sorpresa:<img loading=\"lazy\" decoding=\"async\" class=\" wp-image-6772 alignright\" src=\"https:\/\/agora.xtec.cat\/escolataularodona\/wp-content\/uploads\/usu722\/2021\/03\/pulseres-300x225.jpg\" alt=\"\" width=\"191\" height=\"143\" srcset=\"https:\/\/agora.xtec.cat\/escolataularodona\/wp-content\/uploads\/usu722\/2021\/03\/pulseres-300x225.jpg 300w, https:\/\/agora.xtec.cat\/escolataularodona\/wp-content\/uploads\/usu722\/2021\/03\/pulseres-768x576.jpg 768w, https:\/\/agora.xtec.cat\/escolataularodona\/wp-content\/uploads\/usu722\/2021\/03\/pulseres-200x150.jpg 200w, https:\/\/agora.xtec.cat\/escolataularodona\/wp-content\/uploads\/usu722\/2021\/03\/pulseres.jpg 833w\" sizes=\"auto, (max-width: 191px) 100vw, 191px\" \/><\/p>\n<ul>\n<li>Crear flocs de neu amb cinta de pintor i estampar colors de l&#8217;hivern per sobre.<\/li>\n<li>Fer polseres\/ clauers amb escurapipes<\/li>\n<li>Grafisme creatiu.<\/li>\n<\/ul>\n<p>Per veure les fotografies dels nens i nenes fent els racons cliqueu <a style=\"font-family: inherit;font-size: 1em\" href=\"http:\/\/agora.xtec.cat\/escolataularodona\/fotografies-e-i-4-anys\/\">aqu\u00ed.<\/a><\/p>\n","protected":false},"excerpt":{"rendered":"<p>El treball per racons permet donar resposta a les difer\u00e8ncies, interessos i ritmes d&#8217;aprenentatge de cada nen i nena. L&#8217;objectiu, \u00e9s treballar continguts espec\u00edfics de diferents \u00e0rees de manera l\u00fadica i aut\u00f2noma.<br \/>\n\u00c9s una metodologia que consisteix a organitzar l&#8217;aula en diversos espais on els alumnes,&hellip;  <a href=\"https:\/\/agora.xtec.cat\/escolataularodona\/inf\/p4-racons-2n-trimestre\/\" title=\"Read P4: Racons 2n trimestre\">Llegeix m\u00e9s\u00bb<\/a><\/p>\n","protected":false},"author":18,"featured_media":6769,"comment_status":"closed","ping_status":"closed","sticky":false,"template":"","format":"standard","meta":{"_bbp_topic_count":0,"_bbp_reply_count":0,"_bbp_total_topic_count":0,"_bbp_total_reply_count":0,"_bbp_voice_count":0,"_bbp_anonymous_reply_count":0,"_bbp_topic_count_hidden":0,"_bbp_reply_count_hidden":0,"_bbp_forum_subforum_count":0,"footnotes":""},"categories":[77],"tags":[169],"class_list":["post-6767","post","type-post","status-publish","format-standard","has-post-thumbnail","hentry","category-inf","tag-2020-2021"],"post_mailing_queue_ids":[],"_links":{"self":[{"href":"https:\/\/agora.xtec.cat\/escolataularodona\/wp-json\/wp\/v2\/posts\/6767","targetHints":{"allow":["GET"]}}],"collection":[{"href":"https:\/\/agora.xtec.cat\/escolataularodona\/wp-json\/wp\/v2\/posts"}],"about":[{"href":"https:\/\/agora.xtec.cat\/escolataularodona\/wp-json\/wp\/v2\/types\/post"}],"author":[{"embeddable":true,"href":"https:\/\/agora.xtec.cat\/escolataularodona\/wp-json\/wp\/v2\/users\/18"}],"replies":[{"embeddable":true,"href":"https:\/\/agora.xtec.cat\/escolataularodona\/wp-json\/wp\/v2\/comments?post=6767"}],"version-history":[{"count":3,"href":"https:\/\/agora.xtec.cat\/escolataularodona\/wp-json\/wp\/v2\/posts\/6767\/revisions"}],"predecessor-version":[{"id":6859,"href":"https:\/\/agora.xtec.cat\/escolataularodona\/wp-json\/wp\/v2\/posts\/6767\/revisions\/6859"}],"wp:featuredmedia":[{"embeddable":true,"href":"https:\/\/agora.xtec.cat\/escolataularodona\/wp-json\/wp\/v2\/media\/6769"}],"wp:attachment":[{"href":"https:\/\/agora.xtec.cat\/escolataularodona\/wp-json\/wp\/v2\/media?parent=6767"}],"wp:term":[{"taxonomy":"category","embeddable":true,"href":"https:\/\/agora.xtec.cat\/escolataularodona\/wp-json\/wp\/v2\/categories?post=6767"},{"taxonomy":"post_tag","embeddable":true,"href":"https:\/\/agora.xtec.cat\/escolataularodona\/wp-json\/wp\/v2\/tags?post=6767"}],"curies":[{"name":"wp","href":"https:\/\/api.w.org\/{rel}","templated":true}]}}