{"id":6747,"date":"2021-03-26T10:36:46","date_gmt":"2021-03-26T09:36:46","guid":{"rendered":"http:\/\/agora.xtec.cat\/escolataularodona\/?p=6747"},"modified":"2021-12-12T19:30:52","modified_gmt":"2021-12-12T18:30:52","slug":"taller-de-tuba-p4","status":"publish","type":"post","link":"https:\/\/agora.xtec.cat\/escolataularodona\/inf\/taller-de-tuba-p4\/","title":{"rendered":"P4: TALLER DE TUBA"},"content":{"rendered":"<p>El passat 19 de mar\u00e7 els nens i nenes de P4 vam fer un Taller de Tuba amb el m\u00fasic Toni Chelvi.<\/p>\n<p>El Toni ens va apropar a aquest intrument tan impressionant mitjan\u00e7ant un conte, explicant-nos les seves parts, ensenyant-nos els avantpassats de la Tuba, interpretant can\u00e7ons conegudes pels infants i moltes coses m\u00e9s, tot, de manera molt motivadora i din\u00e0mica!<\/p>\n<p><a href=\"https:\/\/agora.xtec.cat\/escolataularodona\/fotografies-e-i-4-anys\/\">Cliqueu aqu\u00ed per veure les fotos.<\/a><\/p>\n<p><img loading=\"lazy\" decoding=\"async\" class=\"alignnone size-medium wp-image-6789\" src=\"https:\/\/agora.xtec.cat\/escolataularodona\/wp-content\/uploads\/usu722\/2021\/03\/20210319_091921-300x205.jpg\" alt=\"\" width=\"300\" height=\"205\" srcset=\"https:\/\/agora.xtec.cat\/escolataularodona\/wp-content\/uploads\/usu722\/2021\/03\/20210319_091921-300x205.jpg 300w, https:\/\/agora.xtec.cat\/escolataularodona\/wp-content\/uploads\/usu722\/2021\/03\/20210319_091921-768x524.jpg 768w, https:\/\/agora.xtec.cat\/escolataularodona\/wp-content\/uploads\/usu722\/2021\/03\/20210319_091921-1024x699.jpg 1024w\" sizes=\"auto, (max-width: 300px) 100vw, 300px\" \/><\/p>\n<p>&nbsp;<\/p>\n","protected":false},"excerpt":{"rendered":"<p>El passat 19 de mar\u00e7 els nens i nenes de P4 vam fer un Taller de Tuba amb el m\u00fasic Toni Chelvi.<br \/>\nEl Toni ens va apropar a aquest intrument tan impressionant mitjan\u00e7ant un conte, explicant-nos les seves parts, ensenyant-nos els avantpassats de la Tuba, interpretant&hellip;  <a href=\"https:\/\/agora.xtec.cat\/escolataularodona\/inf\/taller-de-tuba-p4\/\" title=\"Read P4: TALLER DE TUBA\">Llegeix m\u00e9s\u00bb<\/a><\/p>\n","protected":false},"author":18,"featured_media":6789,"comment_status":"closed","ping_status":"closed","sticky":false,"template":"","format":"standard","meta":{"_bbp_topic_count":0,"_bbp_reply_count":0,"_bbp_total_topic_count":0,"_bbp_total_reply_count":0,"_bbp_voice_count":0,"_bbp_anonymous_reply_count":0,"_bbp_topic_count_hidden":0,"_bbp_reply_count_hidden":0,"_bbp_forum_subforum_count":0,"footnotes":""},"categories":[77],"tags":[169],"class_list":["post-6747","post","type-post","status-publish","format-standard","has-post-thumbnail","hentry","category-inf","tag-2020-2021"],"post_mailing_queue_ids":[],"_links":{"self":[{"href":"https:\/\/agora.xtec.cat\/escolataularodona\/wp-json\/wp\/v2\/posts\/6747","targetHints":{"allow":["GET"]}}],"collection":[{"href":"https:\/\/agora.xtec.cat\/escolataularodona\/wp-json\/wp\/v2\/posts"}],"about":[{"href":"https:\/\/agora.xtec.cat\/escolataularodona\/wp-json\/wp\/v2\/types\/post"}],"author":[{"embeddable":true,"href":"https:\/\/agora.xtec.cat\/escolataularodona\/wp-json\/wp\/v2\/users\/18"}],"replies":[{"embeddable":true,"href":"https:\/\/agora.xtec.cat\/escolataularodona\/wp-json\/wp\/v2\/comments?post=6747"}],"version-history":[{"count":3,"href":"https:\/\/agora.xtec.cat\/escolataularodona\/wp-json\/wp\/v2\/posts\/6747\/revisions"}],"predecessor-version":[{"id":6858,"href":"https:\/\/agora.xtec.cat\/escolataularodona\/wp-json\/wp\/v2\/posts\/6747\/revisions\/6858"}],"wp:featuredmedia":[{"embeddable":true,"href":"https:\/\/agora.xtec.cat\/escolataularodona\/wp-json\/wp\/v2\/media\/6789"}],"wp:attachment":[{"href":"https:\/\/agora.xtec.cat\/escolataularodona\/wp-json\/wp\/v2\/media?parent=6747"}],"wp:term":[{"taxonomy":"category","embeddable":true,"href":"https:\/\/agora.xtec.cat\/escolataularodona\/wp-json\/wp\/v2\/categories?post=6747"},{"taxonomy":"post_tag","embeddable":true,"href":"https:\/\/agora.xtec.cat\/escolataularodona\/wp-json\/wp\/v2\/tags?post=6747"}],"curies":[{"name":"wp","href":"https:\/\/api.w.org\/{rel}","templated":true}]}}