{"id":6684,"date":"2021-03-14T10:36:28","date_gmt":"2021-03-14T09:36:28","guid":{"rendered":"http:\/\/agora.xtec.cat\/escolataularodona\/?p=6684"},"modified":"2024-03-05T13:47:25","modified_gmt":"2024-03-05T12:47:25","slug":"p5-ampolles-de-la-calma","status":"publish","type":"post","link":"https:\/\/agora.xtec.cat\/escolataularodona\/inf\/p5-ampolles-de-la-calma\/","title":{"rendered":"P5: Ampolles de la calma"},"content":{"rendered":"<p>Hola fam\u00edlies,<\/p>\n<p>Us vam demanar unes ampolles buides i transparents per poder fer una ampolla de la calma. Hem posat purpurina, boletes, glicerina, oli de massatges i moltes peces petites de colors (estrelles, floretes, n\u00fameros, cors, cercles&#8230;)<\/p>\n<p>Les ampolles de la calma o les ampolles sensorials s\u00f3n un recurs Montessori\u00a0per a ajudar a calmar als infants que es posen nerviosos o s&#8217;enfaden. \u00c9s una ampolla d&#8217;aigua que cont\u00e9 essencialment purpurina i funciona b\u00e9 per a ajudar els nens i a les nenes a calmar-se sols, mentre miren el flasc\u00f3 de la calma i esperen que tot es detingui.<\/p>\n<p>L&#8217;ampolla agitada (amb tot movent-se per l&#8217;aigua) \u00e9s un s\u00edmil amb el que succeeix en el caparr\u00f3 del nen\/a enfadat\/nervi\u00f3s, on tot va a mil per hora, tot es mou de manera descontrolada, tot va molt de pressa i a penes podem veure qu\u00e8 passa.<\/p>\n<p>Quan passen 2-3 minuts, tot l&#8217;interior de l&#8217;ampolla va tornant al seu estat inicial, ja res es mou i podem anar veient amb claredat qu\u00e8 hi ha dins de l&#8217;aigua. De la mateixa forma, el nen\/a enfadat que es queda quiet, en calma, en uns minuts va relaxant-se i despr\u00e9s ho veu tot m\u00e9s clar. Funciona com a ter\u00e0pia per als infants i els ajuda a entendre les seves emocions.<\/p>\n<p>Mireu que boniques ens han quedat. I el m\u00e9s important, s\u00f3n un recurs que ens ajuda a tornar a la calma.<\/p>\n<p><img loading=\"lazy\" decoding=\"async\" class=\"alignnone size-medium wp-image-6686\" src=\"https:\/\/agora.xtec.cat\/escolataularodona\/wp-content\/uploads\/usu722\/2021\/03\/1615561903945-300x224.jpg\" alt=\"\" width=\"300\" height=\"224\" srcset=\"https:\/\/agora.xtec.cat\/escolataularodona\/wp-content\/uploads\/usu722\/2021\/03\/1615561903945-300x224.jpg 300w, https:\/\/agora.xtec.cat\/escolataularodona\/wp-content\/uploads\/usu722\/2021\/03\/1615561903945-768x575.jpg 768w, https:\/\/agora.xtec.cat\/escolataularodona\/wp-content\/uploads\/usu722\/2021\/03\/1615561903945-1024x766.jpg 1024w, https:\/\/agora.xtec.cat\/escolataularodona\/wp-content\/uploads\/usu722\/2021\/03\/1615561903945-200x150.jpg 200w\" sizes=\"auto, (max-width: 300px) 100vw, 300px\" \/><\/p>\n","protected":false},"excerpt":{"rendered":"<p>Hola fam\u00edlies,<br \/>\nUs vam demanar unes ampolles buides i transparents per poder fer una ampolla de la calma. Hem posat purpurina, boletes, glicerina, oli de massatges i moltes peces petites de colors (estrelles, floretes, n\u00fameros, cors, cercles&#8230;)<br \/>\nLes ampolles de la calma o les ampolles sensorials s\u00f3n&hellip;  <a href=\"https:\/\/agora.xtec.cat\/escolataularodona\/inf\/p5-ampolles-de-la-calma\/\" title=\"Read P5: Ampolles de la calma\">Llegeix m\u00e9s\u00bb<\/a><\/p>\n","protected":false},"author":18,"featured_media":6685,"comment_status":"closed","ping_status":"closed","sticky":false,"template":"","format":"standard","meta":{"_bbp_topic_count":0,"_bbp_reply_count":0,"_bbp_total_topic_count":0,"_bbp_total_reply_count":0,"_bbp_voice_count":0,"_bbp_anonymous_reply_count":0,"_bbp_topic_count_hidden":0,"_bbp_reply_count_hidden":0,"_bbp_forum_subforum_count":0,"footnotes":""},"categories":[77],"tags":[169],"class_list":["post-6684","post","type-post","status-publish","format-standard","has-post-thumbnail","hentry","category-inf","tag-2020-2021"],"post_mailing_queue_ids":[],"_links":{"self":[{"href":"https:\/\/agora.xtec.cat\/escolataularodona\/wp-json\/wp\/v2\/posts\/6684","targetHints":{"allow":["GET"]}}],"collection":[{"href":"https:\/\/agora.xtec.cat\/escolataularodona\/wp-json\/wp\/v2\/posts"}],"about":[{"href":"https:\/\/agora.xtec.cat\/escolataularodona\/wp-json\/wp\/v2\/types\/post"}],"author":[{"embeddable":true,"href":"https:\/\/agora.xtec.cat\/escolataularodona\/wp-json\/wp\/v2\/users\/18"}],"replies":[{"embeddable":true,"href":"https:\/\/agora.xtec.cat\/escolataularodona\/wp-json\/wp\/v2\/comments?post=6684"}],"version-history":[{"count":1,"href":"https:\/\/agora.xtec.cat\/escolataularodona\/wp-json\/wp\/v2\/posts\/6684\/revisions"}],"predecessor-version":[{"id":6687,"href":"https:\/\/agora.xtec.cat\/escolataularodona\/wp-json\/wp\/v2\/posts\/6684\/revisions\/6687"}],"wp:featuredmedia":[{"embeddable":true,"href":"https:\/\/agora.xtec.cat\/escolataularodona\/wp-json\/wp\/v2\/media\/6685"}],"wp:attachment":[{"href":"https:\/\/agora.xtec.cat\/escolataularodona\/wp-json\/wp\/v2\/media?parent=6684"}],"wp:term":[{"taxonomy":"category","embeddable":true,"href":"https:\/\/agora.xtec.cat\/escolataularodona\/wp-json\/wp\/v2\/categories?post=6684"},{"taxonomy":"post_tag","embeddable":true,"href":"https:\/\/agora.xtec.cat\/escolataularodona\/wp-json\/wp\/v2\/tags?post=6684"}],"curies":[{"name":"wp","href":"https:\/\/api.w.org\/{rel}","templated":true}]}}