{"id":6561,"date":"2021-03-06T22:08:25","date_gmt":"2021-03-06T21:08:25","guid":{"rendered":"http:\/\/agora.xtec.cat\/escolataularodona\/?p=6561"},"modified":"2024-03-05T13:47:36","modified_gmt":"2024-03-05T12:47:36","slug":"p3-racons-daprenentatge-segona-proposta","status":"publish","type":"post","link":"https:\/\/agora.xtec.cat\/escolataularodona\/inf\/p3-racons-daprenentatge-segona-proposta\/","title":{"rendered":"P3: Racons d&#8217;aprenentatge (segona rotaci\u00f3)"},"content":{"rendered":"<p>Tornant de vacances, vam comen\u00e7ar la segona rotaci\u00f3 de Racons d&#8217;aprenentatge. Ara que ja els hem acabat us els presentem. En aquesta ocasi\u00f3, hem aprofitat la tem\u00e0tica de l&#8217;hivern per fer 4 racons. Dins de cadascun, les i els infants s&#8217;han trobat amb diferents graus de dificultat, que han perm\u00e8s que les propostes s&#8217;adaptin als seus ritmes d&#8217;aprenentatge.<\/p>\n<p>Les propostes per als racons han estat els seg\u00fcents:<\/p>\n<ul>\n<li><strong>Rac\u00f3 d&#8217;art:<\/strong> Decorem elements de l&#8217;hivern amb diferents materials a sobre de la taula de llum.<\/li>\n<\/ul>\n<p><img loading=\"lazy\" decoding=\"async\" class=\"alignnone size-medium wp-image-6565\" src=\"https:\/\/agora.xtec.cat\/escolataularodona\/wp-content\/uploads\/usu722\/2021\/03\/taula-300x235.jpg\" alt=\"\" width=\"300\" height=\"235\" srcset=\"https:\/\/agora.xtec.cat\/escolataularodona\/wp-content\/uploads\/usu722\/2021\/03\/taula-300x235.jpg 300w, https:\/\/agora.xtec.cat\/escolataularodona\/wp-content\/uploads\/usu722\/2021\/03\/taula.jpg 457w\" sizes=\"auto, (max-width: 300px) 100vw, 300px\" \/><\/p>\n<ul>\n<li><strong>Rac\u00f3 d&#8217;experimentaci\u00f3:<\/strong> Juguem amb neu artificial. Elaborada amb bicarbonat i aigua.<\/li>\n<\/ul>\n<p><img loading=\"lazy\" decoding=\"async\" class=\"alignnone size-medium wp-image-6566\" src=\"https:\/\/agora.xtec.cat\/escolataularodona\/wp-content\/uploads\/usu722\/2021\/03\/experimentaci\u00f3-300x215.jpg\" alt=\"\" width=\"300\" height=\"215\" srcset=\"https:\/\/agora.xtec.cat\/escolataularodona\/wp-content\/uploads\/usu722\/2021\/03\/experimentaci\u00f3-300x215.jpg 300w, https:\/\/agora.xtec.cat\/escolataularodona\/wp-content\/uploads\/usu722\/2021\/03\/experimentaci\u00f3.jpg 460w\" sizes=\"auto, (max-width: 300px) 100vw, 300px\" \/><\/p>\n<ul>\n<li><strong>Rac\u00f3 matem\u00e0tic:<\/strong> Emparellem animals polars (els iguals, les mames amb les seves cries&#8230;)<\/li>\n<\/ul>\n<p><img loading=\"lazy\" decoding=\"async\" class=\"alignnone size-medium wp-image-6562\" src=\"https:\/\/agora.xtec.cat\/escolataularodona\/wp-content\/uploads\/usu722\/2021\/03\/animals-300x237.jpg\" alt=\"\" width=\"300\" height=\"237\" srcset=\"https:\/\/agora.xtec.cat\/escolataularodona\/wp-content\/uploads\/usu722\/2021\/03\/animals-300x237.jpg 300w, https:\/\/agora.xtec.cat\/escolataularodona\/wp-content\/uploads\/usu722\/2021\/03\/animals.jpg 426w\" sizes=\"auto, (max-width: 300px) 100vw, 300px\" \/><\/p>\n<ul>\n<li><strong>Rac\u00f3 de llengua:<\/strong> Fem boletes de plastilina i confegim el nostre nom.<\/li>\n<\/ul>\n<p><img loading=\"lazy\" decoding=\"async\" class=\"alignnone size-medium wp-image-6564\" src=\"https:\/\/agora.xtec.cat\/escolataularodona\/wp-content\/uploads\/usu722\/2021\/03\/nom-300x208.jpg\" alt=\"\" width=\"300\" height=\"208\" srcset=\"https:\/\/agora.xtec.cat\/escolataularodona\/wp-content\/uploads\/usu722\/2021\/03\/nom-300x208.jpg 300w, https:\/\/agora.xtec.cat\/escolataularodona\/wp-content\/uploads\/usu722\/2021\/03\/nom.jpg 458w\" sizes=\"auto, (max-width: 300px) 100vw, 300px\" \/><\/p>\n<p>Per a<span style=\"font-family: inherit;font-size: 1em\">ccedir a les fotografies de les sessions de racons feu clic <a href=\"https:\/\/agora.xtec.cat\/escolataularodona\/fotografies-e-i-3-anys\/\">aqu\u00ed.<\/a><\/span><\/p>\n","protected":false},"excerpt":{"rendered":"<p>Tornant de vacances, vam comen\u00e7ar la segona rotaci\u00f3 de Racons d&#8217;aprenentatge. Ara que ja els hem acabat us els presentem. En aquesta ocasi\u00f3, hem aprofitat la tem\u00e0tica de l&#8217;hivern per fer 4 racons. Dins de cadascun, les i els infants s&#8217;han trobat amb diferents graus&hellip;  <a href=\"https:\/\/agora.xtec.cat\/escolataularodona\/inf\/p3-racons-daprenentatge-segona-proposta\/\" title=\"Read P3: Racons d&#8217;aprenentatge (segona rotaci\u00f3)\">Llegeix m\u00e9s\u00bb<\/a><\/p>\n","protected":false},"author":18,"featured_media":6567,"comment_status":"closed","ping_status":"closed","sticky":false,"template":"","format":"standard","meta":{"_bbp_topic_count":0,"_bbp_reply_count":0,"_bbp_total_topic_count":0,"_bbp_total_reply_count":0,"_bbp_voice_count":0,"_bbp_anonymous_reply_count":0,"_bbp_topic_count_hidden":0,"_bbp_reply_count_hidden":0,"_bbp_forum_subforum_count":0,"footnotes":""},"categories":[77],"tags":[169],"class_list":["post-6561","post","type-post","status-publish","format-standard","has-post-thumbnail","hentry","category-inf","tag-2020-2021"],"post_mailing_queue_ids":[],"_links":{"self":[{"href":"https:\/\/agora.xtec.cat\/escolataularodona\/wp-json\/wp\/v2\/posts\/6561","targetHints":{"allow":["GET"]}}],"collection":[{"href":"https:\/\/agora.xtec.cat\/escolataularodona\/wp-json\/wp\/v2\/posts"}],"about":[{"href":"https:\/\/agora.xtec.cat\/escolataularodona\/wp-json\/wp\/v2\/types\/post"}],"author":[{"embeddable":true,"href":"https:\/\/agora.xtec.cat\/escolataularodona\/wp-json\/wp\/v2\/users\/18"}],"replies":[{"embeddable":true,"href":"https:\/\/agora.xtec.cat\/escolataularodona\/wp-json\/wp\/v2\/comments?post=6561"}],"version-history":[{"count":3,"href":"https:\/\/agora.xtec.cat\/escolataularodona\/wp-json\/wp\/v2\/posts\/6561\/revisions"}],"predecessor-version":[{"id":7337,"href":"https:\/\/agora.xtec.cat\/escolataularodona\/wp-json\/wp\/v2\/posts\/6561\/revisions\/7337"}],"wp:featuredmedia":[{"embeddable":true,"href":"https:\/\/agora.xtec.cat\/escolataularodona\/wp-json\/wp\/v2\/media\/6567"}],"wp:attachment":[{"href":"https:\/\/agora.xtec.cat\/escolataularodona\/wp-json\/wp\/v2\/media?parent=6561"}],"wp:term":[{"taxonomy":"category","embeddable":true,"href":"https:\/\/agora.xtec.cat\/escolataularodona\/wp-json\/wp\/v2\/categories?post=6561"},{"taxonomy":"post_tag","embeddable":true,"href":"https:\/\/agora.xtec.cat\/escolataularodona\/wp-json\/wp\/v2\/tags?post=6561"}],"curies":[{"name":"wp","href":"https:\/\/api.w.org\/{rel}","templated":true}]}}