{"id":6335,"date":"2020-12-17T22:20:31","date_gmt":"2020-12-17T21:20:31","guid":{"rendered":"http:\/\/agora.xtec.cat\/escolataularodona\/?p=6335"},"modified":"2024-03-05T13:42:36","modified_gmt":"2024-03-05T12:42:36","slug":"p5-racons-1r-trimestre","status":"publish","type":"post","link":"https:\/\/agora.xtec.cat\/escolataularodona\/inf\/p5-racons-1r-trimestre\/","title":{"rendered":"P5: Racons 1r trimestre"},"content":{"rendered":"<p>&nbsp;<\/p>\n<p><span style=\"font-weight: 400;\">El treball per racons permet donar resposta a les difer\u00e8ncies, interessos i ritmes d&#8217;aprenentatge de cada nen i nena. L&#8217;objectiu, \u00e9s treballar continguts espec\u00edfics de diferents \u00e0rees de manera l\u00fadica i aut\u00f2noma.<\/span><\/p>\n<p><span style=\"font-weight: 400;\">\u00c9s una metodologia que consisteixen a organitzar l&#8217;aula en diversos espais on els alumnes, distribu\u00efts en petits grups, realitzen activitats simult\u00e0nies de manera aut\u00f2noma. El\/la mestre\/a actua com a guia i l&#8217;alumne\/a participa activament en el seu aprenentatge i adquireix responsabilitats.<\/span><\/p>\n<p>Les propostes que hem preparat es classifiquen en sis racons, tot i que no els portem a la vegada, \u00e9s a dir, triem 4 de tots els que redactarem a continuaci\u00f3: un de llengua, un de matem\u00e0tiques, un manipulatiu, un de construccions, un d&#8217;art i un de grafisme. A continuaci\u00f3 us concretem les propostes:<\/p>\n<p><strong>Rac\u00f3 de llengua:<\/strong><\/p>\n<ul style=\"list-style-type: disc;\">\n<li>Reproduir el nostre nom i cognom a partir de plastilina.<\/li>\n<li><span style=\"font-weight: 400;\">Escriure en cada requadre les lletres corresponents a la paraula que tenen a dalt.<\/span><\/li>\n<li><span style=\"font-weight: 400;\">Escriure a cada requadre la lletra corresponent, confeccionant d\u2019aquesta manera la paraula que t\u00e9 relaci\u00f3 amb la imatge.<\/span><\/li>\n<li><span style=\"font-weight: 400;\">Buscar les lletres imantades, col\u00b7locar-les en la direcci\u00f3 i l&#8217;ordre correcte (formant una paraula) tenint en compte les imatges que tenen davant. Despr\u00e9s girar les imatges i fer una autocorrecci\u00f3 mirant la paraula que est\u00e0 escrita.<\/span><\/li>\n<li><span style=\"font-weight: 400;\">Cercar totes les imatges que comencen amb el so de la lletra que trobem al mig del cercle.<\/span><\/li>\n<\/ul>\n<p>&nbsp;<\/p>\n<p><strong>Rac\u00f3 d&#8217;art:<\/strong><\/p>\n<ul>\n<li>Dibuixar lliurement a partir dels colors de la tardor.<\/li>\n<li><span style=\"font-weight: 400;\">Dibuixar una oreneta a partir de l\u2019observaci\u00f3 d\u2019una foto i un v\u00eddeo d&#8217;aquest ocell.<\/span><\/li>\n<li>Dibuixar les parts de la cara de l&#8217;artista Yayoi Kusama. A continuaci\u00f3, pintar el seu vestit a partir de la seva t\u00e8cnica: cercles vermells sobre fons negre.<\/li>\n<li>Calquem fulles amb ceres dels colors de la tardor.<\/li>\n<li>Pintem fulles i pinyes amb els colors de la tardor. La finalitat fer m\u00f2bils per penjar a la classe.<\/li>\n<li>Dibuix inicial del projecte de la classe: els dinosaures, els cavalls i els indis i les \u00edndies.<\/li>\n<\/ul>\n<p>&nbsp;<\/p>\n<p><strong>Rac\u00f3 de construccions:<\/strong><\/p>\n<ul>\n<li><span style=\"font-weight: 400;\">A partir de peces de fusta fer una construcci\u00f3 individual, en parelles o en grup. A continuaci\u00f3, dibuixar aquesta en un full.<\/span><\/li>\n<li><span style=\"font-weight: 400;\">Els infants es troben diferents elements per elaborar una construcci\u00f3 vertical, amb volum a partir de la seva imaginaci\u00f3. Les poden crear en grup o de manera individual. Al final poden plasmar en un full\u00a0 la seva construcci\u00f3.\u00a0<\/span><\/li>\n<\/ul>\n<p>&nbsp;<\/p>\n<p><strong>Rac\u00f3 matem\u00e0tic:<\/strong><\/p>\n<ul>\n<li><span style=\"font-weight: 400;\">Fer diversos tra\u00e7os dels n\u00fameros del 1 al 6. Primer repassar en un full plastificat i despr\u00e9s escriure\u2019ls en un altre full.<\/span><\/li>\n<li><span style=\"font-weight: 400;\">Jugar amb el geometrix reproduint gran varietat de models col\u00b7locant les diverses peces de formes geom\u00e8triques.<\/span><\/li>\n<li><span style=\"font-weight: 400;\">Construir formes geom\u00e8triques amb els geoplans i gomes el\u00e0stiques de colors.<\/span><\/li>\n<li>Relacionar quantitat i grafia. Material; targetes amb dibuixos. targetes amb els nombres i taps de pl\u00e0stic.<\/li>\n<li><span style=\"font-weight: 400;\">Reproduir amb els pals de fusta les formes que es troben a les diverses plantilles.<\/span><\/li>\n<li>Jugar al memory.<\/li>\n<\/ul>\n<p>&nbsp;<\/p>\n<p><strong>Rac\u00f3 de grafisme:<\/strong><\/p>\n<ul>\n<li>Laberints. Consisteix a buscar el cam\u00ed correcte i tra\u00e7ar aquest amb un retolador.<\/li>\n<li><span style=\"font-weight: 400;\">Fer el tra\u00e7 en espiral primer en pissarres petites i despr\u00e9s en un full amb retoladors.<\/span><\/li>\n<li><span style=\"font-weight: 400;\">Dibuixar amb retoladors les parts del cos que falten. Parteixen de la silueta de la roba dibuixada.<\/span><\/li>\n<li><span style=\"font-weight: 400;\">Fer diversos tra\u00e7os en tires verticals i despr\u00e9s retallar-les.<\/span><\/li>\n<\/ul>\n<p>&nbsp;<\/p>\n<p><strong>Rac\u00f3 manipulatiu:<\/strong><\/p>\n<ul>\n<li>A partir de diferents materials reciclats de la vida quotidiana i\/o d\u2019origen natural pretenem que els infants d\u2019una manera individual experimentin i manipulin els diferents elements per crear aix\u00ed el seu propi retrat.<\/li>\n<\/ul>\n<p><a href=\"http:\/\/agora.xtec.cat\/escolataularodona\/fotografies-e-i-5-anys\/\">Per veure les fotos clica aqu\u00ed.<\/a><\/p>\n","protected":false},"excerpt":{"rendered":"<p>&nbsp;<br \/>\nEl treball per racons permet donar resposta a les difer\u00e8ncies, interessos i ritmes d&#8217;aprenentatge de cada nen i nena. L&#8217;objectiu, \u00e9s treballar continguts espec\u00edfics de diferents \u00e0rees de manera l\u00fadica i aut\u00f2noma.<br \/>\n\u00c9s una metodologia que consisteixen a organitzar l&#8217;aula en diversos espais on els alumnes,&hellip;  <a href=\"https:\/\/agora.xtec.cat\/escolataularodona\/inf\/p5-racons-1r-trimestre\/\" title=\"Read P5: Racons 1r trimestre\">Llegeix m\u00e9s\u00bb<\/a><\/p>\n","protected":false},"author":18,"featured_media":6340,"comment_status":"closed","ping_status":"closed","sticky":false,"template":"","format":"standard","meta":{"_bbp_topic_count":0,"_bbp_reply_count":0,"_bbp_total_topic_count":0,"_bbp_total_reply_count":0,"_bbp_voice_count":0,"_bbp_anonymous_reply_count":0,"_bbp_topic_count_hidden":0,"_bbp_reply_count_hidden":0,"_bbp_forum_subforum_count":0,"footnotes":""},"categories":[77],"tags":[169],"class_list":["post-6335","post","type-post","status-publish","format-standard","has-post-thumbnail","hentry","category-inf","tag-2020-2021"],"post_mailing_queue_ids":[],"_links":{"self":[{"href":"https:\/\/agora.xtec.cat\/escolataularodona\/wp-json\/wp\/v2\/posts\/6335","targetHints":{"allow":["GET"]}}],"collection":[{"href":"https:\/\/agora.xtec.cat\/escolataularodona\/wp-json\/wp\/v2\/posts"}],"about":[{"href":"https:\/\/agora.xtec.cat\/escolataularodona\/wp-json\/wp\/v2\/types\/post"}],"author":[{"embeddable":true,"href":"https:\/\/agora.xtec.cat\/escolataularodona\/wp-json\/wp\/v2\/users\/18"}],"replies":[{"embeddable":true,"href":"https:\/\/agora.xtec.cat\/escolataularodona\/wp-json\/wp\/v2\/comments?post=6335"}],"version-history":[{"count":4,"href":"https:\/\/agora.xtec.cat\/escolataularodona\/wp-json\/wp\/v2\/posts\/6335\/revisions"}],"predecessor-version":[{"id":6727,"href":"https:\/\/agora.xtec.cat\/escolataularodona\/wp-json\/wp\/v2\/posts\/6335\/revisions\/6727"}],"wp:featuredmedia":[{"embeddable":true,"href":"https:\/\/agora.xtec.cat\/escolataularodona\/wp-json\/wp\/v2\/media\/6340"}],"wp:attachment":[{"href":"https:\/\/agora.xtec.cat\/escolataularodona\/wp-json\/wp\/v2\/media?parent=6335"}],"wp:term":[{"taxonomy":"category","embeddable":true,"href":"https:\/\/agora.xtec.cat\/escolataularodona\/wp-json\/wp\/v2\/categories?post=6335"},{"taxonomy":"post_tag","embeddable":true,"href":"https:\/\/agora.xtec.cat\/escolataularodona\/wp-json\/wp\/v2\/tags?post=6335"}],"curies":[{"name":"wp","href":"https:\/\/api.w.org\/{rel}","templated":true}]}}