{"id":6243,"date":"2020-11-20T13:31:33","date_gmt":"2020-11-20T12:31:33","guid":{"rendered":"http:\/\/agora.xtec.cat\/escolataularodona\/?p=6243"},"modified":"2024-03-05T13:43:33","modified_gmt":"2024-03-05T12:43:33","slug":"p5-coronavirus","status":"publish","type":"post","link":"https:\/\/agora.xtec.cat\/escolataularodona\/inf\/p5-coronavirus\/","title":{"rendered":"P5 CORONAVIRUS!"},"content":{"rendered":"<p><a href=\"https:\/\/agora.xtec.cat\/escolataularodona\/wp-content\/uploads\/usu722\/2020\/11\/Captura-de-pantalla-2020-11-19-a-las-22.20.55.png\"><img loading=\"lazy\" decoding=\"async\" class=\"alignnone size-full wp-image-6244\" src=\"https:\/\/agora.xtec.cat\/escolataularodona\/wp-content\/uploads\/usu722\/2020\/11\/Captura-de-pantalla-2020-11-19-a-las-22.20.55.png\" alt=\"\" width=\"450\" height=\"406\" srcset=\"https:\/\/agora.xtec.cat\/escolataularodona\/wp-content\/uploads\/usu722\/2020\/11\/Captura-de-pantalla-2020-11-19-a-las-22.20.55.png 450w, https:\/\/agora.xtec.cat\/escolataularodona\/wp-content\/uploads\/usu722\/2020\/11\/Captura-de-pantalla-2020-11-19-a-las-22.20.55-300x271.png 300w\" sizes=\"auto, (max-width: 450px) 100vw, 450px\" \/><\/a><\/p>\n<p>&nbsp;<\/p>\n<p>Benvolgudes fam\u00edlies,<\/p>\n<p>Els alumnes de P5 us volen fer part\u00edcips d&#8217;un conjunt d&#8217;activitats que hem portat a terme des d&#8217;inici de curs amb la finalitat que l&#8217;alumnat sigui sabedor del perqu\u00e8 aquest curs 2020-2021 s&#8217;ha iniciat d&#8217;una manera diferent.<\/p>\n<p>Hem portat a terme un seguit d&#8217;activitats per familiaritzar-nos amb aquest tema i tractar-lo amb la millor normalitat possible des de v\u00eddeos relacionats amb la pand\u00e8mia, d&#8217;emocions, normes d&#8217;aula i de centre, xerrades, posades en com\u00fa per expressar les nostres opinions i neguits, dibuix lliure del nostre coronavirus en particular i disseny propi de mascaretes.<\/p>\n<p>Ens semblava molt bona idea compartir-ho amb vosaltres pel simple fet que l&#8217;alumnat treballi l&#8217;educaci\u00f3 emocional tant a l&#8217;escola com a casa.<\/p>\n<p>Aqu\u00ed us adjuntem una s\u00e8rie de fotos per compartit amb vosaltres les activitats realitzades.<\/p>\n<p>HEM CREAT UN CORONAVIRUS!<\/p>\n<p><a href=\"https:\/\/agora.xtec.cat\/escolataularodona\/wp-content\/uploads\/usu722\/2020\/11\/CORONAVIRUS-P5C.jpg\"><img loading=\"lazy\" decoding=\"async\" class=\"alignnone size-large wp-image-6245\" src=\"https:\/\/agora.xtec.cat\/escolataularodona\/wp-content\/uploads\/usu722\/2020\/11\/CORONAVIRUS-P5C-1024x768.jpg\" alt=\"\" width=\"1024\" height=\"768\" srcset=\"https:\/\/agora.xtec.cat\/escolataularodona\/wp-content\/uploads\/usu722\/2020\/11\/CORONAVIRUS-P5C-1024x768.jpg 1024w, https:\/\/agora.xtec.cat\/escolataularodona\/wp-content\/uploads\/usu722\/2020\/11\/CORONAVIRUS-P5C-300x225.jpg 300w, https:\/\/agora.xtec.cat\/escolataularodona\/wp-content\/uploads\/usu722\/2020\/11\/CORONAVIRUS-P5C-768x576.jpg 768w, https:\/\/agora.xtec.cat\/escolataularodona\/wp-content\/uploads\/usu722\/2020\/11\/CORONAVIRUS-P5C-200x150.jpg 200w\" sizes=\"auto, (max-width: 1024px) 100vw, 1024px\" \/><\/a><\/p>\n<p>I HEM DISSENYAT TAMB\u00c9 MASCARETES!!<\/p>\n<p>P5 A<\/p>\n<p><a href=\"https:\/\/agora.xtec.cat\/escolataularodona\/wp-content\/uploads\/usu722\/2020\/11\/MASCARETA-P5A.png\"><img loading=\"lazy\" decoding=\"async\" class=\"alignnone size-full wp-image-6247\" src=\"https:\/\/agora.xtec.cat\/escolataularodona\/wp-content\/uploads\/usu722\/2020\/11\/MASCARETA-P5A.png\" alt=\"\" width=\"1000\" height=\"750\" srcset=\"https:\/\/agora.xtec.cat\/escolataularodona\/wp-content\/uploads\/usu722\/2020\/11\/MASCARETA-P5A.png 1000w, https:\/\/agora.xtec.cat\/escolataularodona\/wp-content\/uploads\/usu722\/2020\/11\/MASCARETA-P5A-300x225.png 300w, https:\/\/agora.xtec.cat\/escolataularodona\/wp-content\/uploads\/usu722\/2020\/11\/MASCARETA-P5A-768x576.png 768w, https:\/\/agora.xtec.cat\/escolataularodona\/wp-content\/uploads\/usu722\/2020\/11\/MASCARETA-P5A-200x150.png 200w\" sizes=\"auto, (max-width: 1000px) 100vw, 1000px\" \/><\/a><\/p>\n<p>P5 B<\/p>\n<p><a href=\"https:\/\/agora.xtec.cat\/escolataularodona\/wp-content\/uploads\/usu722\/2020\/11\/MASCARETA-P5B.png\"><img loading=\"lazy\" decoding=\"async\" class=\"alignnone size-full wp-image-6248\" src=\"https:\/\/agora.xtec.cat\/escolataularodona\/wp-content\/uploads\/usu722\/2020\/11\/MASCARETA-P5B.png\" alt=\"\" width=\"1000\" height=\"750\" srcset=\"https:\/\/agora.xtec.cat\/escolataularodona\/wp-content\/uploads\/usu722\/2020\/11\/MASCARETA-P5B.png 1000w, https:\/\/agora.xtec.cat\/escolataularodona\/wp-content\/uploads\/usu722\/2020\/11\/MASCARETA-P5B-300x225.png 300w, https:\/\/agora.xtec.cat\/escolataularodona\/wp-content\/uploads\/usu722\/2020\/11\/MASCARETA-P5B-768x576.png 768w, https:\/\/agora.xtec.cat\/escolataularodona\/wp-content\/uploads\/usu722\/2020\/11\/MASCARETA-P5B-200x150.png 200w\" sizes=\"auto, (max-width: 1000px) 100vw, 1000px\" \/><\/a><\/p>\n<p>P5 C<\/p>\n<p><a href=\"https:\/\/agora.xtec.cat\/escolataularodona\/wp-content\/uploads\/usu722\/2020\/11\/MASCARETA-P5C.png\"><img loading=\"lazy\" decoding=\"async\" class=\"alignnone size-full wp-image-6249\" src=\"https:\/\/agora.xtec.cat\/escolataularodona\/wp-content\/uploads\/usu722\/2020\/11\/MASCARETA-P5C.png\" alt=\"\" width=\"1000\" height=\"750\" srcset=\"https:\/\/agora.xtec.cat\/escolataularodona\/wp-content\/uploads\/usu722\/2020\/11\/MASCARETA-P5C.png 1000w, https:\/\/agora.xtec.cat\/escolataularodona\/wp-content\/uploads\/usu722\/2020\/11\/MASCARETA-P5C-300x225.png 300w, https:\/\/agora.xtec.cat\/escolataularodona\/wp-content\/uploads\/usu722\/2020\/11\/MASCARETA-P5C-768x576.png 768w, https:\/\/agora.xtec.cat\/escolataularodona\/wp-content\/uploads\/usu722\/2020\/11\/MASCARETA-P5C-200x150.png 200w\" sizes=\"auto, (max-width: 1000px) 100vw, 1000px\" \/><\/a><\/p>\n<p><a href=\"https:\/\/agora.xtec.cat\/escolataularodona\/wp-content\/uploads\/usu722\/2020\/11\/T\u00c8CNQUES.jpg\"><img loading=\"lazy\" decoding=\"async\" class=\"alignnone size-large wp-image-6252\" src=\"https:\/\/agora.xtec.cat\/escolataularodona\/wp-content\/uploads\/usu722\/2020\/11\/T\u00c8CNQUES-1024x768.jpg\" alt=\"\" width=\"1024\" height=\"768\" srcset=\"https:\/\/agora.xtec.cat\/escolataularodona\/wp-content\/uploads\/usu722\/2020\/11\/T\u00c8CNQUES-1024x768.jpg 1024w, https:\/\/agora.xtec.cat\/escolataularodona\/wp-content\/uploads\/usu722\/2020\/11\/T\u00c8CNQUES-300x225.jpg 300w, https:\/\/agora.xtec.cat\/escolataularodona\/wp-content\/uploads\/usu722\/2020\/11\/T\u00c8CNQUES-768x576.jpg 768w, https:\/\/agora.xtec.cat\/escolataularodona\/wp-content\/uploads\/usu722\/2020\/11\/T\u00c8CNQUES-200x150.jpg 200w\" sizes=\"auto, (max-width: 1024px) 100vw, 1024px\" \/><\/a><\/p>\n","protected":false},"excerpt":{"rendered":"<p><a href=\"https:\/\/agora.xtec.cat\/escolataularodona\/wp-content\/uploads\/usu722\/2020\/11\/Captura-de-pantalla-2020-11-19-a-las-22.20.55.png\"><\/a><br \/>\n&nbsp;<br \/>\nBenvolgudes fam\u00edlies,<br \/>\nEls alumnes de P5 us volen fer part\u00edcips d&#8217;un conjunt d&#8217;activitats que hem portat a terme des d&#8217;inici de curs amb la finalitat que l&#8217;alumnat sigui sabedor del perqu\u00e8 aquest curs 2020-2021 s&#8217;ha iniciat d&#8217;una manera diferent.<br \/>\nHem portat a terme un seguit d&#8217;activitats&hellip;  <a href=\"https:\/\/agora.xtec.cat\/escolataularodona\/inf\/p5-coronavirus\/\" title=\"Read P5 CORONAVIRUS!\">Llegeix m\u00e9s\u00bb<\/a><\/p>\n","protected":false},"author":18,"featured_media":6244,"comment_status":"closed","ping_status":"closed","sticky":false,"template":"","format":"standard","meta":{"_bbp_topic_count":0,"_bbp_reply_count":0,"_bbp_total_topic_count":0,"_bbp_total_reply_count":0,"_bbp_voice_count":0,"_bbp_anonymous_reply_count":0,"_bbp_topic_count_hidden":0,"_bbp_reply_count_hidden":0,"_bbp_forum_subforum_count":0,"footnotes":""},"categories":[77],"tags":[169],"class_list":["post-6243","post","type-post","status-publish","format-standard","has-post-thumbnail","hentry","category-inf","tag-2020-2021"],"post_mailing_queue_ids":[],"_links":{"self":[{"href":"https:\/\/agora.xtec.cat\/escolataularodona\/wp-json\/wp\/v2\/posts\/6243","targetHints":{"allow":["GET"]}}],"collection":[{"href":"https:\/\/agora.xtec.cat\/escolataularodona\/wp-json\/wp\/v2\/posts"}],"about":[{"href":"https:\/\/agora.xtec.cat\/escolataularodona\/wp-json\/wp\/v2\/types\/post"}],"author":[{"embeddable":true,"href":"https:\/\/agora.xtec.cat\/escolataularodona\/wp-json\/wp\/v2\/users\/18"}],"replies":[{"embeddable":true,"href":"https:\/\/agora.xtec.cat\/escolataularodona\/wp-json\/wp\/v2\/comments?post=6243"}],"version-history":[{"count":3,"href":"https:\/\/agora.xtec.cat\/escolataularodona\/wp-json\/wp\/v2\/posts\/6243\/revisions"}],"predecessor-version":[{"id":6253,"href":"https:\/\/agora.xtec.cat\/escolataularodona\/wp-json\/wp\/v2\/posts\/6243\/revisions\/6253"}],"wp:featuredmedia":[{"embeddable":true,"href":"https:\/\/agora.xtec.cat\/escolataularodona\/wp-json\/wp\/v2\/media\/6244"}],"wp:attachment":[{"href":"https:\/\/agora.xtec.cat\/escolataularodona\/wp-json\/wp\/v2\/media?parent=6243"}],"wp:term":[{"taxonomy":"category","embeddable":true,"href":"https:\/\/agora.xtec.cat\/escolataularodona\/wp-json\/wp\/v2\/categories?post=6243"},{"taxonomy":"post_tag","embeddable":true,"href":"https:\/\/agora.xtec.cat\/escolataularodona\/wp-json\/wp\/v2\/tags?post=6243"}],"curies":[{"name":"wp","href":"https:\/\/api.w.org\/{rel}","templated":true}]}}