{"id":15436,"date":"2026-06-09T14:33:56","date_gmt":"2026-06-09T12:33:56","guid":{"rendered":"https:\/\/agora.xtec.cat\/escolasuris\/?p=15436"},"modified":"2026-07-12T12:13:19","modified_gmt":"2026-07-12T10:13:19","slug":"els-infants-de-6e-ens-convertim-en-artistes-foley-per-un-dia","status":"publish","type":"post","link":"https:\/\/agora.xtec.cat\/escolasuris\/general\/els-infants-de-6e-ens-convertim-en-artistes-foley-per-un-dia\/","title":{"rendered":"ELS INFANTS DE 6\u00c8 ENS CONVERTIM EN ARTISTES FOLEY PER UN DIA"},"content":{"rendered":"<p>I qui s\u00f3n els artistes foley? A les pel\u00b7l\u00edcules sentim les veus dels protagonistes i la banda sonora, per\u00f2 tamb\u00e9 molts sons invisibles i, alhora, imprescindibles: el galop d&#8217;un cavall, els passos dels protagonistes, una porta que es tanca, alg\u00fa que es grata el cap, que s&#8217;espolsa la roba o que es clava una trompada\u2026 D&#8217;enregistrar tots aquests sons, se n&#8217;encarreguen els artistes <em>foley<\/em>, que, dins d&#8217;un estudi de gravaci\u00f3, inventen la manera de fer que els sons siguin al m\u00e0xim de reals possibles. I aix\u00ed ho van fer els infants de 6\u00e8 durant la seva visita al Caixaforum els dies 27 i 28 d&#8217;abril. Tots van passar per les tres funcions principals d&#8217;un foley: van fer i van sincronitzar els sons amb les imatges, van fer de\u00a0 t\u00e8cnics de so i producci\u00f3 perqu\u00e8 tot quadr\u00e9s tal com estava planificat i van realitzar el control de qualitat, amb molta cura i exig\u00e8ncia. I van obtenir&#8230; un resultat molt minuci\u00f3s!<\/p>\n<p>Per veure les fotos del taller cliqueu <a href=\"https:\/\/drive.google.com\/drive\/folders\/1QFI4SHs5jq4mughH1uEIXAJadtWaCUA9?usp=drive_link\">aqu\u00ed<\/a>.<\/p>\n<p>Per veure el resultat final cliqueu <a href=\"https:\/\/drive.google.com\/file\/d\/17wAZQ3yByLZuhMK4vEe-YV0utfSIatVh\/view?usp=drive_link\">aqu\u00ed<\/a>.<\/p>\n<p>&nbsp;<\/p>\n","protected":false},"excerpt":{"rendered":"<p>I qui s\u00f3n els artistes foley? A les pel\u00b7l\u00edcules sentim les veus dels protagonistes i la banda sonora, per\u00f2 tamb\u00e9 molts sons invisibles i, alhora, imprescindibles: el galop d&#8217;un cavall, els passos dels protagonistes, una porta que es tanca, alg\u00fa que es grata el cap,&hellip;  <a href=\"https:\/\/agora.xtec.cat\/escolasuris\/general\/els-infants-de-6e-ens-convertim-en-artistes-foley-per-un-dia\/\" title=\"Read ELS INFANTS DE 6\u00c8 ENS CONVERTIM EN ARTISTES FOLEY PER UN DIA\">Llegeix m\u00e9s\u00bb<\/a><\/p>\n","protected":false},"author":74,"featured_media":15536,"comment_status":"closed","ping_status":"closed","sticky":false,"template":"","format":"standard","meta":{"_bbp_topic_count":0,"_bbp_reply_count":0,"_bbp_total_topic_count":0,"_bbp_total_reply_count":0,"_bbp_voice_count":0,"_bbp_anonymous_reply_count":0,"_bbp_topic_count_hidden":0,"_bbp_reply_count_hidden":0,"_bbp_forum_subforum_count":0,"footnotes":""},"categories":[1,4],"tags":[83,715,16],"class_list":["post-15436","post","type-post","status-publish","format-standard","has-post-thumbnail","hentry","category-general","category-portada","tag-6e","tag-projecte-sart","tag-sortides"],"post_mailing_queue_ids":[],"_links":{"self":[{"href":"https:\/\/agora.xtec.cat\/escolasuris\/wp-json\/wp\/v2\/posts\/15436","targetHints":{"allow":["GET"]}}],"collection":[{"href":"https:\/\/agora.xtec.cat\/escolasuris\/wp-json\/wp\/v2\/posts"}],"about":[{"href":"https:\/\/agora.xtec.cat\/escolasuris\/wp-json\/wp\/v2\/types\/post"}],"author":[{"embeddable":true,"href":"https:\/\/agora.xtec.cat\/escolasuris\/wp-json\/wp\/v2\/users\/74"}],"replies":[{"embeddable":true,"href":"https:\/\/agora.xtec.cat\/escolasuris\/wp-json\/wp\/v2\/comments?post=15436"}],"version-history":[{"count":2,"href":"https:\/\/agora.xtec.cat\/escolasuris\/wp-json\/wp\/v2\/posts\/15436\/revisions"}],"predecessor-version":[{"id":15537,"href":"https:\/\/agora.xtec.cat\/escolasuris\/wp-json\/wp\/v2\/posts\/15436\/revisions\/15537"}],"wp:featuredmedia":[{"embeddable":true,"href":"https:\/\/agora.xtec.cat\/escolasuris\/wp-json\/wp\/v2\/media\/15536"}],"wp:attachment":[{"href":"https:\/\/agora.xtec.cat\/escolasuris\/wp-json\/wp\/v2\/media?parent=15436"}],"wp:term":[{"taxonomy":"category","embeddable":true,"href":"https:\/\/agora.xtec.cat\/escolasuris\/wp-json\/wp\/v2\/categories?post=15436"},{"taxonomy":"post_tag","embeddable":true,"href":"https:\/\/agora.xtec.cat\/escolasuris\/wp-json\/wp\/v2\/tags?post=15436"}],"curies":[{"name":"wp","href":"https:\/\/api.w.org\/{rel}","templated":true}]}}