{"id":15378,"date":"2026-03-27T13:00:16","date_gmt":"2026-03-27T12:00:16","guid":{"rendered":"https:\/\/agora.xtec.cat\/escolasuris\/?p=15378"},"modified":"2026-03-27T13:00:16","modified_gmt":"2026-03-27T12:00:16","slug":"ens-fem-visibles-gravant-els-nostres-podcasts","status":"publish","type":"post","link":"https:\/\/agora.xtec.cat\/escolasuris\/general\/ens-fem-visibles-gravant-els-nostres-podcasts\/","title":{"rendered":"Ens fem visibles gravant els nostres Podcasts"},"content":{"rendered":"<p data-start=\"0\" data-end=\"423\">Els alumnes de sis\u00e8 han viscut una experi\u00e8ncia molt especial convertint-se, per uns dies, en aut\u00e8ntics creadors de contingut radiof\u00f2nic. Organitzats en petits grups, han treballat de manera col\u00b7laborativa per preparar el gui\u00f3 d\u2019un podcast, triant temes que els interessaven i donant veu a les seves idees i opinions. Aquest proc\u00e9s els ha perm\u00e8s sentir-se m\u00e9s visibles i protagonistes del seu propi aprenentatge.<\/p>\n<p data-start=\"425\" data-end=\"786\">Un cop enllestits els guions, ha arribat el moment de passar a l\u2019acci\u00f3. Amb un equip de so real \u2014micr\u00f2fons, auriculars i una taula de so\u2014, els infants han pogut experimentar de primera m\u00e0 com es treballa en un estudi de r\u00e0dio. L\u2019emoci\u00f3 i la concentraci\u00f3 eren ben presents mentre enregistraven les seves intervencions, cuidant el to de veu, la dicci\u00f3 i el ritme.<\/p>\n<p data-start=\"788\" data-end=\"1074\">Per completar el projecte, estan utilitzant el programa BandLab, amb el qual poden editar els seus podcasts afegint m\u00fasica, ajustant volums i donant forma final al producte. Aquest proc\u00e9s tecnol\u00f2gic els ha ajudat a desenvolupar noves compet\u00e8ncies digitals d\u2019una manera pr\u00e0ctica i motivadora.<\/p>\n<p data-start=\"1076\" data-end=\"1357\" data-is-last-node=\"\" data-is-only-node=\"\">L\u2019experi\u00e8ncia ha estat tot un \u00e8xit: els alumnes s\u2019han sentit com aut\u00e8ntics professionals del m\u00f3n de la r\u00e0dio i els podcasts, guanyant confian\u00e7a, autonomia i ganes de seguir creant. Sens dubte, una activitat que ha combinat creativitat, treball en equip i aprenentatge significatiu.<\/p>\n<p data-start=\"1076\" data-end=\"1357\" data-is-last-node=\"\" data-is-only-node=\"\">En aquestes <a href=\"https:\/\/drive.google.com\/drive\/folders\/1vgwU9NcxUPHXINer5vhejmom914eSgxx?usp=drive_link\">fotos<\/a> podeu veure uns aut\u00e8ntics locutors radiof\u00f2nics!<\/p>\n","protected":false},"excerpt":{"rendered":"<p>Els alumnes de sis\u00e8 han viscut una experi\u00e8ncia molt especial convertint-se, per uns dies, en aut\u00e8ntics creadors de contingut radiof\u00f2nic. Organitzats en petits grups, han treballat de manera col\u00b7laborativa per preparar el gui\u00f3 d\u2019un podcast, triant temes que els interessaven i donant veu a les&hellip;  <a href=\"https:\/\/agora.xtec.cat\/escolasuris\/general\/ens-fem-visibles-gravant-els-nostres-podcasts\/\" title=\"Read Ens fem visibles gravant els nostres Podcasts\">Llegeix m\u00e9s\u00bb<\/a><\/p>\n","protected":false},"author":74,"featured_media":15388,"comment_status":"open","ping_status":"open","sticky":false,"template":"","format":"standard","meta":{"_bbp_topic_count":0,"_bbp_reply_count":0,"_bbp_total_topic_count":0,"_bbp_total_reply_count":0,"_bbp_voice_count":0,"_bbp_anonymous_reply_count":0,"_bbp_topic_count_hidden":0,"_bbp_reply_count_hidden":0,"_bbp_forum_subforum_count":0,"footnotes":""},"categories":[15,1,4],"tags":[83,935,936,715],"class_list":["post-15378","post","type-post","status-publish","format-standard","has-post-thumbnail","hentry","category-6_e","category-general","category-portada","tag-6e","tag-noves-tecnologies","tag-podcast","tag-projecte-sart"],"post_mailing_queue_ids":[],"_links":{"self":[{"href":"https:\/\/agora.xtec.cat\/escolasuris\/wp-json\/wp\/v2\/posts\/15378","targetHints":{"allow":["GET"]}}],"collection":[{"href":"https:\/\/agora.xtec.cat\/escolasuris\/wp-json\/wp\/v2\/posts"}],"about":[{"href":"https:\/\/agora.xtec.cat\/escolasuris\/wp-json\/wp\/v2\/types\/post"}],"author":[{"embeddable":true,"href":"https:\/\/agora.xtec.cat\/escolasuris\/wp-json\/wp\/v2\/users\/74"}],"replies":[{"embeddable":true,"href":"https:\/\/agora.xtec.cat\/escolasuris\/wp-json\/wp\/v2\/comments?post=15378"}],"version-history":[{"count":4,"href":"https:\/\/agora.xtec.cat\/escolasuris\/wp-json\/wp\/v2\/posts\/15378\/revisions"}],"predecessor-version":[{"id":15389,"href":"https:\/\/agora.xtec.cat\/escolasuris\/wp-json\/wp\/v2\/posts\/15378\/revisions\/15389"}],"wp:featuredmedia":[{"embeddable":true,"href":"https:\/\/agora.xtec.cat\/escolasuris\/wp-json\/wp\/v2\/media\/15388"}],"wp:attachment":[{"href":"https:\/\/agora.xtec.cat\/escolasuris\/wp-json\/wp\/v2\/media?parent=15378"}],"wp:term":[{"taxonomy":"category","embeddable":true,"href":"https:\/\/agora.xtec.cat\/escolasuris\/wp-json\/wp\/v2\/categories?post=15378"},{"taxonomy":"post_tag","embeddable":true,"href":"https:\/\/agora.xtec.cat\/escolasuris\/wp-json\/wp\/v2\/tags?post=15378"}],"curies":[{"name":"wp","href":"https:\/\/api.w.org\/{rel}","templated":true}]}}