{"id":7051,"date":"2026-04-27T12:31:06","date_gmt":"2026-04-27T10:31:06","guid":{"rendered":"https:\/\/agora.xtec.cat\/escolastjordi\/?p=7051"},"modified":"2026-04-27T12:31:06","modified_gmt":"2026-04-27T10:31:06","slug":"jornada-literaria-24-04-2026","status":"publish","type":"post","link":"https:\/\/agora.xtec.cat\/escolastjordi\/ei\/jornada-literaria-24-04-2026\/","title":{"rendered":"Jornada liter\u00e0ria &#8211; 24\/04\/2026"},"content":{"rendered":"<p>El passat divendres 24 d\u2019abril, a partir de les 15:00 h, l\u2019escola va viure una nova edici\u00f3 de la Jornada Liter\u00e0ria, una cita ja consolidada que transforma els espais del centre en escenaris plens d\u2019imaginaci\u00f3, paraules i emocions compartides. La tarda va estar marcada per la participaci\u00f3 activa de fam\u00edlies, mestres i membres de la comunitat educativa, que van oferir lectures pensades per a totes les edats.<\/p>\n<p>Els m\u00e9s petits, d\u2019I3, I4 i I5, van gaudir d\u2019un ventall de contes especialment seleccionats per despertar la curiositat i les emocions. Hist\u00f2ries com <em>Un drac famolenc<\/em> o <em>El Monstre de Colors<\/em> van captivar-los amb aventures divertides i missatges sobre la gesti\u00f3 emocional. Tamb\u00e9 van descobrir personatges singulars com el <em>Xerrasaure<\/em>, que els va fer reflexionar sobre la import\u00e0ncia d\u2019escoltar, o van jugar a endevinar qui s\u2019amagava a <em>Ara em veus, ara no<\/em>. Tot plegat, propostes din\u00e0miques i visuals que van mantenir l\u2019atenci\u00f3 dels infants en tot moment.<\/p>\n<p>A les aules de P1, P2 i P3, la diversitat de contes va permetre combinar humor, valors i fantasia. Relats com <em>El cuc i la garsa<\/em> o <em>Em feu un lloc?<\/em> van transmetre valors com l\u2019amistat i la solidaritat, mentre que hist\u00f2ries com <em>Daniela la Pirata<\/em> van obrir la porta a la reflexi\u00f3 sobre la igualtat. No hi van faltar tampoc aventures plenes d\u2019intriga i imaginaci\u00f3, com <em>Compte amb la granota<\/em> o els <em>Enigmes<\/em>, que van fer treballar la l\u00f2gica i la creativitat dels alumnes.<\/p>\n<p>Els cursos de P4, P5 i P6 van endinsar-se en relats m\u00e9s complexos i suggerents. Des de cl\u00e0ssics com <em>El fantasma de l\u2019\u00f2pera<\/em> fins a hist\u00f2ries contempor\u00e0nies com <em>Amb la Tango s\u00f3n tres<\/em>, que aborda la diversitat familiar, les lectures van convidar a pensar i a emocionar-se. Tamb\u00e9 van viatjar a altres cultures amb <em>Esp\u00edritus y criaturas de Jap\u00f3n<\/em> i van gaudir de relats plens d\u2019humor i sorpresa com <em>The Story of the Little Mole Who Knew It Was None of His Business<\/em>. La por, la m\u00e0gia i la fantasia tamb\u00e9 hi van tenir cabuda amb t\u00edtols com <em>El gran llibre de la por<\/em> o <em>Caramels m\u00e0gics<\/em>.<\/p>\n<p>Un dels aspectes m\u00e9s destacats de la jornada va ser, sens dubte, la implicaci\u00f3 de les fam\u00edlies i professionals del centre. Mares, pares, mestres, una bibliotec\u00e0ria i fins i tot representants municipals van compartir el gust per la lectura amb els infants, creant un ambient c\u00e0lid i proper que refor\u00e7a el vincle entre escola i comunitat.<\/p>\n<p>La tarda va concloure amb la sensaci\u00f3 d\u2019haver viatjat a molts mons diferents sense sortir de l\u2019escola. Una vegada m\u00e9s, la Jornada Liter\u00e0ria ha demostrat que la lectura \u00e9s una eina poderosa per cr\u00e9ixer, imaginar i compartir. Sens dubte, una experi\u00e8ncia enriquidora que ja forma part del centre.<\/p>\n<p>Les fotos? <a href=\"https:\/\/drive.google.com\/drive\/folders\/1mQ54aXiZE26ETFQeKHWsUg4yGO1e2QxX?usp=sharing\">Aqu\u00ed<\/a>:<\/p>\n<p><a href=\"https:\/\/drive.google.com\/drive\/folders\/1mQ54aXiZE26ETFQeKHWsUg4yGO1e2QxX?usp=sharing\"><img loading=\"lazy\" decoding=\"async\" class=\"alignnone wp-image-7052 size-medium\" src=\"https:\/\/agora.xtec.cat\/escolastjordi\/wp-content\/uploads\/usu3595\/2026\/04\/V-Jornada-Literaria-1-212x300.jpg\" alt=\"\" width=\"212\" height=\"300\" srcset=\"https:\/\/agora.xtec.cat\/escolastjordi\/wp-content\/uploads\/usu3595\/2026\/04\/V-Jornada-Literaria-1-212x300.jpg 212w, https:\/\/agora.xtec.cat\/escolastjordi\/wp-content\/uploads\/usu3595\/2026\/04\/V-Jornada-Literaria-1-724x1024.jpg 724w, https:\/\/agora.xtec.cat\/escolastjordi\/wp-content\/uploads\/usu3595\/2026\/04\/V-Jornada-Literaria-1-768x1086.jpg 768w, https:\/\/agora.xtec.cat\/escolastjordi\/wp-content\/uploads\/usu3595\/2026\/04\/V-Jornada-Literaria-1-1086x1536.jpg 1086w, https:\/\/agora.xtec.cat\/escolastjordi\/wp-content\/uploads\/usu3595\/2026\/04\/V-Jornada-Literaria-1.jpg 1414w\" sizes=\"auto, (max-width: 212px) 100vw, 212px\" \/><\/a><\/p>\n","protected":false},"excerpt":{"rendered":"<p>El passat divendres 24 d\u2019abril, a partir de les 15:00 h, l\u2019escola va viure una nova edici\u00f3 de la Jornada Liter\u00e0ria, una cita ja consolidada que transforma els espais del centre en escenaris plens d\u2019imaginaci\u00f3, paraules i emocions compartides. La tarda va estar marcada per la participaci\u00f3 activa de fam\u00edlies, mestres i membres de la [&hellip;]<\/p>\n","protected":false},"author":1,"featured_media":7052,"comment_status":"open","ping_status":"open","sticky":false,"template":"","format":"standard","meta":{"_bbp_topic_count":0,"_bbp_reply_count":0,"_bbp_total_topic_count":0,"_bbp_total_reply_count":0,"_bbp_voice_count":0,"_bbp_anonymous_reply_count":0,"_bbp_topic_count_hidden":0,"_bbp_reply_count_hidden":0,"_bbp_forum_subforum_count":0,"site-sidebar-layout":"default","site-content-layout":"","ast-site-content-layout":"default","site-content-style":"default","site-sidebar-style":"default","ast-global-header-display":"","ast-banner-title-visibility":"","ast-main-header-display":"","ast-hfb-above-header-display":"","ast-hfb-below-header-display":"","ast-hfb-mobile-header-display":"","site-post-title":"","ast-breadcrumbs-content":"","ast-featured-img":"","footer-sml-layout":"","theme-transparent-header-meta":"default","adv-header-id-meta":"","stick-header-meta":"","header-above-stick-meta":"","header-main-stick-meta":"","header-below-stick-meta":"","astra-migrate-meta-layouts":"set","ast-page-background-enabled":"default","ast-page-background-meta":{"desktop":{"background-color":"var(--ast-global-color-4)","background-image":"","background-repeat":"repeat","background-position":"center center","background-size":"auto","background-attachment":"scroll","background-type":"","background-media":"","overlay-type":"","overlay-color":"","overlay-opacity":"","overlay-gradient":""},"tablet":{"background-color":"","background-image":"","background-repeat":"repeat","background-position":"center center","background-size":"auto","background-attachment":"scroll","background-type":"","background-media":"","overlay-type":"","overlay-color":"","overlay-opacity":"","overlay-gradient":""},"mobile":{"background-color":"","background-image":"","background-repeat":"repeat","background-position":"center center","background-size":"auto","background-attachment":"scroll","background-type":"","background-media":"","overlay-type":"","overlay-color":"","overlay-opacity":"","overlay-gradient":""}},"ast-content-background-meta":{"desktop":{"background-color":"var(--ast-global-color-5)","background-image":"","background-repeat":"repeat","background-position":"center center","background-size":"auto","background-attachment":"scroll","background-type":"","background-media":"","overlay-type":"","overlay-color":"","overlay-opacity":"","overlay-gradient":""},"tablet":{"background-color":"var(--ast-global-color-5)","background-image":"","background-repeat":"repeat","background-position":"center center","background-size":"auto","background-attachment":"scroll","background-type":"","background-media":"","overlay-type":"","overlay-color":"","overlay-opacity":"","overlay-gradient":""},"mobile":{"background-color":"var(--ast-global-color-5)","background-image":"","background-repeat":"repeat","background-position":"center center","background-size":"auto","background-attachment":"scroll","background-type":"","background-media":"","overlay-type":"","overlay-color":"","overlay-opacity":"","overlay-gradient":""}},"footnotes":""},"categories":[98,99],"tags":[],"class_list":["post-7051","post","type-post","status-publish","format-standard","has-post-thumbnail","hentry","category-ei","category-pri"],"post_mailing_queue_ids":[],"_links":{"self":[{"href":"https:\/\/agora.xtec.cat\/escolastjordi\/wp-json\/wp\/v2\/posts\/7051","targetHints":{"allow":["GET"]}}],"collection":[{"href":"https:\/\/agora.xtec.cat\/escolastjordi\/wp-json\/wp\/v2\/posts"}],"about":[{"href":"https:\/\/agora.xtec.cat\/escolastjordi\/wp-json\/wp\/v2\/types\/post"}],"author":[{"embeddable":true,"href":"https:\/\/agora.xtec.cat\/escolastjordi\/wp-json\/wp\/v2\/users\/1"}],"replies":[{"embeddable":true,"href":"https:\/\/agora.xtec.cat\/escolastjordi\/wp-json\/wp\/v2\/comments?post=7051"}],"version-history":[{"count":1,"href":"https:\/\/agora.xtec.cat\/escolastjordi\/wp-json\/wp\/v2\/posts\/7051\/revisions"}],"predecessor-version":[{"id":7053,"href":"https:\/\/agora.xtec.cat\/escolastjordi\/wp-json\/wp\/v2\/posts\/7051\/revisions\/7053"}],"wp:featuredmedia":[{"embeddable":true,"href":"https:\/\/agora.xtec.cat\/escolastjordi\/wp-json\/wp\/v2\/media\/7052"}],"wp:attachment":[{"href":"https:\/\/agora.xtec.cat\/escolastjordi\/wp-json\/wp\/v2\/media?parent=7051"}],"wp:term":[{"taxonomy":"category","embeddable":true,"href":"https:\/\/agora.xtec.cat\/escolastjordi\/wp-json\/wp\/v2\/categories?post=7051"},{"taxonomy":"post_tag","embeddable":true,"href":"https:\/\/agora.xtec.cat\/escolastjordi\/wp-json\/wp\/v2\/tags?post=7051"}],"curies":[{"name":"wp","href":"https:\/\/api.w.org\/{rel}","templated":true}]}}