{"id":7047,"date":"2026-04-27T11:45:24","date_gmt":"2026-04-27T09:45:24","guid":{"rendered":"https:\/\/agora.xtec.cat\/escolastjordi\/?p=7047"},"modified":"2026-04-27T11:52:40","modified_gmt":"2026-04-27T09:52:40","slug":"jocs-florals-24-04-2026","status":"publish","type":"post","link":"https:\/\/agora.xtec.cat\/escolastjordi\/ei\/jocs-florals-24-04-2026\/","title":{"rendered":"Jocs florals &#8211; 24\/04\/2026"},"content":{"rendered":"<p data-start=\"169\" data-end=\"437\">El divendres 24 d\u2019abril, vam celebrar els tradicionals Jocs Florals, una de les activitats m\u00e9s emblem\u00e0tiques de la diada de Sant Jordi. L\u2019acte va reunir fam\u00edlies, alumnes i mestres en una jornada plena de creativitat, sensibilitat i estima per la llengua.<\/p>\n<p data-start=\"439\" data-end=\"827\">Els Jocs Florals s\u00f3n una tradici\u00f3 arrelada a la cultura catalana que posa en valor l\u2019expressi\u00f3 escrita en totes les seves formes. Enguany, l\u2019alumnat de tots els cursos hi ha participat amb propostes ben diverses: des de dibuixos i primeres paraules a educaci\u00f3 infantil, fins a endevinalles, cal\u00b7ligrames, contes, faules, poemes i fins i tot cartes al jo del futur en els cursos m\u00e9s grans.<\/p>\n<p data-start=\"829\" data-end=\"1253\">De cada classe es va seleccionar una obra guanyadora, i entre totes elles el jurat en va destacar algunes que brillaven especialment per la seva qualitat, originalitat i capacitat d\u2019emocionar. L\u2019acte va anar combinant l\u2019entrega de premis amb lectures po\u00e8tiques a c\u00e0rrec de l\u2019alumnat, que va recitar textos d\u2019autors com Isabel Barriel, N\u00faria Alb\u00f3, Joana Raspall i Miquel Mart\u00ed i Pol, omplint l\u2019espai de paraules i sentiments.<\/p>\n<p data-start=\"1255\" data-end=\"1675\">Un dels moments m\u00e9s especials va ser el lliurament dels tres premis simb\u00f2lics tradicionals: la Flor Natural, la Viola i l\u2019Englantina. Aquests guardons reconeixen, respectivament, l\u2019emoci\u00f3 i la bellesa, la creativitat i la sensibilitat, i la for\u00e7a del missatge i el comprom\u00eds amb la llengua. Les obres premiades van destacar per la seva capacitat de connectar amb el p\u00fablic i transmetre idees i emocions amb autenticitat.<\/p>\n<p data-start=\"1677\" data-end=\"1864\">L\u2019acte va posar de manifest, un any m\u00e9s, el talent i l\u2019esfor\u00e7 del nostre alumnat, aix\u00ed com la import\u00e0ncia de fomentar espais on la creativitat i l\u2019expressi\u00f3 personal siguin protagonistes.<\/p>\n<p data-start=\"1866\" data-end=\"2040\">Des de l\u2019escola volem felicitar tots els participants i agrair la implicaci\u00f3 de tota la comunitat educativa, que fa possible mantenir viva aquesta tradici\u00f3 tan significativa.<\/p>\n<p data-start=\"1866\" data-end=\"2040\">M\u00e9s imatges clicant en aquesta fotografia:<\/p>\n<p data-start=\"1866\" data-end=\"2040\"><a href=\"https:\/\/drive.google.com\/drive\/folders\/1q_KJBPxA8r07WEYC-ynxF4SihNJdYm_6?usp=drive_link\"><img loading=\"lazy\" decoding=\"async\" class=\"wp-image-7048 size-medium aligncenter\" src=\"https:\/\/agora.xtec.cat\/escolastjordi\/wp-content\/uploads\/usu3595\/2026\/04\/IMG_5714-1-300x225.jpg\" alt=\"\" width=\"300\" height=\"225\" srcset=\"https:\/\/agora.xtec.cat\/escolastjordi\/wp-content\/uploads\/usu3595\/2026\/04\/IMG_5714-1-300x225.jpg 300w, https:\/\/agora.xtec.cat\/escolastjordi\/wp-content\/uploads\/usu3595\/2026\/04\/IMG_5714-1-1024x768.jpg 1024w, https:\/\/agora.xtec.cat\/escolastjordi\/wp-content\/uploads\/usu3595\/2026\/04\/IMG_5714-1-768x576.jpg 768w, https:\/\/agora.xtec.cat\/escolastjordi\/wp-content\/uploads\/usu3595\/2026\/04\/IMG_5714-1-1536x1152.jpg 1536w, https:\/\/agora.xtec.cat\/escolastjordi\/wp-content\/uploads\/usu3595\/2026\/04\/IMG_5714-1-2048x1536.jpg 2048w\" sizes=\"auto, (max-width: 300px) 100vw, 300px\" \/><\/a><\/p>\n<p data-start=\"1866\" data-end=\"2040\">\n","protected":false},"excerpt":{"rendered":"<p>El divendres 24 d\u2019abril, vam celebrar els tradicionals Jocs Florals, una de les activitats m\u00e9s emblem\u00e0tiques de la diada de Sant Jordi. L\u2019acte va reunir fam\u00edlies, alumnes i mestres en una jornada plena de creativitat, sensibilitat i estima per la llengua. Els Jocs Florals s\u00f3n una tradici\u00f3 arrelada a la cultura catalana que posa en [&hellip;]<\/p>\n","protected":false},"author":1,"featured_media":0,"comment_status":"open","ping_status":"open","sticky":false,"template":"","format":"standard","meta":{"_bbp_topic_count":0,"_bbp_reply_count":0,"_bbp_total_topic_count":0,"_bbp_total_reply_count":0,"_bbp_voice_count":0,"_bbp_anonymous_reply_count":0,"_bbp_topic_count_hidden":0,"_bbp_reply_count_hidden":0,"_bbp_forum_subforum_count":0,"site-sidebar-layout":"default","site-content-layout":"","ast-site-content-layout":"default","site-content-style":"default","site-sidebar-style":"default","ast-global-header-display":"","ast-banner-title-visibility":"","ast-main-header-display":"","ast-hfb-above-header-display":"","ast-hfb-below-header-display":"","ast-hfb-mobile-header-display":"","site-post-title":"","ast-breadcrumbs-content":"","ast-featured-img":"","footer-sml-layout":"","theme-transparent-header-meta":"default","adv-header-id-meta":"","stick-header-meta":"","header-above-stick-meta":"","header-main-stick-meta":"","header-below-stick-meta":"","astra-migrate-meta-layouts":"set","ast-page-background-enabled":"default","ast-page-background-meta":{"desktop":{"background-color":"var(--ast-global-color-4)","background-image":"","background-repeat":"repeat","background-position":"center center","background-size":"auto","background-attachment":"scroll","background-type":"","background-media":"","overlay-type":"","overlay-color":"","overlay-opacity":"","overlay-gradient":""},"tablet":{"background-color":"","background-image":"","background-repeat":"repeat","background-position":"center center","background-size":"auto","background-attachment":"scroll","background-type":"","background-media":"","overlay-type":"","overlay-color":"","overlay-opacity":"","overlay-gradient":""},"mobile":{"background-color":"","background-image":"","background-repeat":"repeat","background-position":"center center","background-size":"auto","background-attachment":"scroll","background-type":"","background-media":"","overlay-type":"","overlay-color":"","overlay-opacity":"","overlay-gradient":""}},"ast-content-background-meta":{"desktop":{"background-color":"var(--ast-global-color-5)","background-image":"","background-repeat":"repeat","background-position":"center center","background-size":"auto","background-attachment":"scroll","background-type":"","background-media":"","overlay-type":"","overlay-color":"","overlay-opacity":"","overlay-gradient":""},"tablet":{"background-color":"var(--ast-global-color-5)","background-image":"","background-repeat":"repeat","background-position":"center center","background-size":"auto","background-attachment":"scroll","background-type":"","background-media":"","overlay-type":"","overlay-color":"","overlay-opacity":"","overlay-gradient":""},"mobile":{"background-color":"var(--ast-global-color-5)","background-image":"","background-repeat":"repeat","background-position":"center center","background-size":"auto","background-attachment":"scroll","background-type":"","background-media":"","overlay-type":"","overlay-color":"","overlay-opacity":"","overlay-gradient":""}},"footnotes":""},"categories":[1271,1272,1273,98,99],"tags":[],"class_list":["post-7047","post","type-post","status-publish","format-standard","hentry","category-ci","category-cm","category-cs","category-ei","category-pri"],"post_mailing_queue_ids":[],"_links":{"self":[{"href":"https:\/\/agora.xtec.cat\/escolastjordi\/wp-json\/wp\/v2\/posts\/7047","targetHints":{"allow":["GET"]}}],"collection":[{"href":"https:\/\/agora.xtec.cat\/escolastjordi\/wp-json\/wp\/v2\/posts"}],"about":[{"href":"https:\/\/agora.xtec.cat\/escolastjordi\/wp-json\/wp\/v2\/types\/post"}],"author":[{"embeddable":true,"href":"https:\/\/agora.xtec.cat\/escolastjordi\/wp-json\/wp\/v2\/users\/1"}],"replies":[{"embeddable":true,"href":"https:\/\/agora.xtec.cat\/escolastjordi\/wp-json\/wp\/v2\/comments?post=7047"}],"version-history":[{"count":2,"href":"https:\/\/agora.xtec.cat\/escolastjordi\/wp-json\/wp\/v2\/posts\/7047\/revisions"}],"predecessor-version":[{"id":7050,"href":"https:\/\/agora.xtec.cat\/escolastjordi\/wp-json\/wp\/v2\/posts\/7047\/revisions\/7050"}],"wp:attachment":[{"href":"https:\/\/agora.xtec.cat\/escolastjordi\/wp-json\/wp\/v2\/media?parent=7047"}],"wp:term":[{"taxonomy":"category","embeddable":true,"href":"https:\/\/agora.xtec.cat\/escolastjordi\/wp-json\/wp\/v2\/categories?post=7047"},{"taxonomy":"post_tag","embeddable":true,"href":"https:\/\/agora.xtec.cat\/escolastjordi\/wp-json\/wp\/v2\/tags?post=7047"}],"curies":[{"name":"wp","href":"https:\/\/api.w.org\/{rel}","templated":true}]}}