{"id":2206,"date":"2018-06-11T10:49:09","date_gmt":"2018-06-11T08:49:09","guid":{"rendered":"http:\/\/agora.xtec.cat\/escolastjordi\/?p=2206"},"modified":"2018-06-26T10:27:12","modified_gmt":"2018-06-26T08:27:12","slug":"1a-fira-de-laprenentatge","status":"publish","type":"post","link":"https:\/\/agora.xtec.cat\/escolastjordi\/general\/1a-fira-de-laprenentatge\/","title":{"rendered":"1a FIRA DE L&#8217;APRENENTATGE"},"content":{"rendered":"<p><span style=\"color: #0000ff;\">El proper dijous dia 21 de juny, a les 5 de la tarda, els alumnes de l&#8217;institut escola us esperem al passeig Ramon Vall per poder-vos mostrar part de la feina feta durant aquest curs 2017-2018. Hi haur\u00e0 diferents estands i a cada un d&#8217;ells hi trobareu el resultat final d&#8217;un projecte concret, d&#8217;un taller, etc. Tothom hi \u00e9s convidat i ens agradaria molt que els alumnes de qualsevol curs de prim\u00e0ria tamb\u00e9 vingueu a donar un volt per la fira, segur que us agradar\u00e0 i us sorprendr\u00e0 perqu\u00e8 tamb\u00e9 hi haur\u00e0 treballs dels vostres companys o potser algun de vostre!<\/span><\/p>\n<p><span style=\"color: #0000ff;\">A m\u00e9s, farem la inauguraci\u00f3 de la Food Truck! Aix\u00ed doncs, trobareu els productes de la cantina a la food truck que han habilitat els alumnes de 4t d&#8217;ESO de l&#8217;itinerari 4 dins de la mat\u00e8ria de tecnologia. No us perdeu les nostres receptes ni venir a veure de primera m\u00e0 com ens ha quedat d&#8217;estupenda la caravana!<\/span><\/p>\n<p><span style=\"color: #0000ff;\">Us esperem a tots! Ser\u00e0 una bona manera de finalitzar el curs, no us sembla?<\/span><\/p>\n<p><a href=\"http:\/\/agora.xtec.cat\/escolastjordi\/wp-content\/uploads\/usu3595\/2018\/06\/Cartell-DEF-FIRA.jpg\"><img loading=\"lazy\" decoding=\"async\" class=\"aligncenter size-medium wp-image-2207\" src=\"http:\/\/agora.xtec.cat\/escolastjordi\/wp-content\/uploads\/usu3595\/2018\/06\/Cartell-DEF-FIRA-212x300.jpg\" alt=\"\" width=\"212\" height=\"300\" srcset=\"https:\/\/agora.xtec.cat\/escolastjordi\/wp-content\/uploads\/usu3595\/2018\/06\/Cartell-DEF-FIRA-212x300.jpg 212w, https:\/\/agora.xtec.cat\/escolastjordi\/wp-content\/uploads\/usu3595\/2018\/06\/Cartell-DEF-FIRA.jpg 298w\" sizes=\"auto, (max-width: 212px) 100vw, 212px\" \/><\/a><\/p>\n","protected":false},"excerpt":{"rendered":"<p>El proper dijous dia 21 de juny, a les 5 de la tarda, els alumnes de l&#8217;institut escola us esperem al passeig Ramon Vall per poder-vos mostrar part de la feina feta durant aquest curs 2017-2018. Hi haur\u00e0 diferents estands i a cada un d&#8217;ells hi trobareu el resultat final d&#8217;un projecte concret, d&#8217;un taller, [&hellip;]<\/p>\n","protected":false},"author":1,"featured_media":0,"comment_status":"open","ping_status":"closed","sticky":false,"template":"","format":"standard","meta":{"_bbp_topic_count":0,"_bbp_reply_count":0,"_bbp_total_topic_count":0,"_bbp_total_reply_count":0,"_bbp_voice_count":0,"_bbp_anonymous_reply_count":0,"_bbp_topic_count_hidden":0,"_bbp_reply_count_hidden":0,"_bbp_forum_subforum_count":0,"site-sidebar-layout":"default","site-content-layout":"","ast-site-content-layout":"","site-content-style":"default","site-sidebar-style":"default","ast-global-header-display":"","ast-banner-title-visibility":"","ast-main-header-display":"","ast-hfb-above-header-display":"","ast-hfb-below-header-display":"","ast-hfb-mobile-header-display":"","site-post-title":"","ast-breadcrumbs-content":"","ast-featured-img":"","footer-sml-layout":"","theme-transparent-header-meta":"","adv-header-id-meta":"","stick-header-meta":"","header-above-stick-meta":"","header-main-stick-meta":"","header-below-stick-meta":"","astra-migrate-meta-layouts":"default","ast-page-background-enabled":"default","ast-page-background-meta":{"desktop":{"background-color":"var(--ast-global-color-4)","background-image":"","background-repeat":"repeat","background-position":"center center","background-size":"auto","background-attachment":"scroll","background-type":"","background-media":"","overlay-type":"","overlay-color":"","overlay-opacity":"","overlay-gradient":""},"tablet":{"background-color":"","background-image":"","background-repeat":"repeat","background-position":"center center","background-size":"auto","background-attachment":"scroll","background-type":"","background-media":"","overlay-type":"","overlay-color":"","overlay-opacity":"","overlay-gradient":""},"mobile":{"background-color":"","background-image":"","background-repeat":"repeat","background-position":"center center","background-size":"auto","background-attachment":"scroll","background-type":"","background-media":"","overlay-type":"","overlay-color":"","overlay-opacity":"","overlay-gradient":""}},"ast-content-background-meta":{"desktop":{"background-color":"var(--ast-global-color-5)","background-image":"","background-repeat":"repeat","background-position":"center center","background-size":"auto","background-attachment":"scroll","background-type":"","background-media":"","overlay-type":"","overlay-color":"","overlay-opacity":"","overlay-gradient":""},"tablet":{"background-color":"var(--ast-global-color-5)","background-image":"","background-repeat":"repeat","background-position":"center center","background-size":"auto","background-attachment":"scroll","background-type":"","background-media":"","overlay-type":"","overlay-color":"","overlay-opacity":"","overlay-gradient":""},"mobile":{"background-color":"var(--ast-global-color-5)","background-image":"","background-repeat":"repeat","background-position":"center center","background-size":"auto","background-attachment":"scroll","background-type":"","background-media":"","overlay-type":"","overlay-color":"","overlay-opacity":"","overlay-gradient":""}},"footnotes":""},"categories":[1,98,29,99],"tags":[278],"class_list":["post-2206","post","type-post","status-publish","format-standard","hentry","category-general","category-ei","category-portada","category-pri","tag-firadelaprenentatge"],"post_mailing_queue_ids":[],"_links":{"self":[{"href":"https:\/\/agora.xtec.cat\/escolastjordi\/wp-json\/wp\/v2\/posts\/2206","targetHints":{"allow":["GET"]}}],"collection":[{"href":"https:\/\/agora.xtec.cat\/escolastjordi\/wp-json\/wp\/v2\/posts"}],"about":[{"href":"https:\/\/agora.xtec.cat\/escolastjordi\/wp-json\/wp\/v2\/types\/post"}],"author":[{"embeddable":true,"href":"https:\/\/agora.xtec.cat\/escolastjordi\/wp-json\/wp\/v2\/users\/1"}],"replies":[{"embeddable":true,"href":"https:\/\/agora.xtec.cat\/escolastjordi\/wp-json\/wp\/v2\/comments?post=2206"}],"version-history":[{"count":1,"href":"https:\/\/agora.xtec.cat\/escolastjordi\/wp-json\/wp\/v2\/posts\/2206\/revisions"}],"predecessor-version":[{"id":2208,"href":"https:\/\/agora.xtec.cat\/escolastjordi\/wp-json\/wp\/v2\/posts\/2206\/revisions\/2208"}],"wp:attachment":[{"href":"https:\/\/agora.xtec.cat\/escolastjordi\/wp-json\/wp\/v2\/media?parent=2206"}],"wp:term":[{"taxonomy":"category","embeddable":true,"href":"https:\/\/agora.xtec.cat\/escolastjordi\/wp-json\/wp\/v2\/categories?post=2206"},{"taxonomy":"post_tag","embeddable":true,"href":"https:\/\/agora.xtec.cat\/escolastjordi\/wp-json\/wp\/v2\/tags?post=2206"}],"curies":[{"name":"wp","href":"https:\/\/api.w.org\/{rel}","templated":true}]}}