{"id":1925,"date":"2018-05-16T13:43:14","date_gmt":"2018-05-16T11:43:14","guid":{"rendered":"http:\/\/agora.xtec.cat\/escolastjordi\/?p=1925"},"modified":"2018-05-16T13:43:14","modified_gmt":"2018-05-16T11:43:14","slug":"sortegem-la-primera-cistella-ecologica-a-primaria","status":"publish","type":"post","link":"https:\/\/agora.xtec.cat\/escolastjordi\/general\/sortegem-la-primera-cistella-ecologica-a-primaria\/","title":{"rendered":"SORTEGEM LA PRIMERA CISTELLA ECOL\u00d2GICA A PRIM\u00c0RIA!"},"content":{"rendered":"<p>El divendres passat dia 11, els alumnes de 5\u00e8 del taller de l&#8217;hort vam sortejar la nostra primera cistella ecol\u00f2gica!<\/p>\n<p>A la cistella hi havia tres enciams diferents, un manat de cebes, un manat d&#8217;alls tendres, un de ravanets i una mica de menta. Tots els productes s\u00f3n del nostre hort ecol\u00f2gic.<\/p>\n<p>L&#8217;afortunada del sorteig va ser la X\u00e8nia de 1rB. Enhorabona!!!<\/p>\n<p><a href=\"http:\/\/agora.xtec.cat\/escolastjordi\/wp-content\/uploads\/usu3595\/2018\/05\/IMG-20180511-WA0005.jpg\"><img loading=\"lazy\" decoding=\"async\" class=\"aligncenter size-medium wp-image-1926\" src=\"http:\/\/agora.xtec.cat\/escolastjordi\/wp-content\/uploads\/usu3595\/2018\/05\/IMG-20180511-WA0005-300x225.jpg\" alt=\"\" width=\"300\" height=\"225\" srcset=\"https:\/\/agora.xtec.cat\/escolastjordi\/wp-content\/uploads\/usu3595\/2018\/05\/IMG-20180511-WA0005-300x225.jpg 300w, https:\/\/agora.xtec.cat\/escolastjordi\/wp-content\/uploads\/usu3595\/2018\/05\/IMG-20180511-WA0005-768x576.jpg 768w, https:\/\/agora.xtec.cat\/escolastjordi\/wp-content\/uploads\/usu3595\/2018\/05\/IMG-20180511-WA0005-1024x768.jpg 1024w, https:\/\/agora.xtec.cat\/escolastjordi\/wp-content\/uploads\/usu3595\/2018\/05\/IMG-20180511-WA0005-200x150.jpg 200w, https:\/\/agora.xtec.cat\/escolastjordi\/wp-content\/uploads\/usu3595\/2018\/05\/IMG-20180511-WA0005.jpg 1600w\" sizes=\"auto, (max-width: 300px) 100vw, 300px\" \/><\/a><\/p>\n","protected":false},"excerpt":{"rendered":"<p>El divendres passat dia 11, els alumnes de 5\u00e8 del taller de l&#8217;hort vam sortejar la nostra primera cistella ecol\u00f2gica! A la cistella hi havia tres enciams diferents, un manat de cebes, un manat d&#8217;alls tendres, un de ravanets i una mica de menta. Tots els productes s\u00f3n del nostre hort ecol\u00f2gic. L&#8217;afortunada del sorteig [&hellip;]<\/p>\n","protected":false},"author":1,"featured_media":0,"comment_status":"open","ping_status":"closed","sticky":false,"template":"","format":"standard","meta":{"_bbp_topic_count":0,"_bbp_reply_count":0,"_bbp_total_topic_count":0,"_bbp_total_reply_count":0,"_bbp_voice_count":0,"_bbp_anonymous_reply_count":0,"_bbp_topic_count_hidden":0,"_bbp_reply_count_hidden":0,"_bbp_forum_subforum_count":0,"site-sidebar-layout":"default","site-content-layout":"","ast-site-content-layout":"","site-content-style":"default","site-sidebar-style":"default","ast-global-header-display":"","ast-banner-title-visibility":"","ast-main-header-display":"","ast-hfb-above-header-display":"","ast-hfb-below-header-display":"","ast-hfb-mobile-header-display":"","site-post-title":"","ast-breadcrumbs-content":"","ast-featured-img":"","footer-sml-layout":"","theme-transparent-header-meta":"","adv-header-id-meta":"","stick-header-meta":"","header-above-stick-meta":"","header-main-stick-meta":"","header-below-stick-meta":"","astra-migrate-meta-layouts":"default","ast-page-background-enabled":"default","ast-page-background-meta":{"desktop":{"background-color":"var(--ast-global-color-4)","background-image":"","background-repeat":"repeat","background-position":"center center","background-size":"auto","background-attachment":"scroll","background-type":"","background-media":"","overlay-type":"","overlay-color":"","overlay-opacity":"","overlay-gradient":""},"tablet":{"background-color":"","background-image":"","background-repeat":"repeat","background-position":"center center","background-size":"auto","background-attachment":"scroll","background-type":"","background-media":"","overlay-type":"","overlay-color":"","overlay-opacity":"","overlay-gradient":""},"mobile":{"background-color":"","background-image":"","background-repeat":"repeat","background-position":"center center","background-size":"auto","background-attachment":"scroll","background-type":"","background-media":"","overlay-type":"","overlay-color":"","overlay-opacity":"","overlay-gradient":""}},"ast-content-background-meta":{"desktop":{"background-color":"var(--ast-global-color-5)","background-image":"","background-repeat":"repeat","background-position":"center center","background-size":"auto","background-attachment":"scroll","background-type":"","background-media":"","overlay-type":"","overlay-color":"","overlay-opacity":"","overlay-gradient":""},"tablet":{"background-color":"var(--ast-global-color-5)","background-image":"","background-repeat":"repeat","background-position":"center center","background-size":"auto","background-attachment":"scroll","background-type":"","background-media":"","overlay-type":"","overlay-color":"","overlay-opacity":"","overlay-gradient":""},"mobile":{"background-color":"var(--ast-global-color-5)","background-image":"","background-repeat":"repeat","background-position":"center center","background-size":"auto","background-attachment":"scroll","background-type":"","background-media":"","overlay-type":"","overlay-color":"","overlay-opacity":"","overlay-gradient":""}},"footnotes":""},"categories":[1,29,99],"tags":[246],"class_list":["post-1925","post","type-post","status-publish","format-standard","hentry","category-general","category-portada","category-pri","tag-hortecologic-5e-cistellaecologica-sorteig"],"post_mailing_queue_ids":[],"_links":{"self":[{"href":"https:\/\/agora.xtec.cat\/escolastjordi\/wp-json\/wp\/v2\/posts\/1925","targetHints":{"allow":["GET"]}}],"collection":[{"href":"https:\/\/agora.xtec.cat\/escolastjordi\/wp-json\/wp\/v2\/posts"}],"about":[{"href":"https:\/\/agora.xtec.cat\/escolastjordi\/wp-json\/wp\/v2\/types\/post"}],"author":[{"embeddable":true,"href":"https:\/\/agora.xtec.cat\/escolastjordi\/wp-json\/wp\/v2\/users\/1"}],"replies":[{"embeddable":true,"href":"https:\/\/agora.xtec.cat\/escolastjordi\/wp-json\/wp\/v2\/comments?post=1925"}],"version-history":[{"count":1,"href":"https:\/\/agora.xtec.cat\/escolastjordi\/wp-json\/wp\/v2\/posts\/1925\/revisions"}],"predecessor-version":[{"id":1927,"href":"https:\/\/agora.xtec.cat\/escolastjordi\/wp-json\/wp\/v2\/posts\/1925\/revisions\/1927"}],"wp:attachment":[{"href":"https:\/\/agora.xtec.cat\/escolastjordi\/wp-json\/wp\/v2\/media?parent=1925"}],"wp:term":[{"taxonomy":"category","embeddable":true,"href":"https:\/\/agora.xtec.cat\/escolastjordi\/wp-json\/wp\/v2\/categories?post=1925"},{"taxonomy":"post_tag","embeddable":true,"href":"https:\/\/agora.xtec.cat\/escolastjordi\/wp-json\/wp\/v2\/tags?post=1925"}],"curies":[{"name":"wp","href":"https:\/\/api.w.org\/{rel}","templated":true}]}}