{"id":1830,"date":"2018-04-11T09:24:27","date_gmt":"2018-04-11T07:24:27","guid":{"rendered":"http:\/\/agora.xtec.cat\/escolastjordi\/?p=1830"},"modified":"2018-04-11T09:24:27","modified_gmt":"2018-04-11T07:24:27","slug":"els-de-6e-de-primaria-participen-en-la-cantania","status":"publish","type":"post","link":"https:\/\/agora.xtec.cat\/escolastjordi\/general\/els-de-6e-de-primaria-participen-en-la-cantania\/","title":{"rendered":"ELS DE 6\u00e8 DE PRIM\u00c0RIA PARTICIPEN EN LA CANT\u00c0NIA"},"content":{"rendered":"<p>El 16 de mar\u00e7 els alumnes de 6\u00e8 vam preparar manualitats per la Cant\u00e0nia d&#8217;aquest any.<\/p>\n<p>La Cant\u00e0nia \u00e9s un projecte del Servei Educatiu de l&#8217;Auditori de Barcelona, que a Manresa, s&#8217;organitza conjuntament amb el Servei Educatiu del Teatre Kursaal.<\/p>\n<p>Cada curs, l&#8217;Auditori estrena una nova cantata, per a 9 instrumentistes i cor, signada per prestigiosos m\u00fasics i lletristes catalans. En aquesta edici\u00f3 la cantata ser\u00e0\u00a0<strong>&#8220;Part\u00edcules&#8221;<\/strong>\u00a0amb composici\u00f3 musical \u00a0de Llu\u00eds Vidal i amb el text de Sergi Belbel.<\/p>\n<p>El projecte acaba amb\u00a0<strong>un concert a la Sala Gran del Kursaal<\/strong>, on participen de forma conjunta totes les escoles inscrites, acompanyades en directe de m\u00fasics i actors professionals. L&#8217;activitat va\u00a0adre\u00e7ada a alumnes de\u00a0<strong>Cicle Superior de Prim\u00e0ria\u00a0<\/strong>de les escoles del Bages, Bergued\u00e0 i Solson\u00e8s. La nostra escola hi participar\u00e0 amb els alumnes de 6\u00e8 de prim\u00e0ria el proper 22 de maig a les 9 del vespre.<\/p>\n<p>Si voleu veure les manualitats que vam preparar els alumnes de 6\u00e8, cliqueu aqu\u00ed:<\/p>\n<p><a href=\"https:\/\/drive.google.com\/file\/d\/1tRpPbsN4_rrFIRVLtNipz3XNsSbgz3Fr\/view?usp=sharing\">https:\/\/drive.google.com\/file\/d\/1tRpPbsN4_rrFIRVLtNipz3XNsSbgz3Fr\/view?usp=sharing<\/a><\/p>\n<p>&nbsp;<\/p>\n","protected":false},"excerpt":{"rendered":"<p>El 16 de mar\u00e7 els alumnes de 6\u00e8 vam preparar manualitats per la Cant\u00e0nia d&#8217;aquest any. La Cant\u00e0nia \u00e9s un projecte del Servei Educatiu de l&#8217;Auditori de Barcelona, que a Manresa, s&#8217;organitza conjuntament amb el Servei Educatiu del Teatre Kursaal. Cada curs, l&#8217;Auditori estrena una nova cantata, per a 9 instrumentistes i cor, signada per [&hellip;]<\/p>\n","protected":false},"author":1,"featured_media":0,"comment_status":"open","ping_status":"closed","sticky":false,"template":"","format":"standard","meta":{"_bbp_topic_count":0,"_bbp_reply_count":0,"_bbp_total_topic_count":0,"_bbp_total_reply_count":0,"_bbp_voice_count":0,"_bbp_anonymous_reply_count":0,"_bbp_topic_count_hidden":0,"_bbp_reply_count_hidden":0,"_bbp_forum_subforum_count":0,"site-sidebar-layout":"default","site-content-layout":"","ast-site-content-layout":"","site-content-style":"default","site-sidebar-style":"default","ast-global-header-display":"","ast-banner-title-visibility":"","ast-main-header-display":"","ast-hfb-above-header-display":"","ast-hfb-below-header-display":"","ast-hfb-mobile-header-display":"","site-post-title":"","ast-breadcrumbs-content":"","ast-featured-img":"","footer-sml-layout":"","theme-transparent-header-meta":"","adv-header-id-meta":"","stick-header-meta":"","header-above-stick-meta":"","header-main-stick-meta":"","header-below-stick-meta":"","astra-migrate-meta-layouts":"default","ast-page-background-enabled":"default","ast-page-background-meta":{"desktop":{"background-color":"var(--ast-global-color-4)","background-image":"","background-repeat":"repeat","background-position":"center center","background-size":"auto","background-attachment":"scroll","background-type":"","background-media":"","overlay-type":"","overlay-color":"","overlay-opacity":"","overlay-gradient":""},"tablet":{"background-color":"","background-image":"","background-repeat":"repeat","background-position":"center center","background-size":"auto","background-attachment":"scroll","background-type":"","background-media":"","overlay-type":"","overlay-color":"","overlay-opacity":"","overlay-gradient":""},"mobile":{"background-color":"","background-image":"","background-repeat":"repeat","background-position":"center center","background-size":"auto","background-attachment":"scroll","background-type":"","background-media":"","overlay-type":"","overlay-color":"","overlay-opacity":"","overlay-gradient":""}},"ast-content-background-meta":{"desktop":{"background-color":"var(--ast-global-color-5)","background-image":"","background-repeat":"repeat","background-position":"center center","background-size":"auto","background-attachment":"scroll","background-type":"","background-media":"","overlay-type":"","overlay-color":"","overlay-opacity":"","overlay-gradient":""},"tablet":{"background-color":"var(--ast-global-color-5)","background-image":"","background-repeat":"repeat","background-position":"center center","background-size":"auto","background-attachment":"scroll","background-type":"","background-media":"","overlay-type":"","overlay-color":"","overlay-opacity":"","overlay-gradient":""},"mobile":{"background-color":"var(--ast-global-color-5)","background-image":"","background-repeat":"repeat","background-position":"center center","background-size":"auto","background-attachment":"scroll","background-type":"","background-media":"","overlay-type":"","overlay-color":"","overlay-opacity":"","overlay-gradient":""}},"footnotes":""},"categories":[1,29],"tags":[217,218],"class_list":["post-1830","post","type-post","status-publish","format-standard","hentry","category-general","category-portada","tag-cantania-6eprimaria-manualitats","tag-cantania2018"],"post_mailing_queue_ids":[],"_links":{"self":[{"href":"https:\/\/agora.xtec.cat\/escolastjordi\/wp-json\/wp\/v2\/posts\/1830","targetHints":{"allow":["GET"]}}],"collection":[{"href":"https:\/\/agora.xtec.cat\/escolastjordi\/wp-json\/wp\/v2\/posts"}],"about":[{"href":"https:\/\/agora.xtec.cat\/escolastjordi\/wp-json\/wp\/v2\/types\/post"}],"author":[{"embeddable":true,"href":"https:\/\/agora.xtec.cat\/escolastjordi\/wp-json\/wp\/v2\/users\/1"}],"replies":[{"embeddable":true,"href":"https:\/\/agora.xtec.cat\/escolastjordi\/wp-json\/wp\/v2\/comments?post=1830"}],"version-history":[{"count":1,"href":"https:\/\/agora.xtec.cat\/escolastjordi\/wp-json\/wp\/v2\/posts\/1830\/revisions"}],"predecessor-version":[{"id":1831,"href":"https:\/\/agora.xtec.cat\/escolastjordi\/wp-json\/wp\/v2\/posts\/1830\/revisions\/1831"}],"wp:attachment":[{"href":"https:\/\/agora.xtec.cat\/escolastjordi\/wp-json\/wp\/v2\/media?parent=1830"}],"wp:term":[{"taxonomy":"category","embeddable":true,"href":"https:\/\/agora.xtec.cat\/escolastjordi\/wp-json\/wp\/v2\/categories?post=1830"},{"taxonomy":"post_tag","embeddable":true,"href":"https:\/\/agora.xtec.cat\/escolastjordi\/wp-json\/wp\/v2\/tags?post=1830"}],"curies":[{"name":"wp","href":"https:\/\/api.w.org\/{rel}","templated":true}]}}